{"id":122733,"date":"2007-09-26T18:36:34","date_gmt":"2007-09-26T18:36:34","guid":{"rendered":"http:\/\/diariodominicano.ddns.net\/?p=122733"},"modified":"2007-09-26T18:36:34","modified_gmt":"2007-09-26T18:36:34","slug":"abreu-collado-llama-a-productores-a-instalar-invernaderos-con-recursos-del-bagricola","status":"publish","type":"post","link":"https:\/\/diariodominicano.com\/?p=122733","title":{"rendered":"Abreu Collado llama a productores a instalar invernaderos con recursos del Bagr\u00edcola"},"content":{"rendered":"<p><body><\/p>\n<p align=\"justify\" class=\"titulogrande1\">Abreu Collado  llama a productores a instalar invernaderos con recursos del Bagr\u00edcola<\/p>\n<p>&#13;<\/p>\n<p><strong>Banco Agr\u00edcola prest\u00f3 para invernaderos $260  millones <\/strong><\/p>\n<p>&#13;<\/p>\n<p align=\"justify\" class=\"text1noticias\"><strong><img loading=\"lazy\" decoding=\"async\" src=\"http:\/\/localhost:8080\/economia\/pictures\/paino abreu y.jpg\" width=\"269\" height=\"180\" hspace=\"4\" align=\"left\" \/>SANTO DOMINGO.-<\/strong> El administrador del Banco Agr\u00edcola, Pa\u00edno Abreu  Collado, garantiz\u00f3 los financiamientos que requieran los propietarios de  invernaderos y personas interesadas en instalar nuevos centros de producci\u00f3n  bajo ambiente controlado. <\/p>\n<p>&#13;<\/p>\n<p align=\"justify\" class=\"text1noticias\">Dijo que la producci\u00f3n bajo ambiente controlado es en gran parte  la agricultura del futuro por la gran demanda que est\u00e1 teniendo en Estados  Unidos, lo que coloca al pa\u00eds por su cercan\u00eda con la gran naci\u00f3n del norte, en  una posici\u00f3n envidiable frente a las dem\u00e1s naciones de la regi\u00f3n. <\/p>\n<p>&#13;<\/p>\n<p align=\"justify\" class=\"text1noticias\">Inform\u00f3 que en la actualidad operan en el pa\u00eds 136 invernaderos,  los cuales han recibido financiamientos del Banco Agr\u00edcola por un monto de 260  millones de pesos. <br \/>&#13;<br \/>\n  <br \/>&#13;<br \/>\nAgreg\u00f3 que existen otros que est\u00e1n en proceso de instalaci\u00f3n  con recursos de la instituci\u00f3n. <\/p>\n<p>&#13;<\/p>\n<p align=\"justify\" class=\"text1noticias\">Abreu Collado expuso durante una reuni\u00f3n realizada en el sal\u00f3n de  sesiones del Bagr\u00edcola, con ejecutivos de las empresas que exportan la  producci\u00f3n de los invernaderos, funcionarios y t\u00e9cnicos del Programa de  Mercadeo de Frigor\u00edficos e Invernaderos\u00a0  (Promefrin), encabezado por su director, ingeniero Eusebio Guzm\u00e1n, y los  gerentes de las sucursales del Banco Agr\u00edcola en Moca, La Vega, Constanza y Ocoa,  regiones donde operan los invernaderos que financia la instituci\u00f3n. <\/p>\n<p>&#13;<\/p>\n<p align=\"justify\" class=\"text1noticias\">Abog\u00f3 por una mayor eficiencia de los invernaderos para que puedan  aprovechar el mercado norteamericano con las ventajas que ofrece el Tratado de  Libre de Comercio con Estados Unidos y Centroam\u00e9rica (DR-CAFTA). <\/p>\n<p>&#13;<\/p>\n<p align=\"justify\" class=\"text1noticias\">Afirm\u00f3 que los propietarios de invernaderos que deseen ampliar sus  estructuras pueden solicitar financiamientos en cualquier sucursal del Banco  Agr\u00edcola, y expres\u00f3 que la instituci\u00f3n est\u00e1 preparada para prestar recursos a  todos los interesados en producir bajo el sistema de ambiente controlado. <br \/>&#13;<br \/>\n  \u00a0 <br \/>&#13;<br \/>\n  El administrador del Banco Agr\u00edcola dijo que actualmente los  invernaderos est\u00e1n exportando hacia el mercado norteamericano entre 70 y 80  toneladas anuales de pepino, tomate y aj\u00ed, pero la demanda en ese nicho supera  en 10 veces la producci\u00f3n. <\/p>\n<p>&#13;<\/p>\n<p align=\"justify\" class=\"text1noticias\">Asegur\u00f3 que los productores deben aprovechar los recursos que est\u00e1  ofertando el Banco Agr\u00edcola a una tasa de inter\u00e9s blanda para instalar  invernaderos porque la producci\u00f3n tiene un mercado asegurado y la\u00a0 tecnolog\u00eda est\u00e1 disponible. <\/p>\n<p>&#13;<\/p>\n<div align=\"justify\" class=\"text1noticias\">Dijo \u00a0que la  producci\u00f3n bajo ambiente controlado garantiza que el producto cumpla con los  est\u00e1ndares de calidad e inocuidad alimentaria que exigen los mercados  internacionales.<\/div>\n<p>&#13;<\/p>\n<h6> 2007-09-26 18:36:34 <\/h6>\n<p><!--\n<link rel=\"stylesheet\" href=\"css\/bootstrap.min.css\">\n\n\n<ul class=\"pagination\">\n\t    \n\t\n\n<li >\n\t<a href='?page_no=28612'>Previous<\/a>\n\t<\/li>\n\n\n       \n    \n\n<li><a href='?page_no=1'>1<\/a><\/li>\n\n\n\n<li><a href='?page_no=2'>2<\/a><\/li>\n\n\n\n<li><a>...<\/a><\/li>\n\n\n\n<li><a href='?page_no=28611'>28611<\/a><\/li>\n\n\n\n<li><a href='?page_no=28612'>28612<\/a><\/li>\n\n\n\n<li class='active'><a>28613<\/a><\/li>\n\n\n\n<li><a href='?page_no=28614'>28614<\/a><\/li>\n\n\n\n<li><a href='?page_no=28615'>28615<\/a><\/li>\n\n\n\n<li><a>...<\/a><\/li>\n\n\n\n<li><a href='?page_no=30472'>30472<\/a><\/li>\n\n\n\n<li><a href='?page_no=30473'>30473<\/a><\/li>\n\n    \n\t\n\n<li >\n\t<a href='?page_no=28614'>Next<\/a>\n\t<\/li>\n\n\n    \n\n<li><a href='?page_no=30473'>Last &rsaquo;&rsaquo;<\/a><\/li>\n\n<\/ul>\n\n\n--><br \/>\n<\/body><\/p>\n","protected":false},"excerpt":{"rendered":"<p>Abreu Collado llama a productores a instalar invernaderos con recursos del Bagr\u00edcola &#13; Banco Agr\u00edcola prest\u00f3 para invernaderos $260 millones &#13; SANTO DOMINGO.- El administrador del Banco Agr\u00edcola, Pa\u00edno Abreu Collado, garantiz\u00f3 los financiamientos que requieran los propietarios de invernaderos y personas interesadas en instalar nuevos centros de producci\u00f3n bajo ambiente controlado. &#13; Dijo que [&hellip;]<\/p>\n","protected":false},"author":3,"featured_media":0,"comment_status":"open","ping_status":"open","sticky":false,"template":"","format":"standard","meta":{"footnotes":""},"categories":[18],"tags":[],"class_list":["post-122733","post","type-post","status-publish","format-standard","hentry","category-economia"],"_links":{"self":[{"href":"https:\/\/diariodominicano.com\/index.php?rest_route=\/wp\/v2\/posts\/122733","targetHints":{"allow":["GET"]}}],"collection":[{"href":"https:\/\/diariodominicano.com\/index.php?rest_route=\/wp\/v2\/posts"}],"about":[{"href":"https:\/\/diariodominicano.com\/index.php?rest_route=\/wp\/v2\/types\/post"}],"author":[{"embeddable":true,"href":"https:\/\/diariodominicano.com\/index.php?rest_route=\/wp\/v2\/users\/3"}],"replies":[{"embeddable":true,"href":"https:\/\/diariodominicano.com\/index.php?rest_route=%2Fwp%2Fv2%2Fcomments&post=122733"}],"version-history":[{"count":0,"href":"https:\/\/diariodominicano.com\/index.php?rest_route=\/wp\/v2\/posts\/122733\/revisions"}],"wp:attachment":[{"href":"https:\/\/diariodominicano.com\/index.php?rest_route=%2Fwp%2Fv2%2Fmedia&parent=122733"}],"wp:term":[{"taxonomy":"category","embeddable":true,"href":"https:\/\/diariodominicano.com\/index.php?rest_route=%2Fwp%2Fv2%2Fcategories&post=122733"},{"taxonomy":"post_tag","embeddable":true,"href":"https:\/\/diariodominicano.com\/index.php?rest_route=%2Fwp%2Fv2%2Ftags&post=122733"}],"curies":[{"name":"wp","href":"https:\/\/api.w.org\/{rel}","templated":true}]}}