{"id":122729,"date":"2007-09-28T19:51:50","date_gmt":"2007-09-28T19:51:50","guid":{"rendered":"http:\/\/diariodominicano.ddns.net\/?p=122729"},"modified":"2007-09-28T19:51:50","modified_gmt":"2007-09-28T19:51:50","slug":"argentina-y-republica-dominicana-anuncian-la-firma-de-un-convenio-de-cooperacion-interinstucional","status":"publish","type":"post","link":"https:\/\/diariodominicano.com\/?p=122729","title":{"rendered":"Argentina y Rep\u00fablica Dominicana anuncian la firma de un convenio de cooperaci\u00f3n interinstucional"},"content":{"rendered":"<p><body><\/p>\n<p align=\"justify\" class=\"titulogrande1\">Argentina y  Rep\u00fablica Dominicana anuncian la firma de un convenio de cooperaci\u00f3n  interinstucional<\/p>\n<p>&#13;<\/p>\n<p align=\"justify\" class=\"text1noticias\"><strong><img loading=\"lazy\" decoding=\"async\" src=\"http:\/\/localhost:8080\/economia\/pictures\/temistocles firma.jpg\" width=\"269\" height=\"180\" hspace=\"4\" align=\"left\" \/>BUENOS AIRES.-<\/strong> Argentina  y Rep\u00fablica Dominicana anunciaron este viernes la firma de un convenio de  cooperaci\u00f3n interinstucional entre sus respectivos ministerios de econom\u00eda para  mejorar sus sistemas de gesti\u00f3n y planificaci\u00f3n con miras al dise\u00f1o de pol\u00edticas  de desarrollo integral.<\/p>\n<p>&#13;<\/p>\n<p align=\"justify\" class=\"text1noticias\">El convenio fue  suscrito el jueves en Buenos Aires por el Secretario Legal y Administrativo del  Ministerio de Econom\u00eda y Producci\u00f3n de Argentina, Eduardo Prina y el Secretario  de Econom\u00eda, Planificaci\u00f3n y Desarrollo de Republica Dominicana, Temistocles  Mont\u00e1s.<\/p>\n<p>&#13;<\/p>\n<p align=\"justify\" class=\"text1noticias\">El convenio, que  tendr\u00e1 una duraci\u00f3n de cuatro a\u00f1os, compromete a ambas carteras en el dise\u00f1o de  sistemas de gesti\u00f3n y procedimientos administrativos, calidad de servicios,  creaci\u00f3n y puesta en funcionamiento de unidades operativas, atenci\u00f3n al  p\u00fablico, tecnolog\u00eda de la informaci\u00f3n y capacitaci\u00f3n de sus recursos humanos.<\/p>\n<p>&#13;<\/p>\n<p align=\"justify\" class=\"text1noticias\">Estas iniciativas  se implementar\u00e1n bajo criterios de igualdad, beneficios mutuos y reciprocidad,  explic\u00f3 el Secretario Mont\u00e1s tras la firma del convenio.<\/p>\n<p>&#13;<\/p>\n<p align=\"justify\" class=\"text1noticias\">Ambos ministerios promover\u00e1n  el intercambio de cooperaci\u00f3n relativos a los temas citados, as\u00ed como en lo que  respecta al dise\u00f1o de estrategias, metodolog\u00eda e instrumentos para su  aplicaci\u00f3n, indica el convenio suscrito entre las partes.<\/p>\n<p>&#13;<\/p>\n<p align=\"justify\" class=\"text1noticias\">Mont\u00e1s, quien  estuvo en Buenos Aires cumpliendo actividades oficiales propias de sus  funciones, explic\u00f3 que en el convenio ambas partes designan un coordinador,  quienes se encargar\u00e1n de decidir respecto a las tareas, obligaciones, arreglos  materiales, financieros y dem\u00e1s asuntos para la materializaci\u00f3n del acuerdo.<\/p>\n<p>&#13;<\/p>\n<p align=\"justify\" class=\"text1noticias\">Eduardo Prina, Secretaria  Legeal y Administrativo del Ministerio de Econom\u00eda y Producci\u00f3n ser\u00e1 el  coordinador por la parte de Argentina y Temistocles Montas, Secretario de Econom\u00eda,  Planificaci\u00f3n y Desarrollo ostentara iguales funciones en representaci\u00f3n de la Rep\u00fablica Dominicana.<br \/>&#13;<br \/>\n  <br \/>&#13;<br \/>\n  El convenio entr\u00f3  en vigencia una vez fue suscrito por las partes y podr\u00e1 ser prorrogable al  termino de cada per\u00edodo de cuatro a\u00f1os, se establece.<\/p>\n<p>&#13;<\/p>\n<p align=\"justify\" class=\"text1noticias\">Previo a su visita  a Buenos Aires, Argentina, el ingeniero Mont\u00e1s estuvo en Lima, Per\u00fa, donde  particip\u00f3 en un seminario regional sobre \u201cPol\u00edticas Macroecon\u00f3micas y Equidad  Social\u201d,\u00a0 con la participaci\u00f3n de las  m\u00e1ximas autoridades del Fondo Monetario Internacional, la Comisi\u00f3n Econ\u00f3mica  para Am\u00e9rica Latina (CEPAL), el Banco Mundial y el Banco Interamericano de  Desarrollo (BID), ministros de econom\u00edas y gobernadores de Bancos Centrales de  Am\u00e9rica Latina y el Caribe.<\/p>\n<p>&#13;<\/p>\n<h6> 2007-09-28 19:51:50 <\/h6>\n<p><!--\n<link rel=\"stylesheet\" href=\"css\/bootstrap.min.css\">\n\n\n<ul class=\"pagination\">\n\t    \n\t\n\n<li >\n\t<a href='?page_no=28608'>Previous<\/a>\n\t<\/li>\n\n\n       \n    \n\n<li><a href='?page_no=1'>1<\/a><\/li>\n\n\n\n<li><a href='?page_no=2'>2<\/a><\/li>\n\n\n\n<li><a>...<\/a><\/li>\n\n\n\n<li><a href='?page_no=28607'>28607<\/a><\/li>\n\n\n\n<li><a href='?page_no=28608'>28608<\/a><\/li>\n\n\n\n<li class='active'><a>28609<\/a><\/li>\n\n\n\n<li><a href='?page_no=28610'>28610<\/a><\/li>\n\n\n\n<li><a href='?page_no=28611'>28611<\/a><\/li>\n\n\n\n<li><a>...<\/a><\/li>\n\n\n\n<li><a href='?page_no=30472'>30472<\/a><\/li>\n\n\n\n<li><a href='?page_no=30473'>30473<\/a><\/li>\n\n    \n\t\n\n<li >\n\t<a href='?page_no=28610'>Next<\/a>\n\t<\/li>\n\n\n    \n\n<li><a href='?page_no=30473'>Last &rsaquo;&rsaquo;<\/a><\/li>\n\n<\/ul>\n\n\n--><br \/>\n<\/body><\/p>\n","protected":false},"excerpt":{"rendered":"<p>Argentina y Rep\u00fablica Dominicana anuncian la firma de un convenio de cooperaci\u00f3n interinstucional &#13; BUENOS AIRES.- Argentina y Rep\u00fablica Dominicana anunciaron este viernes la firma de un convenio de cooperaci\u00f3n interinstucional entre sus respectivos ministerios de econom\u00eda para mejorar sus sistemas de gesti\u00f3n y planificaci\u00f3n con miras al dise\u00f1o de pol\u00edticas de desarrollo integral. &#13; [&hellip;]<\/p>\n","protected":false},"author":3,"featured_media":0,"comment_status":"open","ping_status":"open","sticky":false,"template":"","format":"standard","meta":{"footnotes":""},"categories":[18],"tags":[],"class_list":["post-122729","post","type-post","status-publish","format-standard","hentry","category-economia"],"_links":{"self":[{"href":"https:\/\/diariodominicano.com\/index.php?rest_route=\/wp\/v2\/posts\/122729","targetHints":{"allow":["GET"]}}],"collection":[{"href":"https:\/\/diariodominicano.com\/index.php?rest_route=\/wp\/v2\/posts"}],"about":[{"href":"https:\/\/diariodominicano.com\/index.php?rest_route=\/wp\/v2\/types\/post"}],"author":[{"embeddable":true,"href":"https:\/\/diariodominicano.com\/index.php?rest_route=\/wp\/v2\/users\/3"}],"replies":[{"embeddable":true,"href":"https:\/\/diariodominicano.com\/index.php?rest_route=%2Fwp%2Fv2%2Fcomments&post=122729"}],"version-history":[{"count":0,"href":"https:\/\/diariodominicano.com\/index.php?rest_route=\/wp\/v2\/posts\/122729\/revisions"}],"wp:attachment":[{"href":"https:\/\/diariodominicano.com\/index.php?rest_route=%2Fwp%2Fv2%2Fmedia&parent=122729"}],"wp:term":[{"taxonomy":"category","embeddable":true,"href":"https:\/\/diariodominicano.com\/index.php?rest_route=%2Fwp%2Fv2%2Fcategories&post=122729"},{"taxonomy":"post_tag","embeddable":true,"href":"https:\/\/diariodominicano.com\/index.php?rest_route=%2Fwp%2Fv2%2Ftags&post=122729"}],"curies":[{"name":"wp","href":"https:\/\/api.w.org\/{rel}","templated":true}]}}