{"id":122728,"date":"2007-09-28T23:40:55","date_gmt":"2007-09-28T23:40:55","guid":{"rendered":"http:\/\/diariodominicano.ddns.net\/?p=122728"},"modified":"2007-09-28T23:40:55","modified_gmt":"2007-09-28T23:40:55","slug":"paises-del-grupo-rio-y-canada-acuerdan-impulsar-inversion-y-turismo","status":"publish","type":"post","link":"https:\/\/diariodominicano.com\/?p=122728","title":{"rendered":"Pa\u00edses del Grupo R\u00edo y Canad\u00e1 acuerdan impulsar inversi\u00f3n y turismo"},"content":{"rendered":"<p><body><\/p>\n<p align=\"justify\" class=\"titulogrande1\">Pa\u00edses del Grupo  R\u00edo y Canad\u00e1 acuerdan impulsar inversi\u00f3n y turismo <\/p>\n<p>&#13;<\/p>\n<p align=\"justify\" class=\"text1noticias\"><strong><img loading=\"lazy\" decoding=\"async\" src=\"http:\/\/localhost:8080\/economia\/pictures\/carlos morales y rio.jpg\" width=\"269\" height=\"207\" hspace=\"4\" align=\"left\" \/>NUEVA  YORK.-<\/strong> El libre comercio es una forma de respetar los derechos humanos y  permite a las personas crecer y generar riquezas, dijo el Ministro de  Relaciones Exteriores de Canad\u00e1, Maxime Bernier, durante la reuni\u00f3n de ese pa\u00eds  con el Grupo de R\u00edo, celebrada en el marco de la 62 Asamblea General de las  Naciones Unidas, en Nueva York.\u00a0\u00a0 <br \/>&#13;<br \/>\n  <br \/>&#13;<br \/>\n  \u00abLo  que tienen que hacer los estados es centrar su participaci\u00f3n en facilitar los  procesos y por eso Canad\u00e1 saluda la inversi\u00f3n extranjera y la que los pa\u00edses de  grupo de R\u00edo quieren recibir, en el marco de la cooperaci\u00f3n respeto y  solidaridad\u00bb, agreg\u00f3 el ministro. <br \/>&#13;<br \/>\n  <br \/>&#13;<br \/>\n  Durante la reuni\u00f3n que estuvo conducida  por el secretario de Estado de Relaciones Exteriores, ingeniero Carlos Morales  Troncoso en su calidad de presidente pro-t\u00e9mpore del Grupo de R\u00edo, ambas partes  acordaron continuar afianzando los lazos de cooperaci\u00f3n y fortalecimiento del  multilateralismo para la consecuci\u00f3n de estos objetivos comunes en la  consolidaci\u00f3n de las democracias. <br \/>&#13;<br \/>\n  <br \/>&#13;<br \/>\n  En el encuentro, se puso de relieve como  muestra del apoyo y la solidaridad de Canad\u00e1 con los pa\u00edses de Am\u00e9rica Latina  que en el 2006 invirti\u00f3 US$ 100 mil millones en sus relaciones comerciales en  esa regi\u00f3n, permitiendo que compa\u00f1\u00edas privadas canadienses creen plazas de  trabajo y mejoren las condiciones de vida de la gente. Igualmente, se ponder\u00f3  el creciente flujo tur\u00edstico y se abord\u00f3 la necesidad del establecimiento de  estrategias para impulsar su desarrollo. <br \/>&#13;<br \/>\n  <br \/>&#13;<br \/>\n  Morales Troncoso asegur\u00f3 que en este  encuentro se resalt\u00f3 el importante papel que juega en el fortalecimiento de la  democracia, la lucha contra la pobreza y la extrema pobreza. \u00abEsta lucha  es una necesidad global, objetiva y urgente, a fin de atender las necesidades  de la dignidad humana y fortalecer la democracia\u00bb. <br \/>&#13;<br \/>\n  <br \/>&#13;<br \/>\n  En lo relativo al tema haitiano, Canad\u00e1  manifest\u00f3 su compromiso a largo plazo de apoyar en el fortalecimiento de la paz  y de la democracia. En ese sentido se reiter\u00f3 la necesidad de ampliar la MINUSTAH,\u00a0\u00a0 a fin de  trabajar en proyectos de desarrollo. <\/p>\n<p>&#13;<\/p>\n<h6> 2007-09-28 23:40:55 <\/h6>\n<p><!--\n<link rel=\"stylesheet\" href=\"css\/bootstrap.min.css\">\n\n\n<ul class=\"pagination\">\n\t    \n\t\n\n<li >\n\t<a href='?page_no=28607'>Previous<\/a>\n\t<\/li>\n\n\n       \n    \n\n<li><a href='?page_no=1'>1<\/a><\/li>\n\n\n\n<li><a href='?page_no=2'>2<\/a><\/li>\n\n\n\n<li><a>...<\/a><\/li>\n\n\n\n<li><a href='?page_no=28606'>28606<\/a><\/li>\n\n\n\n<li><a href='?page_no=28607'>28607<\/a><\/li>\n\n\n\n<li class='active'><a>28608<\/a><\/li>\n\n\n\n<li><a href='?page_no=28609'>28609<\/a><\/li>\n\n\n\n<li><a href='?page_no=28610'>28610<\/a><\/li>\n\n\n\n<li><a>...<\/a><\/li>\n\n\n\n<li><a href='?page_no=30472'>30472<\/a><\/li>\n\n\n\n<li><a href='?page_no=30473'>30473<\/a><\/li>\n\n    \n\t\n\n<li >\n\t<a href='?page_no=28609'>Next<\/a>\n\t<\/li>\n\n\n    \n\n<li><a href='?page_no=30473'>Last &rsaquo;&rsaquo;<\/a><\/li>\n\n<\/ul>\n\n\n--><br \/>\n<\/body><\/p>\n","protected":false},"excerpt":{"rendered":"<p>Pa\u00edses del Grupo R\u00edo y Canad\u00e1 acuerdan impulsar inversi\u00f3n y turismo &#13; NUEVA YORK.- El libre comercio es una forma de respetar los derechos humanos y permite a las personas crecer y generar riquezas, dijo el Ministro de Relaciones Exteriores de Canad\u00e1, Maxime Bernier, durante la reuni\u00f3n de ese pa\u00eds con el Grupo de R\u00edo, [&hellip;]<\/p>\n","protected":false},"author":3,"featured_media":0,"comment_status":"open","ping_status":"open","sticky":false,"template":"","format":"standard","meta":{"footnotes":""},"categories":[18],"tags":[],"class_list":["post-122728","post","type-post","status-publish","format-standard","hentry","category-economia"],"_links":{"self":[{"href":"https:\/\/diariodominicano.com\/index.php?rest_route=\/wp\/v2\/posts\/122728","targetHints":{"allow":["GET"]}}],"collection":[{"href":"https:\/\/diariodominicano.com\/index.php?rest_route=\/wp\/v2\/posts"}],"about":[{"href":"https:\/\/diariodominicano.com\/index.php?rest_route=\/wp\/v2\/types\/post"}],"author":[{"embeddable":true,"href":"https:\/\/diariodominicano.com\/index.php?rest_route=\/wp\/v2\/users\/3"}],"replies":[{"embeddable":true,"href":"https:\/\/diariodominicano.com\/index.php?rest_route=%2Fwp%2Fv2%2Fcomments&post=122728"}],"version-history":[{"count":0,"href":"https:\/\/diariodominicano.com\/index.php?rest_route=\/wp\/v2\/posts\/122728\/revisions"}],"wp:attachment":[{"href":"https:\/\/diariodominicano.com\/index.php?rest_route=%2Fwp%2Fv2%2Fmedia&parent=122728"}],"wp:term":[{"taxonomy":"category","embeddable":true,"href":"https:\/\/diariodominicano.com\/index.php?rest_route=%2Fwp%2Fv2%2Fcategories&post=122728"},{"taxonomy":"post_tag","embeddable":true,"href":"https:\/\/diariodominicano.com\/index.php?rest_route=%2Fwp%2Fv2%2Ftags&post=122728"}],"curies":[{"name":"wp","href":"https:\/\/api.w.org\/{rel}","templated":true}]}}