{"id":122725,"date":"2007-09-30T03:51:20","date_gmt":"2007-09-30T03:51:20","guid":{"rendered":"http:\/\/diariodominicano.ddns.net\/?p=122725"},"modified":"2007-09-30T03:51:20","modified_gmt":"2007-09-30T03:51:20","slug":"presidente-leonel-fernandez-fortalece-acuerdo-con-el-instituto-tecnologico-de-rochester-retorno-anoche-al-pais","status":"publish","type":"post","link":"https:\/\/diariodominicano.com\/?p=122725","title":{"rendered":"Presidente  Leonel Fern\u00e1ndez fortalece acuerdo con  el Instituto Tecnol\u00f3gico de Rochester; retorn\u00f3 anoche al pa\u00eds"},"content":{"rendered":"<p><body><\/p>\n<p align=\"justify\" class=\"titulogrande1\"><strong>Presidente  \u00a0Leonel Fern\u00e1ndez fortalece acuerdo con \u00a0el Instituto Tecnol\u00f3gico de Rochester; retorn\u00f3  anoche al pa\u00eds<\/strong><\/p>\n<p>&#13;<\/p>\n<p align=\"justify\" class=\"text1noticias\"><img loading=\"lazy\" decoding=\"async\" src=\"http:\/\/localhost:8080\/economia\/pictures\/leonel fernandez llegada 29072007.jpg\" width=\"269\" height=\"192\" hspace=\"4\" align=\"left\" \/>En virtud  del \u00a0acuerdo, el Instituto Tecnol\u00f3gico de  Rochester facilitar\u00e1 las herramientas que ayuden a mejorar la calidad de  fabricaci\u00f3n de los art\u00edculos del sector manufacturero, esto a su vez  contribuir\u00e1 a dinamizar y generar nuevos empleos en el pa\u00eds.\u00a0 El  Presidente Leonel Fern\u00e1ndez retorn\u00f3 el s\u00e1bado en horas de la noche al pa\u00eds  procedente de Estados Unidos luego de haber agotado una agenda de  trabajo.\u00a0<\/p>\n<p>&#13;<\/p>\n<p align=\"justify\" class=\"text1noticias\">ROCHESTER.- El Presidente Leonel Fern\u00e1ndez  visit\u00f3\u00a0 el s\u00e1bado \u00a0las instalaciones del Instituto Tecnol\u00f3gico de  Rochester donde reafirm\u00f3 un acuerdo estrat\u00e9gico con el objetivo de que la  entidad \u00a0pueda implementar mecanismos en la Rep\u00fablica Dominicana  para incrementar la productividad en el sector textil y zonas francas.<\/p>\n<p>&#13;<\/p>\n<p align=\"justify\" class=\"text1noticias\">El Jefe del Estado dominicano manifest\u00f3 que la \u00a0alianza tiene un car\u00e1cter multidisciplinario y  podr\u00e1 abarcar los diferentes nichos de producci\u00f3n haciendo mayor \u00e9nfasis en los  sectores de zonas francas y textiles.<\/p>\n<p>&#13;<\/p>\n<p align=\"justify\" class=\"text1noticias\">Al valorar el acuerdo el presidente \u00a0Fern\u00e1ndez dijo que esta no es s\u00f3lo una alianza  acad\u00e9mica, sino que se utilizar\u00e1 para dotar de herramientas a empresas  dominicanas para que puedan competir en el nuevo mercado que se abre con el  Tratado de Libre Comercio.<\/p>\n<p>&#13;<\/p>\n<p align=\"justify\" class=\"text1noticias\">En virtud del\u00a0  \u00a0acuerdo, el Instituto Tecnol\u00f3gico  de Rochester facilitar\u00e1 las herramientas que ayuden a mejorar la calidad de  fabricaci\u00f3n de los art\u00edculos del sector manufacturero, esto a su vez  contribuir\u00e1 a dinamizar y generar nuevos empleos en el pa\u00eds.<\/p>\n<p>&#13;<\/p>\n<p align=\"justify\" class=\"text1noticias\">El presidente Fern\u00e1ndez fue recibido por el  presidente del Instituto Tecnol\u00f3gico de Rochester \u00a0Bill Desndler, quien junto a decanos de  diferentes \u00e1reas de esa entidad mostraron al mandatario dominicano las  instalaciones y el nivel de avance en la calidad educativa que posee.<\/p>\n<p>&#13;<\/p>\n<p align=\"justify\" class=\"text1noticias\">La Rep\u00fablica Dominicana firm\u00f3 un acuerdo  con la Universidad  de Rochester en el a\u00f1o 2006 con el objetivo de reforzar las \u00e1reas tecnol\u00f3gicas  y desarrollar recursos humanos que puedan ayudar al crecimiento del pa\u00eds.<\/p>\n<p>&#13;<\/p>\n<p align=\"justify\" class=\"text1noticias\">El inter\u00e9s del Presidente \u00a0Leonel Fern\u00e1ndez en visitar las instalaciones  del Instituto Tecnol\u00f3gico de Rochester es buscar alternativas que ayuden a  dinamizar el sector de las zonas francas en el pa\u00eds, especialmente lo relativo  a textiles y calzados.<\/p>\n<p>&#13;<\/p>\n<p align=\"justify\" class=\"text1noticias\"><strong>El Presidente regres\u00f3 anoche<\/strong><br \/>&#13;<br \/>\n  <br \/>&#13;<br \/>\n  El Presidente Leonel Fern\u00e1ndez retorn\u00f3 el  s\u00e1bado en horas de la noche al pa\u00eds procedente de Estados Unidos luego de haber  agotado una agenda de trabajo.\u00a0<br \/>&#13;<br \/>\n  <br \/>&#13;<br \/>\n  La llegada del Jefe del Estado \u00a0se produjo por el aeropuerto Militar de la Base A\u00e9rea de San  Isidro a las 7:\u00a010 de la noche.\u00a0<br \/>&#13;<br \/>\n  <br \/>&#13;<br \/>\n  En Estados Unidos el presidente \u00a0Fern\u00e1ndez agot\u00f3 una intensa agenda, con  exposiciones y el \u00a0discurso que pronunci\u00f3  ante la 62 Asamblea de la   Organizaci\u00f3n de las Naciones Unidas, en Nueva York.\u00a0<br \/>&#13;<br \/>\n  Fue recibido en la Terminal de San Isidro  por el Secretario de las Fuerzas Armadas Teniente \u00a0General Ram\u00f3n Aquino Garc\u00eda y los dem\u00e1s jefes  de los cuerpos militares.\u00a0<br \/>&#13;<br \/>\n  <br \/>&#13;<br \/>\nDurante  su estancia en los Estados Unidos el presidente\u00a0  Fern\u00e1ndez sostuvo encuentros con representantes de distintos sectores, a  quienes expres\u00f3 la necesidad de invertir en la Rep\u00fablica Dominicana  dada la estabilidad econ\u00f3mica y la seguridad jur\u00eddica existentes en el pa\u00eds.<\/p>\n<h6> 2007-09-30 03:51:20 <\/h6>\n<p><!--\n<link rel=\"stylesheet\" href=\"css\/bootstrap.min.css\">\n\n\n<ul class=\"pagination\">\n\t    \n\t\n\n<li >\n\t<a href='?page_no=28604'>Previous<\/a>\n\t<\/li>\n\n\n       \n    \n\n<li><a href='?page_no=1'>1<\/a><\/li>\n\n\n\n<li><a href='?page_no=2'>2<\/a><\/li>\n\n\n\n<li><a>...<\/a><\/li>\n\n\n\n<li><a href='?page_no=28603'>28603<\/a><\/li>\n\n\n\n<li><a href='?page_no=28604'>28604<\/a><\/li>\n\n\n\n<li class='active'><a>28605<\/a><\/li>\n\n\n\n<li><a href='?page_no=28606'>28606<\/a><\/li>\n\n\n\n<li><a href='?page_no=28607'>28607<\/a><\/li>\n\n\n\n<li><a>...<\/a><\/li>\n\n\n\n<li><a href='?page_no=30472'>30472<\/a><\/li>\n\n\n\n<li><a href='?page_no=30473'>30473<\/a><\/li>\n\n    \n\t\n\n<li >\n\t<a href='?page_no=28606'>Next<\/a>\n\t<\/li>\n\n\n    \n\n<li><a href='?page_no=30473'>Last &rsaquo;&rsaquo;<\/a><\/li>\n\n<\/ul>\n\n\n--><br \/>\n<\/body><\/p>\n","protected":false},"excerpt":{"rendered":"<p>Presidente \u00a0Leonel Fern\u00e1ndez fortalece acuerdo con \u00a0el Instituto Tecnol\u00f3gico de Rochester; retorn\u00f3 anoche al pa\u00eds &#13; En virtud del \u00a0acuerdo, el Instituto Tecnol\u00f3gico de Rochester facilitar\u00e1 las herramientas que ayuden a mejorar la calidad de fabricaci\u00f3n de los art\u00edculos del sector manufacturero, esto a su vez contribuir\u00e1 a dinamizar y generar nuevos empleos en el [&hellip;]<\/p>\n","protected":false},"author":3,"featured_media":0,"comment_status":"open","ping_status":"open","sticky":false,"template":"","format":"standard","meta":{"footnotes":""},"categories":[18],"tags":[],"class_list":["post-122725","post","type-post","status-publish","format-standard","hentry","category-economia"],"_links":{"self":[{"href":"https:\/\/diariodominicano.com\/index.php?rest_route=\/wp\/v2\/posts\/122725","targetHints":{"allow":["GET"]}}],"collection":[{"href":"https:\/\/diariodominicano.com\/index.php?rest_route=\/wp\/v2\/posts"}],"about":[{"href":"https:\/\/diariodominicano.com\/index.php?rest_route=\/wp\/v2\/types\/post"}],"author":[{"embeddable":true,"href":"https:\/\/diariodominicano.com\/index.php?rest_route=\/wp\/v2\/users\/3"}],"replies":[{"embeddable":true,"href":"https:\/\/diariodominicano.com\/index.php?rest_route=%2Fwp%2Fv2%2Fcomments&post=122725"}],"version-history":[{"count":0,"href":"https:\/\/diariodominicano.com\/index.php?rest_route=\/wp\/v2\/posts\/122725\/revisions"}],"wp:attachment":[{"href":"https:\/\/diariodominicano.com\/index.php?rest_route=%2Fwp%2Fv2%2Fmedia&parent=122725"}],"wp:term":[{"taxonomy":"category","embeddable":true,"href":"https:\/\/diariodominicano.com\/index.php?rest_route=%2Fwp%2Fv2%2Fcategories&post=122725"},{"taxonomy":"post_tag","embeddable":true,"href":"https:\/\/diariodominicano.com\/index.php?rest_route=%2Fwp%2Fv2%2Ftags&post=122725"}],"curies":[{"name":"wp","href":"https:\/\/api.w.org\/{rel}","templated":true}]}}