{"id":122724,"date":"2007-09-30T03:57:29","date_gmt":"2007-09-30T03:57:29","guid":{"rendered":"http:\/\/diariodominicano.ddns.net\/?p=122724"},"modified":"2007-09-30T03:57:29","modified_gmt":"2007-09-30T03:57:29","slug":"funcionario-estadounidense-reitera-apoyo-de-su-gobierno-para-impulsar-la-competitividad-de-rd","status":"publish","type":"post","link":"https:\/\/diariodominicano.com\/?p=122724","title":{"rendered":"Funcionario estadounidense  reitera apoyo de su gobierno para impulsar la competitividad de RD"},"content":{"rendered":"<p><body><\/p>\n<p align=\"justify\" class=\"titulogrande1\"><strong>Funcionario estadounidense \u00a0reitera apoyo de su gobierno para impulsar la competitividad  de RD<\/strong><\/p>\n<p>&#13;<\/p>\n<p align=\"justify\" class=\"text1noticias\"><img loading=\"lazy\" decoding=\"async\" src=\"http:\/\/localhost:8080\/economia\/pictures\/carlos morales usa 3.jpg\" width=\"269\" height=\"194\" hspace=\"4\" align=\"left\" \/>El subsecretario de Estado norteamericano \u00a0para asuntos de Latinoam\u00e9rica y El Caribe,  Thomas A. Shannon ratific\u00f3 al  canciller Carlos Morales Troncoso, que el presidente de Estados Unidos, George W. Bush, vetar\u00e1 un  proyecto de ley aprobado por el Congreso estadounidense que amenaza con diezmar  a la industria tabaquera de Am\u00e9rica Central y Rep\u00fablica Dominicana.<\/p>\n<p>&#13;<\/p>\n<p align=\"justify\" class=\"text1noticias\">En la reuni\u00f3n realizada en el marco de la 62 Asamblea General  de la Organizaci\u00f3n  de las Naciones Unidas, en Nueva York., Shannon y Morales Troncoso abordaron  este tema como parte del seguimiento a los puntos tratados durante la reuni\u00f3n  que recientemente sostuvo el presidente Leonel Fern\u00e1ndez con la representante  de Comercio de los Estados Unidos, Susan Schwab.<\/p>\n<p>&#13;<\/p>\n<p align=\"justify\" class=\"text1noticias\">Los funcionarios trataron de  la implementaci\u00f3n del mecanismo preferencial 2&#215;1 que beneficiaria la industria  textil dominicana. Este acuerdo ser\u00eda en compensaci\u00f3n al cambio en las reglas  de origen de telas de bolsillo firmado por Republica Dominicana en el marco del  Tratado de Libre Comercio entre Estados Unidos Centroam\u00e9rica y Rep\u00fablica  Dominicana\u00a0 (DR-CAFTA, por sus siglas en ingles).<\/p>\n<p>&#13;<\/p>\n<p align=\"justify\" class=\"text1noticias\">En la reuni\u00f3n con Fern\u00e1ndez, la  funcionaria estadounidense \u00a0se comprometi\u00f3  a buscar soluciones factibles y a trabajar junto a la administraci\u00f3n del presidente  George W. Bush y los l\u00edderes del Congreso en la b\u00fasqueda de soluciones que  eviten impactos negativos en los renglones textil y tabaco.<\/p>\n<p>&#13;<\/p>\n<p align=\"justify\" class=\"text1noticias\">Entre las alternativas  planteadas por el Presidente Fern\u00e1ndez, se destaca el denominado mecanismo de  acumulaci\u00f3n, que le permite a Rep\u00fablica Dominicana utilizar tela de M\u00e9xico para  abaratar costos y ser m\u00e1s competitivos en el mercado de los Estados  Unidos.\u00a0 El mecanismo 2&#215;1 consiste en  utilizar una yarda de tela de cualquier parte del mundo por cada dos que se  utilice de origen norteamericano o de pa\u00edses miembros del DR-CAFTA.<\/p>\n<p>&#13;<\/p>\n<p align=\"justify\" class=\"text1noticias\">Morales Troncoso dijo que en  esta reuni\u00f3n tambi\u00e9n se trat\u00f3 sobre la superaci\u00f3n de las sanciones que impiden  la incorporaci\u00f3n de Republica Dominicana en los programas de la Cuenta del Reto del  Milenio, y destac\u00f3 que el pa\u00eds necesita el apoyo de Estados Unidos para la  implementaci\u00f3n de proyectos de desarrollo. <\/p>\n<p>&#13;<\/p>\n<h6> 2007-09-30 03:57:29 <\/h6>\n<p><!--\n<link rel=\"stylesheet\" href=\"css\/bootstrap.min.css\">\n\n\n<ul class=\"pagination\">\n\t    \n\t\n\n<li >\n\t<a href='?page_no=28603'>Previous<\/a>\n\t<\/li>\n\n\n       \n    \n\n<li><a href='?page_no=1'>1<\/a><\/li>\n\n\n\n<li><a href='?page_no=2'>2<\/a><\/li>\n\n\n\n<li><a>...<\/a><\/li>\n\n\n\n<li><a href='?page_no=28602'>28602<\/a><\/li>\n\n\n\n<li><a href='?page_no=28603'>28603<\/a><\/li>\n\n\n\n<li class='active'><a>28604<\/a><\/li>\n\n\n\n<li><a href='?page_no=28605'>28605<\/a><\/li>\n\n\n\n<li><a href='?page_no=28606'>28606<\/a><\/li>\n\n\n\n<li><a>...<\/a><\/li>\n\n\n\n<li><a href='?page_no=30472'>30472<\/a><\/li>\n\n\n\n<li><a href='?page_no=30473'>30473<\/a><\/li>\n\n    \n\t\n\n<li >\n\t<a href='?page_no=28605'>Next<\/a>\n\t<\/li>\n\n\n    \n\n<li><a href='?page_no=30473'>Last &rsaquo;&rsaquo;<\/a><\/li>\n\n<\/ul>\n\n\n--><br \/>\n<\/body><\/p>\n","protected":false},"excerpt":{"rendered":"<p>Funcionario estadounidense \u00a0reitera apoyo de su gobierno para impulsar la competitividad de RD &#13; El subsecretario de Estado norteamericano \u00a0para asuntos de Latinoam\u00e9rica y El Caribe, Thomas A. Shannon ratific\u00f3 al canciller Carlos Morales Troncoso, que el presidente de Estados Unidos, George W. Bush, vetar\u00e1 un proyecto de ley aprobado por el Congreso estadounidense que [&hellip;]<\/p>\n","protected":false},"author":3,"featured_media":0,"comment_status":"open","ping_status":"open","sticky":false,"template":"","format":"standard","meta":{"footnotes":""},"categories":[18],"tags":[],"class_list":["post-122724","post","type-post","status-publish","format-standard","hentry","category-economia"],"_links":{"self":[{"href":"https:\/\/diariodominicano.com\/index.php?rest_route=\/wp\/v2\/posts\/122724","targetHints":{"allow":["GET"]}}],"collection":[{"href":"https:\/\/diariodominicano.com\/index.php?rest_route=\/wp\/v2\/posts"}],"about":[{"href":"https:\/\/diariodominicano.com\/index.php?rest_route=\/wp\/v2\/types\/post"}],"author":[{"embeddable":true,"href":"https:\/\/diariodominicano.com\/index.php?rest_route=\/wp\/v2\/users\/3"}],"replies":[{"embeddable":true,"href":"https:\/\/diariodominicano.com\/index.php?rest_route=%2Fwp%2Fv2%2Fcomments&post=122724"}],"version-history":[{"count":0,"href":"https:\/\/diariodominicano.com\/index.php?rest_route=\/wp\/v2\/posts\/122724\/revisions"}],"wp:attachment":[{"href":"https:\/\/diariodominicano.com\/index.php?rest_route=%2Fwp%2Fv2%2Fmedia&parent=122724"}],"wp:term":[{"taxonomy":"category","embeddable":true,"href":"https:\/\/diariodominicano.com\/index.php?rest_route=%2Fwp%2Fv2%2Fcategories&post=122724"},{"taxonomy":"post_tag","embeddable":true,"href":"https:\/\/diariodominicano.com\/index.php?rest_route=%2Fwp%2Fv2%2Ftags&post=122724"}],"curies":[{"name":"wp","href":"https:\/\/api.w.org\/{rel}","templated":true}]}}