{"id":122723,"date":"2007-10-01T00:55:54","date_gmt":"2007-10-01T00:55:54","guid":{"rendered":"http:\/\/diariodominicano.ddns.net\/?p=122723"},"modified":"2007-10-01T00:55:54","modified_gmt":"2007-10-01T00:55:54","slug":"gobierno-destina-rd272-millones-para-financiar-a-ganaderos","status":"publish","type":"post","link":"https:\/\/diariodominicano.com\/?p=122723","title":{"rendered":"Gobierno destina RD$272 millones para financiar a ganaderos"},"content":{"rendered":"<p><body><\/p>\n<p align=\"justify\" class=\"titulogrande1\">Gobierno  destina RD$272 millones para financiar a ganaderos<\/p>\n<p>&#13;<\/p>\n<p align=\"justify\" class=\"text1noticias\"><strong><img loading=\"lazy\" decoding=\"async\" src=\"http:\/\/localhost:8080\/economia\/pictures\/ganado.jpg\" width=\"269\" height=\"265\" hspace=\"4\" align=\"left\" \/>SANTO  DOMINGO.- <\/strong>El gobierno destinar\u00e1 RD$272 millones en pr\u00e9stamos a los ganaderos  dentro de un plan orientado a incrementar la productividad y competitividad del  sector lechero y evitar que el alza que ha experimentado este producto en el  mercado internacional afecte a los consumidores locales, anunci\u00f3 el domingo el  Director de Ganader\u00eda.<\/p>\n<p>&#13;<\/p>\n<p align=\"justify\" class=\"text1noticias\">\u00c1ngel  Faxas dijo que los pr\u00e9stamos ser\u00e1n canalizados al sector a trav\u00e9s del Consejo  Nacional Lechero (CONALECHE), bajo la supervisi\u00f3n de la Direcci\u00f3n General  de Ganader\u00eda para evitar que estos recursos se destinen a otros fines.<\/p>\n<p>&#13;<\/p>\n<p align=\"justify\" class=\"text1noticias\">\u201cLa  idea es que los ganaderos puedan mejorar su infraestructura de producci\u00f3n en  sentido general porque estamos convencidos de que el sector est\u00e1 en condiciones  de ser competitivo e incrementar su producci\u00f3n, dijo Faxas.<\/p>\n<p>&#13;<\/p>\n<p align=\"justify\" class=\"text1noticias\">Record\u00f3  que a la llegada al poder del Presidente Leonel Fern\u00e1ndez en el pa\u00eds se  produc\u00edan 385 millones de litros de leche, pero en la actualidad la producci\u00f3n  ha subido a 600 millones de litros, lo que demuestra que el sector esta  mejorando.<\/p>\n<p>&#13;<\/p>\n<p align=\"justify\" class=\"text1noticias\">Explic\u00f3  \u00a0que por instrucciones del Presidente  Leonel \u00a0Fern\u00e1ndez se est\u00e1n canalizando  recursos no s\u00f3lo al sector ganadero, sino tambi\u00e9n a todos los subsectores de la  pecuaria nacional, pues tambi\u00e9n se est\u00e1n creando las condiciones sanitarias  adecuadas para que el pa\u00eds comience a beneficiarse del tratado de libre  comercio con los Estados Unidos.<\/p>\n<p>&#13;<\/p>\n<p align=\"justify\" class=\"text1noticias\">Faxas  indic\u00f3 \u00a0que a ra\u00edz del proceso de  apertura de los Tratados de Libre Comercio y de las investigaciones que se  hicieron, se demostr\u00f3 que el sector l\u00e1cteo era uno de los que ten\u00eda menos  proyecci\u00f3n para ser competitivo.<\/p>\n<p>&#13;<\/p>\n<p align=\"justify\" class=\"text1noticias\">\u201cPero  cambios eventuales que se han producido en el mundo como el incremento del  consumo de china, la sequ\u00eda que se produjo en Australia y otras naciones han  provocado un aumento desproporcionado en los precios de la leche en polvo, dijo  Faxas al ser entrevistado por el periodista Manuel Jim\u00e9nez en el programa \u201cEn 1  Hora\u201d que produce cada domingo a partir de las 9:00 de la ma\u00f1ana por el canal  27.<\/p>\n<p>&#13;<\/p>\n<p align=\"justify\" class=\"text1noticias\">Record\u00f3  que la tonelada de leche en polvo se estaba cotizando a US$2,100, pero que en  la actualidad se esta cotizando a US$5,100 d\u00f3lares, lo que ha impactado a todo  el comercio internacional de este producto b\u00e1sico.<\/p>\n<p>&#13;<\/p>\n<p align=\"justify\" class=\"text1noticias\">Pero  insisti\u00f3 en que la aspiraci\u00f3n del gobierno del Presidente Fern\u00e1ndez es crear  las condiciones para que el sector lechero aumente su producci\u00f3n y reduzca los  costos para que el pa\u00eds pueda ser autosuficiente y disminuya su dependencia de  las importaciones.<\/p>\n<p>&#13;<\/p>\n<p align=\"justify\" class=\"text1noticias\">\u201cEse  proyecto consiste en fortalecer cada una de las partes importantes de la  productividad l\u00e1ctea, el mejoramiento de pasto, mejoramiento gen\u00e9tico y todas  las alternativas viables para incrementar la producci\u00f3n nacional y tratar de  buscar la manera de de distribuir los costos a los productores nacionales,  siempre procurando que estos ganen lo justo, explico el Director General de  Ganader\u00eda. <\/p>\n<p>&#13;<\/p>\n<p align=\"justify\" class=\"text1noticias\">Dijo  que todos los ganaderos van a tener acceso a consultar las diferentes  problem\u00e1ticas que se les pueden presentar en sus hatos ganaderos y conocer lo  que es su gen\u00e9tica, como debe ser la alimentaci\u00f3n del ganado y qu\u00e9 es lo m\u00e1s  importante en una finca. <\/p>\n<p>&#13;<\/p>\n<p align=\"justify\" class=\"text1noticias\">En  cuanto al tratado de libre comercio, Faxas dijo que en el pa\u00eds se ha instalado  un laboratorio con equipos sofisticados que pronto estar\u00e1 en condiciones de  certificar la calidad de la carne de res, cerdo y pollo que se produce en el  pa\u00eds.<\/p>\n<p>&#13;<\/p>\n<p align=\"justify\" class=\"text1noticias\">De  esta manera, Rep\u00fablica Dominicana reiniciar\u00e1 sus exportaciones de carne al  mercado de los Estados Unidas, una actividad que dejo de realizarse desde  principio de los a\u00f1os 90.<\/p>\n<p>&#13;<\/p>\n<p align=\"justify\" class=\"text1noticias\">Dijo  que las autoridades del sector est\u00e1n empe\u00f1adas en mejorar los controles  sanitarios y anuncio un amplio programa que involucra a las autoridades  haitianas para combatir el llamado c\u00f3lera porcino en todas las provincias de la  frontera.<\/p>\n<p>&#13;<\/p>\n<p align=\"justify\" class=\"text1noticias\">Asegur\u00f3  que en el pa\u00eds habr\u00e1 suficiente carne de cerdo y de pollo para la celebraci\u00f3n  de las navidades.<\/p>\n<p>&#13;<\/p>\n<h6> 2007-10-01 00:55:54 <\/h6>\n<p><!--\n<link rel=\"stylesheet\" href=\"css\/bootstrap.min.css\">\n\n\n<ul class=\"pagination\">\n\t    \n\t\n\n<li >\n\t<a href='?page_no=28602'>Previous<\/a>\n\t<\/li>\n\n\n       \n    \n\n<li><a href='?page_no=1'>1<\/a><\/li>\n\n\n\n<li><a href='?page_no=2'>2<\/a><\/li>\n\n\n\n<li><a>...<\/a><\/li>\n\n\n\n<li><a href='?page_no=28601'>28601<\/a><\/li>\n\n\n\n<li><a href='?page_no=28602'>28602<\/a><\/li>\n\n\n\n<li class='active'><a>28603<\/a><\/li>\n\n\n\n<li><a href='?page_no=28604'>28604<\/a><\/li>\n\n\n\n<li><a href='?page_no=28605'>28605<\/a><\/li>\n\n\n\n<li><a>...<\/a><\/li>\n\n\n\n<li><a href='?page_no=30472'>30472<\/a><\/li>\n\n\n\n<li><a href='?page_no=30473'>30473<\/a><\/li>\n\n    \n\t\n\n<li >\n\t<a href='?page_no=28604'>Next<\/a>\n\t<\/li>\n\n\n    \n\n<li><a href='?page_no=30473'>Last &rsaquo;&rsaquo;<\/a><\/li>\n\n<\/ul>\n\n\n--><br \/>\n<\/body><\/p>\n","protected":false},"excerpt":{"rendered":"<p>Gobierno destina RD$272 millones para financiar a ganaderos &#13; SANTO DOMINGO.- El gobierno destinar\u00e1 RD$272 millones en pr\u00e9stamos a los ganaderos dentro de un plan orientado a incrementar la productividad y competitividad del sector lechero y evitar que el alza que ha experimentado este producto en el mercado internacional afecte a los consumidores locales, anunci\u00f3 [&hellip;]<\/p>\n","protected":false},"author":3,"featured_media":0,"comment_status":"open","ping_status":"open","sticky":false,"template":"","format":"standard","meta":{"footnotes":""},"categories":[18],"tags":[],"class_list":["post-122723","post","type-post","status-publish","format-standard","hentry","category-economia"],"_links":{"self":[{"href":"https:\/\/diariodominicano.com\/index.php?rest_route=\/wp\/v2\/posts\/122723","targetHints":{"allow":["GET"]}}],"collection":[{"href":"https:\/\/diariodominicano.com\/index.php?rest_route=\/wp\/v2\/posts"}],"about":[{"href":"https:\/\/diariodominicano.com\/index.php?rest_route=\/wp\/v2\/types\/post"}],"author":[{"embeddable":true,"href":"https:\/\/diariodominicano.com\/index.php?rest_route=\/wp\/v2\/users\/3"}],"replies":[{"embeddable":true,"href":"https:\/\/diariodominicano.com\/index.php?rest_route=%2Fwp%2Fv2%2Fcomments&post=122723"}],"version-history":[{"count":0,"href":"https:\/\/diariodominicano.com\/index.php?rest_route=\/wp\/v2\/posts\/122723\/revisions"}],"wp:attachment":[{"href":"https:\/\/diariodominicano.com\/index.php?rest_route=%2Fwp%2Fv2%2Fmedia&parent=122723"}],"wp:term":[{"taxonomy":"category","embeddable":true,"href":"https:\/\/diariodominicano.com\/index.php?rest_route=%2Fwp%2Fv2%2Fcategories&post=122723"},{"taxonomy":"post_tag","embeddable":true,"href":"https:\/\/diariodominicano.com\/index.php?rest_route=%2Fwp%2Fv2%2Ftags&post=122723"}],"curies":[{"name":"wp","href":"https:\/\/api.w.org\/{rel}","templated":true}]}}