{"id":122722,"date":"2007-10-01T01:25:26","date_gmt":"2007-10-01T01:25:26","guid":{"rendered":"http:\/\/diariodominicano.ddns.net\/?p=122722"},"modified":"2007-10-01T01:25:26","modified_gmt":"2007-10-01T01:25:26","slug":"el-vicepresidente-afirma-no-hay-conflicto-con-las-ars-asegura-todo-anda-bien-en-el-seguro-familiar-de-salud","status":"publish","type":"post","link":"https:\/\/diariodominicano.com\/?p=122722","title":{"rendered":"El vicepresidente afirma no hay conflicto con las ARS; asegura todo anda bien en el Seguro Familiar de Salud"},"content":{"rendered":"<p><body><\/p>\n<p align=\"justify\" class=\"titulogrande1\">El vicepresidente afirma\u00a0 no hay conflicto con las ARS; asegura todo anda bien en el Seguro Familiar de Salud<\/p>\n<p>&#13;<\/p>\n<p align=\"justify\" class=\"text1noticias\"><strong><img loading=\"lazy\" decoding=\"async\" src=\"http:\/\/localhost:8080\/economia\/pictures\/dia del ejercito 1.jpg\" width=\"269\" height=\"181\" hspace=\"4\" align=\"left\" \/>SANTO DOMINGO.-<\/strong> El  vicepresidente de la   Rep\u00fablica, Rafael Alburquerque, dijo el s\u00e1bado \u00a0que el hecho que se sancionara a una ARS no  significa que exista algo en contra de esas empresas y afirm\u00f3 que el gobierno  est\u00e1 abierto al di\u00e1logo ante cualquier queja. <br \/>&#13;<br \/>\n  <br \/>&#13;<br \/>\n  \u201cNo hay mayores  problemas, finalmente todos nos pondremos de acuerdo\u201d, dijo el vicepresidente. <br \/>&#13;<br \/>\n<br \/>&#13;<br \/>\nAfirm\u00f3 que el sistema  de Seguro Familiar est\u00e1 funcionando bien y que cualquier problema que se  presente est\u00e1 siendo resuelto entre las cl\u00ednicas, ARS, laboratorio y Farmacia.  \u201cNo veo ninguna preocupaci\u00f3n, no veo ning\u00fan problema que no se pueda resolver  mediante las conversaciones y el di\u00e1logo que estamos llevando a cabo\u201d. <br \/>&#13;<br \/>\n<br \/>&#13;<br \/>\nSobre la sanci\u00f3n a una ARS,  expres\u00f3 eso es una facultad privativa de la Superintendencia  de Salud y Riego Laborales \u201cporque si hay una entidad que no cumple,  l\u00f3gicamente, se le sanciona y hay varias sanciones previstas en la Ley\u201d. \u00a0\u00a0<br \/>&#13;<br \/>\n <br \/>&#13;<br \/>\n\u201cEso (sanci\u00f3n a una ARS) no  va a entorpecer el desempe\u00f1o del Seguro Familiar de Salud porque el hecho que  se sancione a una las otras no est\u00e1n sancionadas y siguen trabajando y  cooperando con las autoridades\u201d, dijo el vicepresidente. <br \/>&#13;<br \/>\n<br \/>&#13;<br \/>\nEl vicepresidente  Alburquerque \u00a0habl\u00f3 del tema al responder  preguntas de los reporteros en la sede de las Fuerzas Armadas donde a donde  acudi\u00f3 para participar en los actos con motivo del D\u00eda de San Miguel, patrono  del Ej\u00e9rcito Nacional. <br \/>&#13;<br \/>\n<br \/>&#13;<br \/>\nInform\u00f3 que el viernes  representantes del Gobierno se reunieron con la Superintendencia  de Salud y la   Administradora de Riego y que el pr\u00f3ximo lunes el equipo  gubernamental tambi\u00e9n se reunir\u00e1 con otro sector de la seguridad social. <\/p>\n<p>&#13;<\/p>\n<h6> 2007-10-01 01:25:26 <\/h6>\n<p><!--\n<link rel=\"stylesheet\" href=\"css\/bootstrap.min.css\">\n\n\n<ul class=\"pagination\">\n\t    \n\t\n\n<li >\n\t<a href='?page_no=28601'>Previous<\/a>\n\t<\/li>\n\n\n       \n    \n\n<li><a href='?page_no=1'>1<\/a><\/li>\n\n\n\n<li><a href='?page_no=2'>2<\/a><\/li>\n\n\n\n<li><a>...<\/a><\/li>\n\n\n\n<li><a href='?page_no=28600'>28600<\/a><\/li>\n\n\n\n<li><a href='?page_no=28601'>28601<\/a><\/li>\n\n\n\n<li class='active'><a>28602<\/a><\/li>\n\n\n\n<li><a href='?page_no=28603'>28603<\/a><\/li>\n\n\n\n<li><a href='?page_no=28604'>28604<\/a><\/li>\n\n\n\n<li><a>...<\/a><\/li>\n\n\n\n<li><a href='?page_no=30472'>30472<\/a><\/li>\n\n\n\n<li><a href='?page_no=30473'>30473<\/a><\/li>\n\n    \n\t\n\n<li >\n\t<a href='?page_no=28603'>Next<\/a>\n\t<\/li>\n\n\n    \n\n<li><a href='?page_no=30473'>Last &rsaquo;&rsaquo;<\/a><\/li>\n\n<\/ul>\n\n\n--><br \/>\n<\/body><\/p>\n","protected":false},"excerpt":{"rendered":"<p>El vicepresidente afirma\u00a0 no hay conflicto con las ARS; asegura todo anda bien en el Seguro Familiar de Salud &#13; SANTO DOMINGO.- El vicepresidente de la Rep\u00fablica, Rafael Alburquerque, dijo el s\u00e1bado \u00a0que el hecho que se sancionara a una ARS no significa que exista algo en contra de esas empresas y afirm\u00f3 que el [&hellip;]<\/p>\n","protected":false},"author":3,"featured_media":0,"comment_status":"open","ping_status":"open","sticky":false,"template":"","format":"standard","meta":{"footnotes":""},"categories":[18],"tags":[],"class_list":["post-122722","post","type-post","status-publish","format-standard","hentry","category-economia"],"_links":{"self":[{"href":"https:\/\/diariodominicano.com\/index.php?rest_route=\/wp\/v2\/posts\/122722","targetHints":{"allow":["GET"]}}],"collection":[{"href":"https:\/\/diariodominicano.com\/index.php?rest_route=\/wp\/v2\/posts"}],"about":[{"href":"https:\/\/diariodominicano.com\/index.php?rest_route=\/wp\/v2\/types\/post"}],"author":[{"embeddable":true,"href":"https:\/\/diariodominicano.com\/index.php?rest_route=\/wp\/v2\/users\/3"}],"replies":[{"embeddable":true,"href":"https:\/\/diariodominicano.com\/index.php?rest_route=%2Fwp%2Fv2%2Fcomments&post=122722"}],"version-history":[{"count":0,"href":"https:\/\/diariodominicano.com\/index.php?rest_route=\/wp\/v2\/posts\/122722\/revisions"}],"wp:attachment":[{"href":"https:\/\/diariodominicano.com\/index.php?rest_route=%2Fwp%2Fv2%2Fmedia&parent=122722"}],"wp:term":[{"taxonomy":"category","embeddable":true,"href":"https:\/\/diariodominicano.com\/index.php?rest_route=%2Fwp%2Fv2%2Fcategories&post=122722"},{"taxonomy":"post_tag","embeddable":true,"href":"https:\/\/diariodominicano.com\/index.php?rest_route=%2Fwp%2Fv2%2Ftags&post=122722"}],"curies":[{"name":"wp","href":"https:\/\/api.w.org\/{rel}","templated":true}]}}