{"id":122719,"date":"2007-10-01T23:46:17","date_gmt":"2007-10-01T23:46:17","guid":{"rendered":"http:\/\/diariodominicano.ddns.net\/?p=122719"},"modified":"2007-10-01T23:46:17","modified_gmt":"2007-10-01T23:46:17","slug":"cepal-afirma-tic-aportan-entre-10-y-24-a-la-tasa-de-crecimiento-del-pib-de-america-latina-y-el-caribe","status":"publish","type":"post","link":"https:\/\/diariodominicano.com\/?p=122719","title":{"rendered":"CEPAL afirma TIC aportan entre 10% y 24% a la tasa de crecimiento del PIB de Am\u00e9rica Latina y el Caribe"},"content":{"rendered":"<p><body><\/p>\n<p align=\"justify\" class=\"titulogrande1\"><strong>CEPAL afirma TIC aportan entre 10% y 24% a la tasa de  crecimiento del PIB de Am\u00e9rica Latina y el Caribe<\/strong> <\/p>\n<p>&#13;<\/p>\n<p align=\"justify\" class=\"text1noticias\"><strong>SANTO DOMINGO.- <\/strong>Las Tecnolog\u00edas de Informaci\u00f3n y  Comunicaci\u00f3n (TIC) aportan entre 10% y 24% a la tasa de crecimiento del PIB de  Am\u00e9rica Latina, seg\u00fan estudios de la Comisi\u00f3n Econ\u00f3mica  para Am\u00e9rica Latina y el Caribe (CEPAL).<\/p>\n<p>&#13;<\/p>\n<p align=\"justify\" class=\"text1noticias\">El  informe establece que, aunque representan herramientas importantes para el  desarrollo econ\u00f3mico y social de la regi\u00f3n, el debate en torno al impulso a  estas tecnolog\u00edas est\u00e1 apenas iniciado. <br \/>&#13;<br \/>\n  \u00a0 <br \/>&#13;<br \/>\n\u201cPara avanzar en la adopci\u00f3n de las TIC y establecer nuevas metas concretas  para el acceso e inclusi\u00f3n digital, creaci\u00f3n de capacidades y conocimientos,  entre otras materias, la CEPAL y el Ministerio de Relaciones Exteriores, Comercio Internacional y Culto de la Rep\u00fablica Argentina  han organizado la Reuni\u00f3n de Consulta   Regional preparatoria de la II Conferencia Ministerial sobre Sociedad de la   Informaci\u00f3n de Am\u00e9rica Latina y el Caribe, este 4-5 octubre   de 2007 en el Palacio San Mart\u00edn, sede de la Canciller\u00eda Argentina,   en Buenos Aires, Argentin<u>a<\/u>. <br \/>&#13;<br \/>\n  \u00a0 <br \/>&#13;<br \/>\n  El principal prop\u00f3sito de esta Consulta Regional ser\u00e1 determinar el grado de   avance en la implementaci\u00f3n del Plan de Acci\u00f3n Regional para la Sociedad de la Informaci\u00f3n eLAC2007,   un esfuerzo iniciado en 2005, que cont\u00f3 con la participaci\u00f3n y el compromiso   de los pa\u00edses de la regi\u00f3n por la importancia de las TIC para el desarrollo   econ\u00f3mico y social. <\/p>\n<p>&#13;<\/p>\n<p align=\"justify\" class=\"text1noticias\">\u201cEl plan  incluy\u00f3 30 \u00e1reas tem\u00e1ticas con 70 actividades a corto plazo, y se pueden  observar avances notables en 15 de las 27 metas monitoreadas por la CEPAL, mientras que  12 presentan adelantos moderados o insuficientes\u201d, expresa el estudio dado a  conocer a trav\u00e9s de la   Comisi\u00f3n Nacional para la Sociedad de la Informaci\u00f3n y  Conocimiento (CNSIC). <br \/>&#13;<br \/>\n  \u00a0 <br \/>&#13;<br \/>\n  Se\u00f1ala\u00a0 que la reuni\u00f3n tambi\u00e9n tendr\u00e1 el  objetivo de discutir de modo preliminar las propuestas para un nuevo Plan de  Acci\u00f3n Regional eLAC 2010. <\/p>\n<p>&#13;<\/p>\n<p align=\"justify\" class=\"text1noticias\">Sostiene  que para asegurar el progreso continuo e involucrar a los actores regionales  m\u00e1s indicados de gobiernos, el sector privado, acad\u00e9mico y de la sociedad civil  en la elaboraci\u00f3n de nuevas metas para un eventual eLAC2010, la CEPAL lanz\u00f3 un  proceso colaborativo de cinco fases de consultas online y entrevistas  personales, llamado \u201cDelphi de prioridades de pol\u00edticas eLAC\u201d, que  recibi\u00f3 1.454 contribuciones entre abril de 2006 y septiembre de 2007. <\/p>\n<p>&#13;<\/p>\n<div align=\"justify\" class=\"text1noticias\">Este  proceso participativo de formulaci\u00f3n de pol\u00edticas es uno de los m\u00e1s amplios  jam\u00e1s desarrollado online en la regi\u00f3n, y sus resultados contribuir\u00e1n a los  debates que tendr\u00e1n lugar en la conferencia preparatoria en Buenos Aires, y las  metas que ser\u00e1n finalizadas en la II Conferencia Ministerial en  El Salvador, que se realizar\u00e1 el <u>6-8 de febrero de 2008<\/u>. <br \/>&#13;<br \/>\n  \u00a0 <br \/>&#13;<br \/>\n  El proceso eLAC demuestra la importancia de la formulaci\u00f3n de pol\u00edticas  participativas en la era digital, y el papel que el sistema de Naciones Unidas  puede jugar en ello. <br \/>&#13;\n<\/div>\n<p>&#13;<\/p>\n<h6> 2007-10-01 23:46:17 <\/h6>\n<p><!--\n<link rel=\"stylesheet\" href=\"css\/bootstrap.min.css\">\n\n\n<ul class=\"pagination\">\n\t    \n\t\n\n<li >\n\t<a href='?page_no=28598'>Previous<\/a>\n\t<\/li>\n\n\n       \n    \n\n<li><a href='?page_no=1'>1<\/a><\/li>\n\n\n\n<li><a href='?page_no=2'>2<\/a><\/li>\n\n\n\n<li><a>...<\/a><\/li>\n\n\n\n<li><a href='?page_no=28597'>28597<\/a><\/li>\n\n\n\n<li><a href='?page_no=28598'>28598<\/a><\/li>\n\n\n\n<li class='active'><a>28599<\/a><\/li>\n\n\n\n<li><a href='?page_no=28600'>28600<\/a><\/li>\n\n\n\n<li><a href='?page_no=28601'>28601<\/a><\/li>\n\n\n\n<li><a>...<\/a><\/li>\n\n\n\n<li><a href='?page_no=30472'>30472<\/a><\/li>\n\n\n\n<li><a href='?page_no=30473'>30473<\/a><\/li>\n\n    \n\t\n\n<li >\n\t<a href='?page_no=28600'>Next<\/a>\n\t<\/li>\n\n\n    \n\n<li><a href='?page_no=30473'>Last &rsaquo;&rsaquo;<\/a><\/li>\n\n<\/ul>\n\n\n--><br \/>\n<\/body><\/p>\n","protected":false},"excerpt":{"rendered":"<p>CEPAL afirma TIC aportan entre 10% y 24% a la tasa de crecimiento del PIB de Am\u00e9rica Latina y el Caribe &#13; SANTO DOMINGO.- Las Tecnolog\u00edas de Informaci\u00f3n y Comunicaci\u00f3n (TIC) aportan entre 10% y 24% a la tasa de crecimiento del PIB de Am\u00e9rica Latina, seg\u00fan estudios de la Comisi\u00f3n Econ\u00f3mica para Am\u00e9rica Latina [&hellip;]<\/p>\n","protected":false},"author":3,"featured_media":0,"comment_status":"open","ping_status":"open","sticky":false,"template":"","format":"standard","meta":{"footnotes":""},"categories":[18],"tags":[],"class_list":["post-122719","post","type-post","status-publish","format-standard","hentry","category-economia"],"_links":{"self":[{"href":"https:\/\/diariodominicano.com\/index.php?rest_route=\/wp\/v2\/posts\/122719","targetHints":{"allow":["GET"]}}],"collection":[{"href":"https:\/\/diariodominicano.com\/index.php?rest_route=\/wp\/v2\/posts"}],"about":[{"href":"https:\/\/diariodominicano.com\/index.php?rest_route=\/wp\/v2\/types\/post"}],"author":[{"embeddable":true,"href":"https:\/\/diariodominicano.com\/index.php?rest_route=\/wp\/v2\/users\/3"}],"replies":[{"embeddable":true,"href":"https:\/\/diariodominicano.com\/index.php?rest_route=%2Fwp%2Fv2%2Fcomments&post=122719"}],"version-history":[{"count":0,"href":"https:\/\/diariodominicano.com\/index.php?rest_route=\/wp\/v2\/posts\/122719\/revisions"}],"wp:attachment":[{"href":"https:\/\/diariodominicano.com\/index.php?rest_route=%2Fwp%2Fv2%2Fmedia&parent=122719"}],"wp:term":[{"taxonomy":"category","embeddable":true,"href":"https:\/\/diariodominicano.com\/index.php?rest_route=%2Fwp%2Fv2%2Fcategories&post=122719"},{"taxonomy":"post_tag","embeddable":true,"href":"https:\/\/diariodominicano.com\/index.php?rest_route=%2Fwp%2Fv2%2Ftags&post=122719"}],"curies":[{"name":"wp","href":"https:\/\/api.w.org\/{rel}","templated":true}]}}