{"id":122716,"date":"2007-10-02T15:21:58","date_gmt":"2007-10-02T15:21:58","guid":{"rendered":"http:\/\/diariodominicano.ddns.net\/?p=122716"},"modified":"2007-10-02T15:21:58","modified_gmt":"2007-10-02T15:21:58","slug":"exportaciones-de-cacao-se-incrementan-en-101","status":"publish","type":"post","link":"https:\/\/diariodominicano.com\/?p=122716","title":{"rendered":"Exportaciones de cacao se incrementan en 101%"},"content":{"rendered":"<p><body><\/p>\n<p align=\"justify\"><span class=\"titulogrande1\">Exportaciones de cacao se incrementan en  101% <\/span><br \/>&#13;<br \/>\n  <br \/>&#13;<br \/>\n    <span class=\"text1noticias\"><strong><img loading=\"lazy\" decoding=\"async\" src=\"http:\/\/localhost:8080\/economia\/pictures\/chio jimenez.jpg\" width=\"269\" height=\"169\" hspace=\"4\" align=\"left\" \/>SANTO DOMINGO.-<\/strong> El secretario de  Agricultura, Salvador (Ch\u00edo)\u00a0 Jim\u00e9nez inform\u00f3 que los niveles de  producci\u00f3n y exportaci\u00f3n del cacao han aumentado en un 89 por ciento en los  \u00faltimos tres a\u00f1os.\u00a0Afirm\u00f3 que la generaci\u00f3n de divisas proveniente de las  exportaciones de cacao se increment\u00f3 en un 101 por ciento, al subir de\u00a0  US$44.5 a US$ 90 millones anuales.<br \/>&#13;<br \/>\n    <br \/>&#13;<br \/>\n    \u201cEn cuanto al cacao org\u00e1nico hemos  duplicado las exportaciones al tiempo que nos mantenemos lideres de ese rengl\u00f3n  en el mercado mundial para orgullo y beneficio de todos los dominicanos\u201d,  expres\u00f3 el secretario Jim\u00e9nez.<br \/>&#13;<br \/>\n<br \/>&#13;<br \/>\nSe\u00f1al\u00f3 que las acciones  desarrolladas en este rengl\u00f3n han logrado que\u00a0 la Rep\u00fablica Dominicana\u00a0  se posesione como el\u00a0 noveno\u00a0 productor mundial de cacao y el tercero  en Latinoam\u00e9rica. Y como\u00a0 pa\u00eds exportador,\u00a0 es el segundo de Am\u00e9rica  y el sexto del mundo.<br \/>&#13;<br \/>\n<br \/>&#13;<br \/>\nPor otro lado, el titular de la  cartera del agro revel\u00f3 que el Gobierno a trav\u00e9s de la cartera ha condonado a  los productores deudas por 39 millones de pesos.<br \/>&#13;<br \/>\n<br \/> &#13;<br \/>\nAdem\u00e1s, ha realizado un  programa de rehabilitaci\u00f3n y renovaci\u00f3n de plantaciones con material de alto  valor gen\u00e9tico para lo cual se han distribuido m\u00e1s de 2.2 millones de plantas.<br \/>&#13;<br \/>\n<br \/>&#13;<br \/>\nDestac\u00f3 que otras de las acciones  desarrolladas por el sector agropecuario en beneficio de los productores de  cacao y las gestiones que se han hecho para el pago de bonos agropecuarios de  deuda de los productores provocadas por los huracanes por un monto que  sobrepasa los mil millones de pesos.<br \/>&#13;<br \/>\n<br \/>&#13;<br \/>\nJim\u00e9nez encabez\u00f3 habl\u00f3 al encabezar en  el Seybo los actos conmemorativos del D\u00eda del Cacao, que contaron con la  participaci\u00f3n de\u00a0 cientos de productores.<br \/>&#13;<br \/>\n<br \/>&#13;<br \/>\nEl secretario Jim\u00e9nez encabez\u00f3  Tambi\u00e9n dirigi\u00f3 el acto de inauguraci\u00f3n de una moderna estaci\u00f3n para el  mejoramiento y\u00a0 la calidad del cacao del bloque de asociaciones de  cacaocultores de la regional 3 compuesta por El Seibo y Hato Mayor.<br \/>&#13;<br \/>\n<br \/>&#13;<br \/>\nLa estaci\u00f3n fue construida a un  cost\u00f3 de RD$12 millones\u00a0 aportados por el Bloque de Cacaocultores No. 3, la Fundaci\u00f3n Humanismo  y Democracia y la   Cooperaci\u00f3n Espa\u00f1ola. La JUNDEJUR hizo su aporte con una  contrapartida\u00a0 de la   Secretar\u00eda de Agricultura.<\/span><\/p>\n<p>&#13;<\/p>\n<h6> 2007-10-02 15:21:58 <\/h6>\n<p><!--\n<link rel=\"stylesheet\" href=\"css\/bootstrap.min.css\">\n\n\n<ul class=\"pagination\">\n\t    \n\t\n\n<li >\n\t<a href='?page_no=28595'>Previous<\/a>\n\t<\/li>\n\n\n       \n    \n\n<li><a href='?page_no=1'>1<\/a><\/li>\n\n\n\n<li><a href='?page_no=2'>2<\/a><\/li>\n\n\n\n<li><a>...<\/a><\/li>\n\n\n\n<li><a href='?page_no=28594'>28594<\/a><\/li>\n\n\n\n<li><a href='?page_no=28595'>28595<\/a><\/li>\n\n\n\n<li class='active'><a>28596<\/a><\/li>\n\n\n\n<li><a href='?page_no=28597'>28597<\/a><\/li>\n\n\n\n<li><a href='?page_no=28598'>28598<\/a><\/li>\n\n\n\n<li><a>...<\/a><\/li>\n\n\n\n<li><a href='?page_no=30472'>30472<\/a><\/li>\n\n\n\n<li><a href='?page_no=30473'>30473<\/a><\/li>\n\n    \n\t\n\n<li >\n\t<a href='?page_no=28597'>Next<\/a>\n\t<\/li>\n\n\n    \n\n<li><a href='?page_no=30473'>Last &rsaquo;&rsaquo;<\/a><\/li>\n\n<\/ul>\n\n\n--><br \/>\n<\/body><\/p>\n","protected":false},"excerpt":{"rendered":"<p>Exportaciones de cacao se incrementan en 101% &#13; &#13; SANTO DOMINGO.- El secretario de Agricultura, Salvador (Ch\u00edo)\u00a0 Jim\u00e9nez inform\u00f3 que los niveles de producci\u00f3n y exportaci\u00f3n del cacao han aumentado en un 89 por ciento en los \u00faltimos tres a\u00f1os.\u00a0Afirm\u00f3 que la generaci\u00f3n de divisas proveniente de las exportaciones de cacao se increment\u00f3 en un [&hellip;]<\/p>\n","protected":false},"author":3,"featured_media":0,"comment_status":"open","ping_status":"open","sticky":false,"template":"","format":"standard","meta":{"footnotes":""},"categories":[18],"tags":[],"class_list":["post-122716","post","type-post","status-publish","format-standard","hentry","category-economia"],"_links":{"self":[{"href":"https:\/\/diariodominicano.com\/index.php?rest_route=\/wp\/v2\/posts\/122716","targetHints":{"allow":["GET"]}}],"collection":[{"href":"https:\/\/diariodominicano.com\/index.php?rest_route=\/wp\/v2\/posts"}],"about":[{"href":"https:\/\/diariodominicano.com\/index.php?rest_route=\/wp\/v2\/types\/post"}],"author":[{"embeddable":true,"href":"https:\/\/diariodominicano.com\/index.php?rest_route=\/wp\/v2\/users\/3"}],"replies":[{"embeddable":true,"href":"https:\/\/diariodominicano.com\/index.php?rest_route=%2Fwp%2Fv2%2Fcomments&post=122716"}],"version-history":[{"count":0,"href":"https:\/\/diariodominicano.com\/index.php?rest_route=\/wp\/v2\/posts\/122716\/revisions"}],"wp:attachment":[{"href":"https:\/\/diariodominicano.com\/index.php?rest_route=%2Fwp%2Fv2%2Fmedia&parent=122716"}],"wp:term":[{"taxonomy":"category","embeddable":true,"href":"https:\/\/diariodominicano.com\/index.php?rest_route=%2Fwp%2Fv2%2Fcategories&post=122716"},{"taxonomy":"post_tag","embeddable":true,"href":"https:\/\/diariodominicano.com\/index.php?rest_route=%2Fwp%2Fv2%2Ftags&post=122716"}],"curies":[{"name":"wp","href":"https:\/\/api.w.org\/{rel}","templated":true}]}}