{"id":122715,"date":"2007-10-02T20:51:45","date_gmt":"2007-10-02T20:51:45","guid":{"rendered":"http:\/\/diariodominicano.ddns.net\/?p=122715"},"modified":"2007-10-02T20:51:45","modified_gmt":"2007-10-02T20:51:45","slug":"el-caribe-y-rd-ganan-espacios-en-la-preferencia-de-turistas-portugueses","status":"publish","type":"post","link":"https:\/\/diariodominicano.com\/?p=122715","title":{"rendered":"El Caribe y RD ganan espacios en la preferencia de turistas portugueses"},"content":{"rendered":"<p><body><\/p>\n<p align=\"justify\"><span class=\"titulogrande1\">El Caribe y RD ganan espacios en la  preferencia de turistas portugueses <\/span><br \/>&#13;<br \/>\n  <br \/>&#13;<br \/>\n    <span class=\"text1noticias\"><img loading=\"lazy\" decoding=\"async\" src=\"http:\/\/localhost:8080\/economia\/pictures\/turista.jpg\" width=\"269\" height=\"329\" hspace=\"4\" align=\"left\" \/>El Caribe est\u00e1 viviendo una coyuntura dif\u00edcil con la nueva ley de exigencia de pasaporte para turistas norteamericanos, pues los arribos de visitantes desde este mercado emisor, hasta ahora el m\u00e1s importante para la regi\u00f3n, han disminuido sustancialmente.<br \/>&#13;<br \/>\n    <br \/>&#13;<br \/>\n  Ante esta situaci\u00f3n las islas caribe\u00f1as comienzan a mirar con m\u00e1s inter\u00e9s hacia Europa, y dentro de ese gran mercado, el turismo portugu\u00e9s empieza a tener un peso considerable. <br \/>&#13;<br \/>\n  <br \/>&#13;<br \/>\n  As\u00ed lo ratifican datos recogidos por Caribbean News Digital, en una investigaci\u00f3n realizada con touroperadores portugueses. <br \/>&#13;<br \/>\n  <br \/>&#13;<br \/>\n  Portugal fue uno de los pa\u00edses que m\u00e1s contribuy\u00f3 al aumento de entradas de turistas extranjeros en los aeropuertos internacionales de la Rep\u00fablica Dominicana entre enero y agosto de este a\u00f1o -con m\u00e1s de 5 093 pasajeros- seg\u00fan informaciones del Banco Central de dicho pa\u00eds, aunque la entidad no indicara el n\u00famero total de portugueses en los ocho meses considerados.<br \/>&#13;<br \/>\n  <br \/>&#13;<br \/>\n  En el a\u00f1o 2006, la conocida agencia de viajes portuguesa Abreu envi\u00f3 al Caribe 7,800 turistas. En Cuba, uno de los destinos preferidos por estos visitantes, la combinaci\u00f3n que m\u00e1s les gust\u00f3 fue Varadero\/Iberostar. Mientras tanto, en Rep\u00fablica Dominicana, optaron m\u00e1s por Punta Cana \/ Riu e Iberostar. En cuanto a Jamaica, los portugueses que contrataron los servicios de Abreu prefirieron Negril \/ Riu y, en M\u00e9xico, Cancun &#8211; Riviera Maya \/ Riu e iberostar.<br \/>&#13;<br \/>\n  <br \/>&#13;<br \/>\n  Al referirse a las razones por las que los portugueses vienen al Caribe, ellos abundan en que gustan de la oferta sol y playa, y que en esta regi\u00f3n encuentran tambi\u00e9n seguridad y tranquilidad.<br \/>&#13;<br \/>\n  <br \/>&#13;<br \/>\n  De los hoteles, les gusta el buen servicio, la animaci\u00f3n y la excelencia en comidas e instalaciones.<br \/>&#13;<br \/>\n  <br \/>&#13;<br \/>\n  Sobre la p\u00e9rdida de turismo portugu\u00e9s hacia Brasil a favor del Caribe, S\u00f3nia Regateiro, directora de Operaciones de Soltr\u00f3pico, considera que la causa principal se encuentra en los subsidios a los turoperadores \u201cque hace ya tiempo hizo que el Nordeste brasile\u00f1o se vendiera a precios inferiores a los costos reales, lo que fue contra las leyes del  mercado.<\/span><\/p>\n<p>&#13;<\/p>\n<p align=\"justify\" class=\"text1noticias\"><strong>Cicom<\/strong><\/p>\n<p>&#13;<\/p>\n<h6> 2007-10-02 20:51:45 <\/h6>\n<p><!--\n<link rel=\"stylesheet\" href=\"css\/bootstrap.min.css\">\n\n\n<ul class=\"pagination\">\n\t    \n\t\n\n<li >\n\t<a href='?page_no=28594'>Previous<\/a>\n\t<\/li>\n\n\n       \n    \n\n<li><a href='?page_no=1'>1<\/a><\/li>\n\n\n\n<li><a href='?page_no=2'>2<\/a><\/li>\n\n\n\n<li><a>...<\/a><\/li>\n\n\n\n<li><a href='?page_no=28593'>28593<\/a><\/li>\n\n\n\n<li><a href='?page_no=28594'>28594<\/a><\/li>\n\n\n\n<li class='active'><a>28595<\/a><\/li>\n\n\n\n<li><a href='?page_no=28596'>28596<\/a><\/li>\n\n\n\n<li><a href='?page_no=28597'>28597<\/a><\/li>\n\n\n\n<li><a>...<\/a><\/li>\n\n\n\n<li><a href='?page_no=30472'>30472<\/a><\/li>\n\n\n\n<li><a href='?page_no=30473'>30473<\/a><\/li>\n\n    \n\t\n\n<li >\n\t<a href='?page_no=28596'>Next<\/a>\n\t<\/li>\n\n\n    \n\n<li><a href='?page_no=30473'>Last &rsaquo;&rsaquo;<\/a><\/li>\n\n<\/ul>\n\n\n--><br \/>\n<\/body><\/p>\n","protected":false},"excerpt":{"rendered":"<p>El Caribe y RD ganan espacios en la preferencia de turistas portugueses &#13; &#13; El Caribe est\u00e1 viviendo una coyuntura dif\u00edcil con la nueva ley de exigencia de pasaporte para turistas norteamericanos, pues los arribos de visitantes desde este mercado emisor, hasta ahora el m\u00e1s importante para la regi\u00f3n, han disminuido sustancialmente.&#13; &#13; Ante esta [&hellip;]<\/p>\n","protected":false},"author":3,"featured_media":0,"comment_status":"open","ping_status":"open","sticky":false,"template":"","format":"standard","meta":{"footnotes":""},"categories":[18],"tags":[],"class_list":["post-122715","post","type-post","status-publish","format-standard","hentry","category-economia"],"_links":{"self":[{"href":"https:\/\/diariodominicano.com\/index.php?rest_route=\/wp\/v2\/posts\/122715","targetHints":{"allow":["GET"]}}],"collection":[{"href":"https:\/\/diariodominicano.com\/index.php?rest_route=\/wp\/v2\/posts"}],"about":[{"href":"https:\/\/diariodominicano.com\/index.php?rest_route=\/wp\/v2\/types\/post"}],"author":[{"embeddable":true,"href":"https:\/\/diariodominicano.com\/index.php?rest_route=\/wp\/v2\/users\/3"}],"replies":[{"embeddable":true,"href":"https:\/\/diariodominicano.com\/index.php?rest_route=%2Fwp%2Fv2%2Fcomments&post=122715"}],"version-history":[{"count":0,"href":"https:\/\/diariodominicano.com\/index.php?rest_route=\/wp\/v2\/posts\/122715\/revisions"}],"wp:attachment":[{"href":"https:\/\/diariodominicano.com\/index.php?rest_route=%2Fwp%2Fv2%2Fmedia&parent=122715"}],"wp:term":[{"taxonomy":"category","embeddable":true,"href":"https:\/\/diariodominicano.com\/index.php?rest_route=%2Fwp%2Fv2%2Fcategories&post=122715"},{"taxonomy":"post_tag","embeddable":true,"href":"https:\/\/diariodominicano.com\/index.php?rest_route=%2Fwp%2Fv2%2Ftags&post=122715"}],"curies":[{"name":"wp","href":"https:\/\/api.w.org\/{rel}","templated":true}]}}