{"id":122714,"date":"2007-10-02T21:25:20","date_gmt":"2007-10-02T21:25:20","guid":{"rendered":"http:\/\/diariodominicano.ddns.net\/?p=122714"},"modified":"2007-10-02T21:25:20","modified_gmt":"2007-10-02T21:25:20","slug":"brotes-de-dengue","status":"publish","type":"post","link":"https:\/\/diariodominicano.com\/?p=122714","title":{"rendered":"BROTES DE DENGUE"},"content":{"rendered":"<p><body><\/p>\n<p align=\"justify\" class=\"text1noticias\"><span class=\"titulogrande1\">BROTES DE DENGUE<\/span><br \/>&#13;<br \/>\n  <br \/>&#13;<br \/>\n  Uno de los peores brotes de dengue en d\u00e9cadas se est\u00e1 diseminando por Latinoam\u00e9rica y el Caribe, donde ha causado la muerte de casi 200 personas en lo que va de a\u00f1o, informaron este fin de semana varias agencias de prensa y peri\u00f3dicos regionales, de los cuales se ha hecho eco Caribbean News Digital.<br \/>&#13;<br \/>\n  <br \/>&#13;<br \/>\n  Los mosquitos que portan la enfermedad se multiplican en las amplias villas miseria llenas de aguas estancadas, en basureros y neum\u00e1ticos viejos, estampas que abundan mucho en estas \u00e1reas, afirma Caribbean.<br \/>&#13;<br \/>\n  <br \/>&#13;<br \/>\n  Los expertos dicen que el dengue est\u00e1 alcanzado niveles r\u00e9cord este a\u00f1o, en momentos en que la \u00e9poca de lluvias en muchos pa\u00edses entra en su etapa m\u00e1s intensa. \u201cSi no lo frenamos, va a intensificarse y a cobrar un mayor saldo social y econ\u00f3mico en estos pa\u00edses\u201d, dijo el doctor Jos\u00e9 Luis San Mart\u00edn, jefe de los esfuerzos anti-dengue de la   Organizaci\u00f3n Panamericana de Salud (OPS), la agencia regional de salud p\u00fablica.<br \/>&#13;<br \/>\n  <br \/>&#13;<br \/>\n  Los Centros de Control y Prevenci\u00f3n de Enfermedades en Atlanta, Estados Unidos, han dispuesto un alerta este a\u00f1o para personas que viajan a pa\u00edses latinoamericanos y del Caribe, con el fin de que usen repelente contra mosquitos y se mantengan en \u00e1reas protegidas por mallas cada vez que les sea posible.<br \/>&#13;<br \/>\n  <br \/>&#13;<br \/>\n\u201cEl peligro es que los m\u00e9dicos no reconozcan el dengue\u201d, dijo el doctor Wellington Sun, jefe de la rama de los CDC en San Juan. \u201cLos doctores necesitan ser m\u00e1s suspicaces ante cualquier viajero que regrese con fiebre\u201d.<br \/>&#13;<br \/>\n<br \/>&#13;<br \/>\n  El dengue ya ha da\u00f1ado las econom\u00edas de pa\u00edses en la regi\u00f3n al reducir el n\u00famero de turistas, dice un documento preparado para un congreso de la OPS que comienza este lunes en Washington.<br \/>&#13;<br \/>\n  <br \/>&#13;<br \/>\n  Algunos pa\u00edses han concentrado sus esfuerzos de erradicaci\u00f3n de mosquitos en \u00e1reas populares entre turistas. M\u00e9xico envi\u00f3 a centenares de trabajadores a las ciudades tur\u00edsticas de Puerto Vallarta, Canc\u00fan y Acapulco este a\u00f1o para tratar de evitar brotes.<br \/>&#13;<br \/>\n  <br \/>&#13;<br \/>\n  Ese virus tropical fue una vez considerado como pr\u00e1cticamente eliminado de Am\u00e9rica Latina, pero ha recuperado fuerzas constantemente desde inicios de la d\u00e9cada de 1980. Ahora, funcionarios temen que pueda emerger como una pandemia similar a la que se convirti\u00f3 en la principal causa de muertes infantiles en el sureste de Asia luego de la   Segunda Guerra Mundial.<br \/>&#13;<br \/>\n  <br \/>&#13;<br \/>\n  Las autoridades dicen que el virus muy probablemente se va a volver m\u00e1s mortal, en parte porque el turismo y la migraci\u00f3n favorecen la circulaci\u00f3n de cuatro variantes diferentes por toda la regi\u00f3n. Una persona expuesta a una variante puede desarrollar inmunidad a la misma, pero la exposici\u00f3n subsiguiente a otra hace m\u00e1s probable que la persona contraiga la forma hemorr\u00e1gica.<\/p>\n<p>&#13;<\/p>\n<p align=\"justify\"><strong>CUBA ESPERA M\u00c1S DE 30 MIL TURISTAS RUSOS<\/strong> <\/p>\n<p>&#13;<\/p>\n<p align=\"justify\" class=\"text1noticias\">Productos tur\u00edsticos de Cubatur, Cubanac\u00e1n, Gaviota, Havanatur, Habaguanex, Gran Caribe, Sol y Son, e Isla Azul, junto a informaciones de especialistas del Bur\u00f3<br \/>&#13;<br \/>\n  de Convenciones, integraron la propuesta de este pa\u00eds en la Feria Internacional \u201cDescanso\u201d, que se celebr\u00f3 esta semana en Mosc\u00fa: El evento resultaba muy importante para la isla caribe\u00f1a, porque en \u00e9l se negocia la temporada de invierno, per\u00edodo de gran movimiento para el mercado ruso.<br \/>&#13;<br \/>\n  <br \/>&#13;<br \/>\n  Cuba exhibi\u00f3 su oferta en un stand de 60 metros cuadrados  -el mayor que ha presentado en el mercado ruso- dentro de esta feria, con sede en el Krocus Expo de Mosc\u00fa, a la que asisti\u00f3 una amplia delegaci\u00f3n de la isla caribe\u00f1a.<br \/>&#13;<br \/>\n  <br \/>&#13;<br \/>\n  Tambi\u00e9n formaron parte de la representaci\u00f3n firmas extranjeras que administran centros en polos tur\u00edsticos cubanos como Iberostar, Sol Meli\u00e1, Occidental, NH Hoteles, Barcel\u00f3, Sandals, Accor y SuperClubs.<br \/>&#13;<br \/>\n  <br \/>&#13;<br \/>\n  Para Cuba, esta bolsa comercial es muy significativa porque se negocia el mercado de invierno, estaci\u00f3n en la cual los rusos viajan hacia las zonas tropicales, dijo Carlos Oscar Hern\u00e1ndez, director de la oficina en Rusia del Ministerio de  Turismo (MINTUR).<br \/>&#13;<br \/>\n  <br \/>&#13;<br \/>\n  CICOM <\/p>\n<p>&#13;<\/p>\n<h6> 2007-10-02 21:25:20 <\/h6>\n<p><!--\n<link rel=\"stylesheet\" href=\"css\/bootstrap.min.css\">\n\n\n<ul class=\"pagination\">\n\t    \n\t\n\n<li >\n\t<a href='?page_no=28593'>Previous<\/a>\n\t<\/li>\n\n\n       \n    \n\n<li><a href='?page_no=1'>1<\/a><\/li>\n\n\n\n<li><a href='?page_no=2'>2<\/a><\/li>\n\n\n\n<li><a>...<\/a><\/li>\n\n\n\n<li><a href='?page_no=28592'>28592<\/a><\/li>\n\n\n\n<li><a href='?page_no=28593'>28593<\/a><\/li>\n\n\n\n<li class='active'><a>28594<\/a><\/li>\n\n\n\n<li><a href='?page_no=28595'>28595<\/a><\/li>\n\n\n\n<li><a href='?page_no=28596'>28596<\/a><\/li>\n\n\n\n<li><a>...<\/a><\/li>\n\n\n\n<li><a href='?page_no=30472'>30472<\/a><\/li>\n\n\n\n<li><a href='?page_no=30473'>30473<\/a><\/li>\n\n    \n\t\n\n<li >\n\t<a href='?page_no=28595'>Next<\/a>\n\t<\/li>\n\n\n    \n\n<li><a href='?page_no=30473'>Last &rsaquo;&rsaquo;<\/a><\/li>\n\n<\/ul>\n\n\n--><br \/>\n<\/body><\/p>\n","protected":false},"excerpt":{"rendered":"<p>BROTES DE DENGUE&#13; &#13; Uno de los peores brotes de dengue en d\u00e9cadas se est\u00e1 diseminando por Latinoam\u00e9rica y el Caribe, donde ha causado la muerte de casi 200 personas en lo que va de a\u00f1o, informaron este fin de semana varias agencias de prensa y peri\u00f3dicos regionales, de los cuales se ha hecho eco [&hellip;]<\/p>\n","protected":false},"author":3,"featured_media":0,"comment_status":"open","ping_status":"open","sticky":false,"template":"","format":"standard","meta":{"footnotes":""},"categories":[18],"tags":[],"class_list":["post-122714","post","type-post","status-publish","format-standard","hentry","category-economia"],"_links":{"self":[{"href":"https:\/\/diariodominicano.com\/index.php?rest_route=\/wp\/v2\/posts\/122714","targetHints":{"allow":["GET"]}}],"collection":[{"href":"https:\/\/diariodominicano.com\/index.php?rest_route=\/wp\/v2\/posts"}],"about":[{"href":"https:\/\/diariodominicano.com\/index.php?rest_route=\/wp\/v2\/types\/post"}],"author":[{"embeddable":true,"href":"https:\/\/diariodominicano.com\/index.php?rest_route=\/wp\/v2\/users\/3"}],"replies":[{"embeddable":true,"href":"https:\/\/diariodominicano.com\/index.php?rest_route=%2Fwp%2Fv2%2Fcomments&post=122714"}],"version-history":[{"count":0,"href":"https:\/\/diariodominicano.com\/index.php?rest_route=\/wp\/v2\/posts\/122714\/revisions"}],"wp:attachment":[{"href":"https:\/\/diariodominicano.com\/index.php?rest_route=%2Fwp%2Fv2%2Fmedia&parent=122714"}],"wp:term":[{"taxonomy":"category","embeddable":true,"href":"https:\/\/diariodominicano.com\/index.php?rest_route=%2Fwp%2Fv2%2Fcategories&post=122714"},{"taxonomy":"post_tag","embeddable":true,"href":"https:\/\/diariodominicano.com\/index.php?rest_route=%2Fwp%2Fv2%2Ftags&post=122714"}],"curies":[{"name":"wp","href":"https:\/\/api.w.org\/{rel}","templated":true}]}}