{"id":122713,"date":"2007-10-03T01:08:03","date_gmt":"2007-10-03T01:08:03","guid":{"rendered":"http:\/\/diariodominicano.ddns.net\/?p=122713"},"modified":"2007-10-03T01:08:03","modified_gmt":"2007-10-03T01:08:03","slug":"fmi-ve-buen-manejo-de-la-economia-dominicana","status":"publish","type":"post","link":"https:\/\/diariodominicano.com\/?p=122713","title":{"rendered":"FMI ve buen manejo de la econom\u00eda dominicana"},"content":{"rendered":"<p><body><\/p>\n<p align=\"justify\"><span class=\"titulogrande1\">FMI  \u00a0ve buen manejo de la econom\u00eda dominicana<\/span><br \/>&#13;<br \/>\n\u00a0<strong><br \/>&#13;<br \/>\n<img loading=\"lazy\" decoding=\"async\" src=\"http:\/\/localhost:8080\/economia\/pictures\/hector valdez albizu foto.jpg\" width=\"269\" height=\"405\" hspace=\"4\" align=\"left\" \/>Santo  Domingo.-<\/strong><span class=\"text1noticias\"> El Gabinete Econ\u00f3mico del Gobierno realiz\u00f3 \u00a0una reuni\u00f3n evaluativo con la misi\u00f3n del Fondo Monetario  Internacional (FMI) para pasar balance al acuerdo con el pa\u00eds.<\/span><\/p>\n<p>&#13;<\/p>\n<p align=\"justify\" class=\"text1noticias\">El gobernador del Banco  Central, H\u00e9ctor Valdez Abizu, explic\u00f3 que en la revisi\u00f3n se ha quedado  evidenciado el buen manejo econ\u00f3mico de la administraci\u00f3n del presidente Leonel  Fern\u00e1ndez. \u00abLa evaluaci\u00f3n indica que cumplimos de nuevo con los topos acordados  cualitativos y cuantitativo del acuerdo\u00bb, dijo el funcionario, para indicar que se mantiene la  estabilidad econ\u00f3mica. <\/p>\n<p>&#13;<\/p>\n<p align=\"justify\" class=\"text1noticias\"> Calific\u00f3 como \u00abun  absurdo la huelga porque tenemos mucho que perder y poco que ganar, pues somos  un pa\u00eds que camina en pasos firmes: con estabilidad envidiable, con el  crecimiento m\u00e1s alto en Am\u00e9rica Latina, inflaci\u00f3n controlable\u00bb. <\/p>\n<p>&#13;<\/p>\n<p align=\"justify\" class=\"text1noticias\">Sostiene que la huelga no  tiene raz\u00f3n de ser porque muchos de los problemas del pa\u00eds est\u00e1n fuera del  control del gobierno como la escalada alcista del precio del petr\u00f3leo en el mercado  internacional. \u00abDebemos actuar como mayor racionalidad y buscar la forma  del di\u00e1logo y avenencia\u00bb, dijo.\u00a0 <\/p>\n<p>&#13;<\/p>\n<p align=\"justify\" class=\"text1noticias\">La reuni\u00f3n se realiz\u00f3 en el  Sal\u00f3n Hermanas Mirabal, ubicado en la primera planta del Palacio Nacional.  Participaron adem\u00e1s del gobernador del Banco Central, el superintendente de Bancos,  Rafael Camilo, el jefe del gabinete econ\u00f3mico del Gobierno, Juan Tem\u00edstocles  Montas. Por el FMI participaron Andy Wolf, quien preside la misi\u00f3n, y los se\u00f1ores  Alonso Segura y Jorge Canales. Tambi\u00e9n un equipo de t\u00e9cnicos del Gobierno  dominicano y por el Fondo Monetario.<\/p>\n<p>&#13;<\/p>\n<p align=\"justify\" class=\"text1noticias\">Estaba programado que la  delegaci\u00f3n del FMI se marchara ayer del pa\u00eds.\u00a0 <\/p>\n<p>&#13;<\/p>\n<p align=\"justify\" class=\"text1noticias\">Valdez Albizu explic\u00f3 que el  Fondo hace la evaluaci\u00f3n y luego lo lleva al Directorio del FMI en Washint\u00f3n,  Estados Unidos. Al pregunt\u00e1rsele sobre si favorece que el Gobierno firme nuevamente con  el FMI, el gobernador del Banco Central afirm\u00f3 que esa ser\u00e1 una decisi\u00f3n  privativa del presidente Leonel Fern\u00e1ndez.<\/p>\n<p>&#13;<\/p>\n<h6> 2007-10-03 01:08:03 <\/h6>\n<p><!--\n<link rel=\"stylesheet\" href=\"css\/bootstrap.min.css\">\n\n\n<ul class=\"pagination\">\n\t    \n\t\n\n<li >\n\t<a href='?page_no=28592'>Previous<\/a>\n\t<\/li>\n\n\n       \n    \n\n<li><a href='?page_no=1'>1<\/a><\/li>\n\n\n\n<li><a href='?page_no=2'>2<\/a><\/li>\n\n\n\n<li><a>...<\/a><\/li>\n\n\n\n<li><a href='?page_no=28591'>28591<\/a><\/li>\n\n\n\n<li><a href='?page_no=28592'>28592<\/a><\/li>\n\n\n\n<li class='active'><a>28593<\/a><\/li>\n\n\n\n<li><a href='?page_no=28594'>28594<\/a><\/li>\n\n\n\n<li><a href='?page_no=28595'>28595<\/a><\/li>\n\n\n\n<li><a>...<\/a><\/li>\n\n\n\n<li><a href='?page_no=30472'>30472<\/a><\/li>\n\n\n\n<li><a href='?page_no=30473'>30473<\/a><\/li>\n\n    \n\t\n\n<li >\n\t<a href='?page_no=28594'>Next<\/a>\n\t<\/li>\n\n\n    \n\n<li><a href='?page_no=30473'>Last &rsaquo;&rsaquo;<\/a><\/li>\n\n<\/ul>\n\n\n--><br \/>\n<\/body><\/p>\n","protected":false},"excerpt":{"rendered":"<p>FMI \u00a0ve buen manejo de la econom\u00eda dominicana&#13; \u00a0&#13; Santo Domingo.- El Gabinete Econ\u00f3mico del Gobierno realiz\u00f3 \u00a0una reuni\u00f3n evaluativo con la misi\u00f3n del Fondo Monetario Internacional (FMI) para pasar balance al acuerdo con el pa\u00eds. &#13; El gobernador del Banco Central, H\u00e9ctor Valdez Abizu, explic\u00f3 que en la revisi\u00f3n se ha quedado evidenciado el [&hellip;]<\/p>\n","protected":false},"author":3,"featured_media":0,"comment_status":"open","ping_status":"open","sticky":false,"template":"","format":"standard","meta":{"footnotes":""},"categories":[18],"tags":[],"class_list":["post-122713","post","type-post","status-publish","format-standard","hentry","category-economia"],"_links":{"self":[{"href":"https:\/\/diariodominicano.com\/index.php?rest_route=\/wp\/v2\/posts\/122713","targetHints":{"allow":["GET"]}}],"collection":[{"href":"https:\/\/diariodominicano.com\/index.php?rest_route=\/wp\/v2\/posts"}],"about":[{"href":"https:\/\/diariodominicano.com\/index.php?rest_route=\/wp\/v2\/types\/post"}],"author":[{"embeddable":true,"href":"https:\/\/diariodominicano.com\/index.php?rest_route=\/wp\/v2\/users\/3"}],"replies":[{"embeddable":true,"href":"https:\/\/diariodominicano.com\/index.php?rest_route=%2Fwp%2Fv2%2Fcomments&post=122713"}],"version-history":[{"count":0,"href":"https:\/\/diariodominicano.com\/index.php?rest_route=\/wp\/v2\/posts\/122713\/revisions"}],"wp:attachment":[{"href":"https:\/\/diariodominicano.com\/index.php?rest_route=%2Fwp%2Fv2%2Fmedia&parent=122713"}],"wp:term":[{"taxonomy":"category","embeddable":true,"href":"https:\/\/diariodominicano.com\/index.php?rest_route=%2Fwp%2Fv2%2Fcategories&post=122713"},{"taxonomy":"post_tag","embeddable":true,"href":"https:\/\/diariodominicano.com\/index.php?rest_route=%2Fwp%2Fv2%2Ftags&post=122713"}],"curies":[{"name":"wp","href":"https:\/\/api.w.org\/{rel}","templated":true}]}}