{"id":122707,"date":"2007-10-03T23:15:09","date_gmt":"2007-10-03T23:15:09","guid":{"rendered":"http:\/\/diariodominicano.ddns.net\/?p=122707"},"modified":"2007-10-03T23:15:09","modified_gmt":"2007-10-03T23:15:09","slug":"inician-programa-certificacion-empresas","status":"publish","type":"post","link":"https:\/\/diariodominicano.com\/?p=122707","title":{"rendered":"Inician Programa Certificaci\u00f3n Empresas"},"content":{"rendered":"<p><body><\/p>\n<p class=\"titulogrande1\">Inician Programa  Certificaci\u00f3n Empresas<\/p>\n<p>&#13;<\/p>\n<p align=\"justify\" class=\"text1noticias\">Eddy Mart\u00ednez, director del CEI-RD explic\u00f3 que el \u00a0Programa persigue promover la adopci\u00f3n de  pr\u00e1cticas de gesti\u00f3n de la calidad en las empresas exportadoras dominicanas  basadas en est\u00e1ndares internacionales y forma parte del plan estrat\u00e9gico del  gobierno dominicano enfocado al\u00a0  fortalecimiento de la capacidad competitiva de las empresas y a la  promoci\u00f3n del comercio exterior.<\/p>\n<p>&#13;<\/p>\n<p align=\"justify\" class=\"text1noticias\"><strong><img loading=\"lazy\" decoding=\"async\" src=\"http:\/\/localhost:8080\/economia\/pictures\/eddy martinez.jpg\" width=\"269\" height=\"184\" hspace=\"4\" align=\"left\" \/>SANTO DOMINGO._<\/strong>El Centro de Exportaci\u00f3n e Inversi\u00f3n de la Rep\u00fablica Dominicana  (CEI-RD), la Secretaria  de Estado de Industria y Comercio (SEIC) y la Direcci\u00f3n General  de Normas y Sistemas de Calidad (DIGENOR) anunciaron este mi\u00e9rcoles \u00a0el inicio formal del \u201cPrograma de  Certificaci\u00f3n de Sistemas de Gesti\u00f3n de la Calidad para Empresas Exportadoras\u201d, el cual abarcar\u00e1  un total de 38 empresas ubicadas en todo el territorio nacional.<\/p>\n<p>&#13;<\/p>\n<p align=\"justify\" class=\"text1noticias\">El anuncio fue hecho durante un acto presidido por \u00a0Eddy Mart\u00ednez Manzueta, Secretario de Estado y  Director del CEI-RD, el Secretario de Industria y Comercio, Melanio Paredes y el Director General de la DIGENOR Julio  Santana.<\/p>\n<p>&#13;<\/p>\n<p align=\"justify\" class=\"text1noticias\">\u201cEste Programa persigue promover la adopci\u00f3n de  pr\u00e1cticas de gesti\u00f3n de la calidad en las empresas exportadoras dominicanas  basadas en est\u00e1ndares internacionales y forma parte del plan estrat\u00e9gico del  gobierno dominicano enfocado al \u00a0fortalecimiento de la capacidad competitiva de  las empresas y a la promoci\u00f3n del comercio exterior\u201d, indic\u00f3 el director del  CEI-RD.<\/p>\n<p>&#13;<\/p>\n<p align=\"justify\" class=\"text1noticias\">Expres\u00f3 adem\u00e1s que este programa no solo beneficiar\u00e1  las grandes empresas mediante ahorros significativos, sino las peque\u00f1as y medinas  (PYMES), ya que el CEI-RD esta coordinando con la Oficina Nacional de Fondos  Europeos de Desarrollo (ONFED) a trav\u00e9s de PROEMPRESA una cooperaci\u00f3n financiera  para apoyar las PYMES que no pueden absorber los costos que implica el proceso  de certificaci\u00f3n.<\/p>\n<p>&#13;<\/p>\n<p align=\"justify\" class=\"text1noticias\">Mientras que el director de DIGENOR, Julio Santana  dijo que la iniciativa incluye la asistencia t\u00e9cnica para la implementaci\u00f3n y  desarrollo de un sistema de gesti\u00f3n de la calidad en base a la norma  internacional ISO 9001-2000 y el otorgamiento de la certificaci\u00f3n con  reconocimiento internacional a las empresas que logren asumir este importante  compromiso con la calidad y las buenas pr\u00e1cticas de producci\u00f3n e higiene que  demanda la econom\u00eda global.<\/p>\n<p>&#13;<\/p>\n<p align=\"justify\" class=\"text1noticias\">Subray\u00f3 \u00a0la  necesidad de adoptar pr\u00e1cticas encaminadas al aseguramiento de la calidad en  las empresas y destacaron las ventajas de la certificaci\u00f3n de los sistemas de  gesti\u00f3n de la calidad para garantizar el acceso y mejor posicionamiento en los  mercados internacionales. <\/p>\n<p>&#13;<\/p>\n<p align=\"justify\" class=\"text1noticias\">Resalt\u00f3 que en la regi\u00f3n no se conoce un solo caso  de\u00a0 una cantidad tan significativa de  empresas que asuma de manera voluntaria y conjuntamente un compromiso con la  calidad en base a una norma tan reconocida y difundida como lo es la ISO  9001-2000, y saludaron el compromiso con la calidad asumido por los  participantes.<\/p>\n<p>&#13;<\/p>\n<p align=\"justify\" class=\"text1noticias\">El acto de inicio formal del \u201cPrograma de  Certificaci\u00f3n de Sistemas de Gesti\u00f3n de la Calidad para Empresas Exportadoras\u201d  estuvieron presentes los altos mandos de las empresas participantes y los ejecutivos  de AENOR y SERVIGUIDE, adem\u00e1s de una nutrida representaci\u00f3n de los sectores  empresariales dominicanos.<\/p>\n<p>&#13;<\/p>\n<p align=\"justify\" class=\"text1noticias\">El proyecto, que es el producto de un esfuerzo  conjunto del CEI-RD, de la Secretar\u00eda de Estado de Industria y Comercio y la  DIGENOR, cuenta con el apoyo de la Asociaci\u00f3n Espa\u00f1ola de Normalizaci\u00f3n y  Certificaci\u00f3n (AENOR), la cual tendr\u00e1 a cargo la certificaci\u00f3n de las empresas  con reconocimiento internacional, y de SERVIGUIDE, una empresa de consultor\u00eda  tambi\u00e9n espa\u00f1ola, la cual brindar\u00e1 la asistencia t\u00e9cnica para la implementaci\u00f3n  y desarrollo de un sistema de gesti\u00f3n en las empresas incluidas en el programa.<\/p>\n<p>&#13;<\/p>\n<p align=\"justify\" class=\"text1noticias\">Dentro de las  empresas exportadoras que participaron en la certificaci\u00f3n de sistema de  gesti\u00f3n de calidad conforme a la norma internacional ISO 9001-2000 se  encontraban:<\/p>\n<p>&#13;<\/p>\n<p align=\"justify\" class=\"text1noticias\"><strong>\u00a01. Sr. Luis Antonio S\u00e1nchez <\/strong><br \/>&#13;<br \/>\n Cooperativa  Agr\u00edcola Los Tainos <br \/>&#13;<br \/>\n(COOPPROBATA)<\/p>\n<p>&#13;<\/p>\n<p align=\"justify\" class=\"text1noticias\"><strong> 2. Sr. Jos\u00e9 Almonte<\/strong><br \/>&#13;<br \/>\nLaboratorio Noruel, C por A. <\/p>\n<p>&#13;<\/p>\n<p align=\"justify\" class=\"text1noticias\"><strong>3. Sr. Jos\u00e9 M. Gonz\u00e1lez Cuadra<\/strong><br \/>&#13;<br \/>\n Centro Cuesta  Nacional, C por A.<br \/>&#13;<br \/>\n C<\/p>\n<p>&#13;<\/p>\n<p align=\"justify\" class=\"text1noticias\"><strong> 4. Sra. Gilda Genao de Henderson <\/strong><br \/>&#13;<br \/>\nAlmacenes Empresariales de<br \/>&#13;<br \/>\nDep\u00f3sitos, (ALMADECA)<br \/>&#13;<br \/>\n  \u00a0<br \/>&#13;<br \/>\n  <strong>5. Sra.\u00a0  Fanny Reyes <\/strong><br \/>&#13;<br \/>\n  Laboratorio Rysell, S. A.<\/p>\n<p>&#13;<\/p>\n<p align=\"justify\" class=\"text1noticias\"><strong>6. Sr. Ismael Reyes Cruz<\/strong><br \/>&#13;<br \/>\n  Laboratorio Rysell, S. A.<\/p>\n<p>&#13;<\/p>\n<p align=\"justify\" class=\"text1noticias\"><strong>7. Sr. Carlos A.  Berm\u00fadez Pippa<\/strong><br \/>&#13;<br \/>\n  J. Armando Bermudez &amp; Co., C por A.<\/p>\n<p>&#13;<\/p>\n<p align=\"justify\" class=\"text1noticias\"><strong>8.<\/strong> <strong>Sr. Angel Bautista Cairo<\/strong><br \/>&#13;<br \/>\n Goya Santo Domingo, S. A.<br \/>&#13;<br \/>\n  \u00a0 <br \/>&#13;<br \/>\n  <strong>\u00a09. Sra. Rosa Elvira Reyes P\u00e9rez<\/strong><br \/>&#13;<br \/>\n Goya Santo Domingo, S. A.<\/p>\n<p>&#13;<\/p>\n<p align=\"justify\" class=\"text1noticias\"><strong>10. Sr. Juan  Alberto N\u00fa\u00f1ez Collado<\/strong><br \/>&#13;<br \/>\n  Procesadora San Mart\u00edn de Porres, S. A.<\/p>\n<p>&#13;<\/p>\n<p align=\"justify\" class=\"text1noticias\"><strong>11. Sr.Isidoro de la Rosa Ogando<\/strong><br \/>&#13;<br \/>\n  Confederaci\u00f3n Nacional de\u00a0 <br \/>&#13;<br \/>\n  Cacaocultores Dominicanos, Inc.<\/p>\n<p>&#13;<\/p>\n<p align=\"justify\" class=\"text1noticias\"><strong>12. Sr. Julio V.  Brache Alvarez <\/strong><br \/>&#13;<br \/>\n  Pasteurizadora Rica, C por A.<\/p>\n<p>&#13;<\/p>\n<p align=\"justify\" class=\"text1noticias\"><strong>13. Sr. Jos\u00e9 M.  Arredondo Henriquez<\/strong><br \/>&#13;<br \/>\n  Pasteurizadora Rica, C por A.<\/p>\n<p>&#13;<\/p>\n<p align=\"justify\" class=\"text1noticias\"><strong>14. Sr. Domingo  Viyella Caolo<\/strong><br \/>&#13;<br \/>\n  Fertilizantes Santo Domingo, C por A. (Edificio  Fersan)<\/p>\n<p>&#13;<\/p>\n<p align=\"justify\" class=\"text1noticias\"><strong>15. Sr. Thomas  Oronti<\/strong><br \/>&#13;<br \/>\n  Crestwood Dominicana- Nearshore<\/p>\n<p>&#13;<\/p>\n<p align=\"justify\" class=\"text1noticias\"><strong>16. Sr. Jose A.  Acosta<\/strong><br \/>&#13;<br \/>\n  Crestwood Dominicana- Nearshore<\/p>\n<p>&#13;<\/p>\n<p align=\"justify\" class=\"text1noticias\"><strong>17. Sra. Katiuska  Vicioso S\u00e1nchez <\/strong><br \/>&#13;<br \/>\n Nikay Bio Proceso, S. A. &amp;  Maysak, S. A.<br \/>&#13;<br \/>\n  \u00a0 <br \/>&#13;<br \/>\n  <strong>18. Sr. C\u00e9sar  Alejandro Aybar Batista<\/strong><br \/>&#13;<br \/>\n Nikay Bio Proceso, S. A. &amp;  Maysak, S. A.<br \/>&#13;<br \/>\n  \u00a0 <br \/>&#13;<br \/>\n  <strong>19. Sr. Pascual  Bienvenido Ortiz<\/strong><br \/>&#13;<br \/>\nCasa Calin, S. A. <br \/>&#13;<br \/>\n  \u00a0<br \/>&#13;<br \/>\n  <strong>20. Sr. Jorge Luis  Collado<\/strong><br \/>&#13;<br \/>\nCasa Calin, S. A. <\/p>\n<p>&#13;<\/p>\n<h6> 2007-10-03 23:15:09 <\/h6>\n<p><!--\n<link rel=\"stylesheet\" href=\"css\/bootstrap.min.css\">\n\n\n<ul class=\"pagination\">\n\t    \n\t\n\n<li >\n\t<a href='?page_no=28586'>Previous<\/a>\n\t<\/li>\n\n\n       \n    \n\n<li><a href='?page_no=1'>1<\/a><\/li>\n\n\n\n<li><a href='?page_no=2'>2<\/a><\/li>\n\n\n\n<li><a>...<\/a><\/li>\n\n\n\n<li><a href='?page_no=28585'>28585<\/a><\/li>\n\n\n\n<li><a href='?page_no=28586'>28586<\/a><\/li>\n\n\n\n<li class='active'><a>28587<\/a><\/li>\n\n\n\n<li><a href='?page_no=28588'>28588<\/a><\/li>\n\n\n\n<li><a href='?page_no=28589'>28589<\/a><\/li>\n\n\n\n<li><a>...<\/a><\/li>\n\n\n\n<li><a href='?page_no=30472'>30472<\/a><\/li>\n\n\n\n<li><a href='?page_no=30473'>30473<\/a><\/li>\n\n    \n\t\n\n<li >\n\t<a href='?page_no=28588'>Next<\/a>\n\t<\/li>\n\n\n    \n\n<li><a href='?page_no=30473'>Last &rsaquo;&rsaquo;<\/a><\/li>\n\n<\/ul>\n\n\n--><br \/>\n<\/body><\/p>\n","protected":false},"excerpt":{"rendered":"<p>Inician Programa Certificaci\u00f3n Empresas &#13; Eddy Mart\u00ednez, director del CEI-RD explic\u00f3 que el \u00a0Programa persigue promover la adopci\u00f3n de pr\u00e1cticas de gesti\u00f3n de la calidad en las empresas exportadoras dominicanas basadas en est\u00e1ndares internacionales y forma parte del plan estrat\u00e9gico del gobierno dominicano enfocado al\u00a0 fortalecimiento de la capacidad competitiva de las empresas y a [&hellip;]<\/p>\n","protected":false},"author":3,"featured_media":0,"comment_status":"open","ping_status":"open","sticky":false,"template":"","format":"standard","meta":{"footnotes":""},"categories":[18],"tags":[],"class_list":["post-122707","post","type-post","status-publish","format-standard","hentry","category-economia"],"_links":{"self":[{"href":"https:\/\/diariodominicano.com\/index.php?rest_route=\/wp\/v2\/posts\/122707","targetHints":{"allow":["GET"]}}],"collection":[{"href":"https:\/\/diariodominicano.com\/index.php?rest_route=\/wp\/v2\/posts"}],"about":[{"href":"https:\/\/diariodominicano.com\/index.php?rest_route=\/wp\/v2\/types\/post"}],"author":[{"embeddable":true,"href":"https:\/\/diariodominicano.com\/index.php?rest_route=\/wp\/v2\/users\/3"}],"replies":[{"embeddable":true,"href":"https:\/\/diariodominicano.com\/index.php?rest_route=%2Fwp%2Fv2%2Fcomments&post=122707"}],"version-history":[{"count":0,"href":"https:\/\/diariodominicano.com\/index.php?rest_route=\/wp\/v2\/posts\/122707\/revisions"}],"wp:attachment":[{"href":"https:\/\/diariodominicano.com\/index.php?rest_route=%2Fwp%2Fv2%2Fmedia&parent=122707"}],"wp:term":[{"taxonomy":"category","embeddable":true,"href":"https:\/\/diariodominicano.com\/index.php?rest_route=%2Fwp%2Fv2%2Fcategories&post=122707"},{"taxonomy":"post_tag","embeddable":true,"href":"https:\/\/diariodominicano.com\/index.php?rest_route=%2Fwp%2Fv2%2Ftags&post=122707"}],"curies":[{"name":"wp","href":"https:\/\/api.w.org\/{rel}","templated":true}]}}