{"id":122706,"date":"2007-10-03T23:25:34","date_gmt":"2007-10-03T23:25:34","guid":{"rendered":"http:\/\/diariodominicano.ddns.net\/?p=122706"},"modified":"2007-10-03T23:25:34","modified_gmt":"2007-10-03T23:25:34","slug":"especialista-alemana-recomienda-intensificar-la-agricultura-organica-para-aumentar-exportacion","status":"publish","type":"post","link":"https:\/\/diariodominicano.com\/?p=122706","title":{"rendered":"Especialista alemana recomienda intensificar la agricultura org\u00e1nica para aumentar exportaci\u00f3n"},"content":{"rendered":"<p><body><\/p>\n<p align=\"justify\" class=\"titulogrande1\">Especialista alemana recomienda  intensificar la agricultura org\u00e1nica para aumentar exportaci\u00f3n<\/p>\n<p>&#13;<\/p>\n<p align=\"justify\" class=\"text1noticias\"><strong><img loading=\"lazy\" decoding=\"async\" src=\"http:\/\/localhost:8080\/economia\/pictures\/paino abreu y andrea brechelt.jpg\" width=\"269\" height=\"362\" hspace=\"4\" align=\"left\" \/>SANTO DOMINGO.-<\/strong> Una especialista agr\u00edcola  plante\u00f3 la necesidad de impulsar en gran escala la agricultura org\u00e1nica con el  objetivo de satisfacer la gran demanda que se registra en los mercados  internacionales, fundamentalmente en pa\u00edses desarrollados. <\/p>\n<p>&#13;<\/p>\n<p align=\"justify\" class=\"text1noticias\">Andrea Brechelt, de la Fundaci\u00f3n Agricultura  y Medio Ambiente, explic\u00f3 que solamente una integraci\u00f3n hacia las condiciones naturales  va ha permitir una producci\u00f3n estable, ecol\u00f3gicamente sana, econ\u00f3micamente  rentable y sostenible, y agreg\u00f3 que en ese contexto el consumidor ha empezado a  reclamar productos sanos, mientras el productor reclama m\u00e1s seguridad y los  ecologistas demandan la protecci\u00f3n del medio ambiente. <\/p>\n<p>&#13;<\/p>\n<p align=\"justify\" class=\"text1noticias\">En tanto, el ingeniero Pa\u00edno Abreu  Collado, administrador del Banco Agr\u00edcola, dijo que la instituci\u00f3n est\u00e1 en  disposici\u00f3n de facilitar a los productores los financiamientos que requieran  para el desarrollo de la agricultura org\u00e1nica dirigida a los mercados  nacionales e internacionales. <\/p>\n<p>&#13;<\/p>\n<p align=\"justify\" class=\"text1noticias\">Expres\u00f3 que el Bagr\u00edcola ha venido  facilitando recursos a los agricultores que se dedican a la producci\u00f3n de cacao  y guineo org\u00e1nicos, entre otros, con fines de exportaci\u00f3n. Record\u00f3 que el pa\u00eds  es el principal exportador de alimentos org\u00e1nicos al Continente Europeo. <\/p>\n<p>&#13;<\/p>\n<p align=\"justify\" class=\"text1noticias\">Al pronunciar una conferencia a t\u00e9cnicos y  ejecutivos del Banco Agr\u00edcola, Brechelt sostuvo que la agricultura org\u00e1nica es  una visi\u00f3n sist\u00e9mica de la producci\u00f3n agr\u00edcola que usa como gu\u00eda los procesos  naturales para incrementar la producci\u00f3n. <\/p>\n<p>&#13;<\/p>\n<p align=\"justify\" class=\"text1noticias\">Refiri\u00f3 que la agricultura org\u00e1nica es la  manera por medio de la cual el hombre puede practicar el agro acerc\u00e1ndose en lo  posible a los procesos que ocurren espont\u00e1neamente en la naturaleza. Ese  acercamiento presupone el uso adecuado de los recursos naturales. <br \/>&#13;<br \/>\n  \u00a0 <br \/>&#13;<br \/>\n  La especialista alem\u00e1n entiende que en la  agricultura convencional el cultivo se alimenta mediante fertilizantes qu\u00edmicos  y compuestos hormonales sint\u00e9ticos que aplicados al follaje o al suelo van a  ser absorbidos inmediatamente. <\/p>\n<p>&#13;<\/p>\n<p align=\"justify\" class=\"text1noticias\">Indic\u00f3 que esos aportes solamente  sustituyen los nutrientes sacados por las cosechas y no mejoran las condiciones  del suelo a largo plazo, y se\u00f1al\u00f3 que los insectos, enfermedades y hierbas se  pueden controlar tambi\u00e9n utilizando productos biol\u00f3gicos en lugar de  plaguicidas sint\u00e9ticos, tales como insecticidas, fungicidas y herbicidas. <\/p>\n<p>&#13;<\/p>\n<p align=\"justify\" class=\"text1noticias\">Brechelt afirm\u00f3 que en la agricultura  org\u00e1nica se propone, tanto para el mantenimiento de la vida del suelo, como para  el manejo de plagas y enfermedades, la conservaci\u00f3n del principio de la  biodiversidad a trav\u00e9s de la implementaci\u00f3n de agrosistemas altamente  diversificados. <\/p>\n<p>&#13;<\/p>\n<p align=\"justify\" class=\"text1noticias\">Expres\u00f3 que en la pr\u00e1ctica esto significa  el uso de plantas compa\u00f1eras o repelentes, la asociaci\u00f3n y rotaci\u00f3n de  cultivos, el uso y fortalecimiento de insectos ben\u00e9ficos, entomopat\u00f3genos,  hongos antagonistas, insecticidas y fungicidas de origen bot\u00e1nico, permitiendo  la utilizaci\u00f3n de algunos elementos qu\u00edmicos como azufre, cobre y cal que contribuyen  a conservar el equilibrio ecol\u00f3gico manteniendo la actividad biol\u00f3gica. <\/p>\n<p>&#13;<\/p>\n<p align=\"justify\" class=\"text1noticias\">Explic\u00f3 \u00a0que las malezas se controlan con una  preparaci\u00f3n adecuada de suelos, siembras oportunas\u00a0 y con labores culturales. <\/p>\n<p>&#13;<\/p>\n<p align=\"justify\" class=\"text1noticias\">Indic\u00f3 \u00a0que el aumento de la producci\u00f3n agr\u00edcola y  especialmente de monocultivos ha creado un aumento extraordinario de insectos,  plagas y enfermedades que se han hecho fuertes en ese cultivo. <\/p>\n<p>&#13;<\/p>\n<h6> 2007-10-03 23:25:34 <\/h6>\n<p><!--\n<link rel=\"stylesheet\" href=\"css\/bootstrap.min.css\">\n\n\n<ul class=\"pagination\">\n\t    \n\t\n\n<li >\n\t<a href='?page_no=28585'>Previous<\/a>\n\t<\/li>\n\n\n       \n    \n\n<li><a href='?page_no=1'>1<\/a><\/li>\n\n\n\n<li><a href='?page_no=2'>2<\/a><\/li>\n\n\n\n<li><a>...<\/a><\/li>\n\n\n\n<li><a href='?page_no=28584'>28584<\/a><\/li>\n\n\n\n<li><a href='?page_no=28585'>28585<\/a><\/li>\n\n\n\n<li class='active'><a>28586<\/a><\/li>\n\n\n\n<li><a href='?page_no=28587'>28587<\/a><\/li>\n\n\n\n<li><a href='?page_no=28588'>28588<\/a><\/li>\n\n\n\n<li><a>...<\/a><\/li>\n\n\n\n<li><a href='?page_no=30472'>30472<\/a><\/li>\n\n\n\n<li><a href='?page_no=30473'>30473<\/a><\/li>\n\n    \n\t\n\n<li >\n\t<a href='?page_no=28587'>Next<\/a>\n\t<\/li>\n\n\n    \n\n<li><a href='?page_no=30473'>Last &rsaquo;&rsaquo;<\/a><\/li>\n\n<\/ul>\n\n\n--><br \/>\n<\/body><\/p>\n","protected":false},"excerpt":{"rendered":"<p>Especialista alemana recomienda intensificar la agricultura org\u00e1nica para aumentar exportaci\u00f3n &#13; SANTO DOMINGO.- Una especialista agr\u00edcola plante\u00f3 la necesidad de impulsar en gran escala la agricultura org\u00e1nica con el objetivo de satisfacer la gran demanda que se registra en los mercados internacionales, fundamentalmente en pa\u00edses desarrollados. &#13; Andrea Brechelt, de la Fundaci\u00f3n Agricultura y Medio [&hellip;]<\/p>\n","protected":false},"author":3,"featured_media":0,"comment_status":"open","ping_status":"open","sticky":false,"template":"","format":"standard","meta":{"footnotes":""},"categories":[18],"tags":[],"class_list":["post-122706","post","type-post","status-publish","format-standard","hentry","category-economia"],"_links":{"self":[{"href":"https:\/\/diariodominicano.com\/index.php?rest_route=\/wp\/v2\/posts\/122706","targetHints":{"allow":["GET"]}}],"collection":[{"href":"https:\/\/diariodominicano.com\/index.php?rest_route=\/wp\/v2\/posts"}],"about":[{"href":"https:\/\/diariodominicano.com\/index.php?rest_route=\/wp\/v2\/types\/post"}],"author":[{"embeddable":true,"href":"https:\/\/diariodominicano.com\/index.php?rest_route=\/wp\/v2\/users\/3"}],"replies":[{"embeddable":true,"href":"https:\/\/diariodominicano.com\/index.php?rest_route=%2Fwp%2Fv2%2Fcomments&post=122706"}],"version-history":[{"count":0,"href":"https:\/\/diariodominicano.com\/index.php?rest_route=\/wp\/v2\/posts\/122706\/revisions"}],"wp:attachment":[{"href":"https:\/\/diariodominicano.com\/index.php?rest_route=%2Fwp%2Fv2%2Fmedia&parent=122706"}],"wp:term":[{"taxonomy":"category","embeddable":true,"href":"https:\/\/diariodominicano.com\/index.php?rest_route=%2Fwp%2Fv2%2Fcategories&post=122706"},{"taxonomy":"post_tag","embeddable":true,"href":"https:\/\/diariodominicano.com\/index.php?rest_route=%2Fwp%2Fv2%2Ftags&post=122706"}],"curies":[{"name":"wp","href":"https:\/\/api.w.org\/{rel}","templated":true}]}}