{"id":122705,"date":"2007-10-04T00:02:40","date_gmt":"2007-10-04T00:02:40","guid":{"rendered":"http:\/\/diariodominicano.ddns.net\/?p=122705"},"modified":"2007-10-04T00:02:40","modified_gmt":"2007-10-04T00:02:40","slug":"los-expertos-apuntan-a-que-el-bce-mantendra-los-tipos-en-el-4-por-ciento","status":"publish","type":"post","link":"https:\/\/diariodominicano.com\/?p=122705","title":{"rendered":"Los expertos apuntan a que el BCE mantendr\u00e1 los tipos en el 4 por ciento"},"content":{"rendered":"<p><body><\/p>\n<p align=\"justify\"><strong class=\"titulogrande1\">Los expertos  apuntan a que el BCE mantendr\u00e1 los tipos en el 4 por ciento<\/strong><br \/>&#13;<br \/>\n  <br \/>&#13;<br \/>\n    <span class=\"text1noticias\">Las 53 entidades de  cr\u00e9dito consultadas por la agencia Dow Jones consideran que el Banco Central  Europeo mantendr\u00e1 ma\u00f1ana las tasas tras las se\u00f1ales de ralentizaci\u00f3n de la  econom\u00eda <\/span><\/p>\n<p>&#13;<\/p>\n<p align=\"justify\" class=\"text1noticias\"><strong><img loading=\"lazy\" decoding=\"async\" src=\"http:\/\/localhost:8080\/economia\/pictures\/banco central europeo.jpg\" width=\"269\" height=\"270\" hspace=\"4\" align=\"left\" \/>BRUSELAS.-<\/strong>  El Banco Central Europeo (BCE) mantendr\u00e1 los tipos de inter\u00e9s en el 4 por  ciento tras las primeras se\u00f1ales de ralentizaci\u00f3n del crecimiento econ\u00f3mico de  la zona del euro, coinciden los expertos.<br \/>&#13;<br \/>\n  <br \/>&#13;<br \/>\n  Las  53 entidades de cr\u00e9dito consultadas por la agencia Dow Jones consideraron que  el consejo de gobierno del BCE mantendr\u00e1 las tasas en la reuni\u00f3n que celebrar\u00e1  ma\u00f1ana en Viena. Silvia Pepino, analista del banco JP Morgan, dijo a Efe que  \u00abse han dado se\u00f1ales de ralentizaci\u00f3n del crecimiento econ\u00f3mico de la zona  del euro y las encuestas de confianza muestran que el sector financiero ha sido  el m\u00e1s afectado\u00bb.<br \/>&#13;<br \/>\n  <br \/>&#13;<br \/>\n  El  retroceso tambi\u00e9n se observa en el sector de ventas minoristas y en la  confianza del consumidor del \u00e1rea euro, lo que sugiere que los hogares posiblemente  frenan sus planes de gasto porque la incertidumbre sobre el futuro aumenta y  gran parte de sus ingresos disponibles son absorbidos por precios m\u00e1s elevados  y el pago de hipotecas, seg\u00fan JP Morgan.<br \/>&#13;<br \/>\n  <br \/>&#13;<br \/>\n  El  \u00edndice de la actividad del sector servicios y del sector manufacturero del \u00e1rea  euro baj\u00f3 en septiembre hasta 54,7 puntos, el nivel m\u00e1s bajo en casi dos a\u00f1os y  frente a los 57,4 puntos del mes anterior.<br \/>&#13;<br \/>\n  <br \/>&#13;<br \/>\n  El  retroceso del \u00edndice del sector servicios, que incluye el sector financiero,  fue m\u00e1s fuerte que el manufacturero el mes pasado como consecuencia de la  escasez de liquidez y la consiguiente incertidumbre financiera.<br \/>&#13;<br \/>\n  <br \/>&#13;<br \/>\n  Esta  escasez de liquidez ha disparado el precio del dinero en el mercado  interbancario del euro hasta niveles m\u00e1ximos de los \u00faltimos seis a\u00f1os. El  Euribor a tres meses se situ\u00f3 hoy de nuevo al 4,79 por ciento, muy por encima  de la tasa oficial del BCE. Pepino consider\u00f3 que a esta gradual desaceleraci\u00f3n  econ\u00f3mica han contribuido la actual crisis crediticia, la fortaleza del euro y  el enfriamiento de la econom\u00eda estadounidense.<br \/>&#13;<br \/>\n  <br \/>&#13;<br \/>\n  Para  el BCE, la situaci\u00f3n es dif\u00edcil ya que los signos de debilitamiento econ\u00f3mico  aparecen al mismo tiempo que se incrementan las expectativas de inflaci\u00f3n,  a\u00f1adi\u00f3 la analista de JP Morgan. El \u00edndice de confianza econ\u00f3mica Sammelindex  cay\u00f3 en septiembre tres puntos, hasta 107,1 puntos, el nivel m\u00e1s bajo desde  mayo del pasado a\u00f1o, seg\u00fan cifras de la oficina de estad\u00edstica europea  Eurostat.<br \/>&#13;<br \/>\n  <br \/>&#13;<br \/>\n  El  euro se ha revalorizado con fuerza frente al d\u00f3lar en las ultimas semanas por  las expectativas de que se reduzca el diferencial de los tipos de inter\u00e9s entre  la zona euro y EEUU, donde actualmente est\u00e1n en el 4,75 por ciento. El  presidente de la patronal europea BusinessEuropeo, Ernest-Antoine Seilli\u00e9re,  inst\u00f3 al BCE a hacer algo para frenar los riesgos de la apreciaci\u00f3n del euro.<br \/>&#13;<br \/>\n  <br \/>&#13;<br \/>\n\u00abEspero  que el BCE garantice el correcto funcionamiento de la pol\u00edtica econ\u00f3mica de la Uni\u00f3n Europea (UE)  para hacer frente a este inusual momento de incertidumbre econ\u00f3mica\u00bb y que  los \u00abriesgos\u00bb de la elevada cotizaci\u00f3n del euro frente al d\u00f3lar sean  una de las prioridades de la instituci\u00f3n, dijo el presidente de los  empresarios.<br \/>&#13;<br \/>\n<br \/>&#13;<br \/>\nSeilli\u00e9re  pidi\u00f3 a los ministros de Finanzas de la zona del euro medidas para mitigar el  efecto negativo de la fuerte apreciaci\u00f3n de la moneda \u00fanica sobre las  exportaciones. En el mercado de divisas de Fr\u00e1ncfort, el euro se cambiaba hoy  hacia las 15.55 horas GMT a 1,4135 d\u00f3lares, un 10 por ciento por encima de su  valor m\u00ednimo anual del 12 de enero.<br \/>&#13;<br \/>\n<br \/>&#13;<br \/>\nLa  divisa europea bati\u00f3 el pasado lunes un nuevo r\u00e9cord frente al billete verde en  1,4282 d\u00f3lares y despu\u00e9s ha perdido posiciones por recogida de beneficios. En  la encuesta de Dow Jones, 40 bancos pronosticaron que los tipos de inter\u00e9s  permanecer\u00e1n en el 4 por ciento en lo que queda de a\u00f1o, diez previeron un  aumento en 25 puntos b\u00e1sicos y dos, un recorte moderado.<br \/>&#13;<br \/>\n<br \/>&#13;<br \/>\n  <strong>EFE<\/strong> 03\/10\/2007 <\/p>\n<p>&#13;<\/p>\n<h6> 2007-10-04 00:02:40 <\/h6>\n<p><!--\n<link rel=\"stylesheet\" href=\"css\/bootstrap.min.css\">\n\n\n<ul class=\"pagination\">\n\t    \n\t\n\n<li >\n\t<a href='?page_no=28584'>Previous<\/a>\n\t<\/li>\n\n\n       \n    \n\n<li><a href='?page_no=1'>1<\/a><\/li>\n\n\n\n<li><a href='?page_no=2'>2<\/a><\/li>\n\n\n\n<li><a>...<\/a><\/li>\n\n\n\n<li><a href='?page_no=28583'>28583<\/a><\/li>\n\n\n\n<li><a href='?page_no=28584'>28584<\/a><\/li>\n\n\n\n<li class='active'><a>28585<\/a><\/li>\n\n\n\n<li><a href='?page_no=28586'>28586<\/a><\/li>\n\n\n\n<li><a href='?page_no=28587'>28587<\/a><\/li>\n\n\n\n<li><a>...<\/a><\/li>\n\n\n\n<li><a href='?page_no=30472'>30472<\/a><\/li>\n\n\n\n<li><a href='?page_no=30473'>30473<\/a><\/li>\n\n    \n\t\n\n<li >\n\t<a href='?page_no=28586'>Next<\/a>\n\t<\/li>\n\n\n    \n\n<li><a href='?page_no=30473'>Last &rsaquo;&rsaquo;<\/a><\/li>\n\n<\/ul>\n\n\n--><br \/>\n<\/body><\/p>\n","protected":false},"excerpt":{"rendered":"<p>Los expertos apuntan a que el BCE mantendr\u00e1 los tipos en el 4 por ciento&#13; &#13; Las 53 entidades de cr\u00e9dito consultadas por la agencia Dow Jones consideran que el Banco Central Europeo mantendr\u00e1 ma\u00f1ana las tasas tras las se\u00f1ales de ralentizaci\u00f3n de la econom\u00eda &#13; BRUSELAS.- El Banco Central Europeo (BCE) mantendr\u00e1 los tipos [&hellip;]<\/p>\n","protected":false},"author":3,"featured_media":0,"comment_status":"open","ping_status":"open","sticky":false,"template":"","format":"standard","meta":{"footnotes":""},"categories":[18],"tags":[],"class_list":["post-122705","post","type-post","status-publish","format-standard","hentry","category-economia"],"_links":{"self":[{"href":"https:\/\/diariodominicano.com\/index.php?rest_route=\/wp\/v2\/posts\/122705","targetHints":{"allow":["GET"]}}],"collection":[{"href":"https:\/\/diariodominicano.com\/index.php?rest_route=\/wp\/v2\/posts"}],"about":[{"href":"https:\/\/diariodominicano.com\/index.php?rest_route=\/wp\/v2\/types\/post"}],"author":[{"embeddable":true,"href":"https:\/\/diariodominicano.com\/index.php?rest_route=\/wp\/v2\/users\/3"}],"replies":[{"embeddable":true,"href":"https:\/\/diariodominicano.com\/index.php?rest_route=%2Fwp%2Fv2%2Fcomments&post=122705"}],"version-history":[{"count":0,"href":"https:\/\/diariodominicano.com\/index.php?rest_route=\/wp\/v2\/posts\/122705\/revisions"}],"wp:attachment":[{"href":"https:\/\/diariodominicano.com\/index.php?rest_route=%2Fwp%2Fv2%2Fmedia&parent=122705"}],"wp:term":[{"taxonomy":"category","embeddable":true,"href":"https:\/\/diariodominicano.com\/index.php?rest_route=%2Fwp%2Fv2%2Fcategories&post=122705"},{"taxonomy":"post_tag","embeddable":true,"href":"https:\/\/diariodominicano.com\/index.php?rest_route=%2Fwp%2Fv2%2Ftags&post=122705"}],"curies":[{"name":"wp","href":"https:\/\/api.w.org\/{rel}","templated":true}]}}