{"id":122704,"date":"2007-10-04T04:51:34","date_gmt":"2007-10-04T04:51:34","guid":{"rendered":"http:\/\/diariodominicano.ddns.net\/?p=122704"},"modified":"2007-10-04T04:51:34","modified_gmt":"2007-10-04T04:51:34","slug":"las-averias-causan-apagones-al-fmi-le-preocupa-el-impacto-del-petroleo-en-la-factura","status":"publish","type":"post","link":"https:\/\/diariodominicano.com\/?p=122704","title":{"rendered":"Las aver\u00edas causan apagones; al FMI le preocupa el impacto del petr\u00f3leo en la factura"},"content":{"rendered":"<p><body><\/p>\n<p align=\"justify\" class=\"titulogrande1\">Las  aver\u00edas causan apagones; \u00a0al FMI le  preocupa el impacto del petr\u00f3leo en la factura\u00a0 <\/p>\n<p>&#13;<\/p>\n<p align=\"justify\" class=\"text1noticias\"><strong><img loading=\"lazy\" decoding=\"async\" src=\"http:\/\/localhost:8080\/economia\/pictures\/averias.jpg\" width=\"269\" height=\"404\" hspace=\"4\" align=\"left\" \/>Santo  Domingo.- <\/strong>El vicepresidente ejecutivo de la Corporaci\u00f3n de  Empresas El\u00e9ctricas Estatales (CDEE), Radham\u00e9s Segura, dijo  \u00a0que los \u00faltimos apagones se deben a aver\u00edas  causadas por el mal tiempo, las lluvias que han ca\u00eddo en gran parte del pa\u00eds. <\/p>\n<p>&#13;<\/p>\n<p align=\"justify\" class=\"text1noticias\">Dijo que el que no paga la luz no merece un  servicio las 24 horas, pero aclar\u00f3 que las aver\u00eda afectan a todos los  sectores.\u00a0 Explic\u00f3 que uno de los problemas  ha sido que la planta Itabo I est\u00e1 fuera de servicio y eso ha afectado a parte de la regi\u00f3n Sur.<\/p>\n<p>&#13;<\/p>\n<p align=\"justify\" class=\"text1noticias\"> Revel\u00f3 que en la reuni\u00f3n de  evaluaci\u00f3n con la misi\u00f3n del Fondo Monetario Internacional (FMI) este organismo  mostr\u00f3 su preocupaci\u00f3n por el impacto que pudiese tener el precio del petr\u00f3leo  en la factura el\u00e9ctrica y en los servicios que brinda la CDEE. <\/p>\n<p>&#13;<\/p>\n<p align=\"justify\" class=\"text1noticias\">Explic\u00f3 que tambi\u00e9n el Fondo  Monetario est\u00e1 interesado en el control del gasto, los problemas fiscales y el  d\u00e9ficit del sector. Explic\u00f3 que a partir del lunes se presentar\u00e1 al FMI y al Banco  Mundial un informe sobre el sector el\u00e9ctrico. <\/p>\n<p>&#13;<\/p>\n<p align=\"justify\" class=\"text1noticias\">Explic\u00f3 que \u00a0se reuni\u00f3 en el Palacio Nacional como Lucio  Monary, jefe de la misi\u00f3n del Banco Mundial y que trataron sobre el tema.<\/p>\n<p>&#13;<\/p>\n<p align=\"justify\" class=\"text1noticias\">No revel\u00f3 cual ha sido el  d\u00e9ficit del sector e inform\u00f3 que el lunes ser\u00e1 dado a conocer a todos pa\u00eds  mediante los medios de comunicaci\u00f3n\u00a0 <\/p>\n<p>&#13;<\/p>\n<p align=\"justify\" class=\"text1noticias\">En relaci\u00f3n a los apagones,  inform\u00f3 que espec\u00edficamente en el Este se han presentado muchas aver\u00edas en los  circuitos frutos del mal tiempo y los aguaceros de las \u00faltimas semanas. Pero  inform\u00f3 que est\u00e1 en conversaci\u00f3n con los t\u00e9cnicos de Esde-Este para resolver el  problema.\u00a0\u00a0 <\/p>\n<p>&#13;<\/p>\n<p align=\"justify\" class=\"text1noticias\">Explic\u00f3 que las redes de  distribuci\u00f3n en casi todo el pa\u00eds son muy vulnerables y que por eso han sido  afectados por el \u00faltimo temporal. <\/p>\n<p>&#13;<\/p>\n<p align=\"justify\" class=\"text1noticias\">Sostiene que la CDEE est\u00e1 dando un servicio  el\u00e9ctrico en m\u00e1s de un 80 %.<\/p>\n<p>&#13;<\/p>\n<h6> 2007-10-04 04:51:34 <\/h6>\n<p><!--\n<link rel=\"stylesheet\" href=\"css\/bootstrap.min.css\">\n\n\n<ul class=\"pagination\">\n\t    \n\t\n\n<li >\n\t<a href='?page_no=28583'>Previous<\/a>\n\t<\/li>\n\n\n       \n    \n\n<li><a href='?page_no=1'>1<\/a><\/li>\n\n\n\n<li><a href='?page_no=2'>2<\/a><\/li>\n\n\n\n<li><a>...<\/a><\/li>\n\n\n\n<li><a href='?page_no=28582'>28582<\/a><\/li>\n\n\n\n<li><a href='?page_no=28583'>28583<\/a><\/li>\n\n\n\n<li class='active'><a>28584<\/a><\/li>\n\n\n\n<li><a href='?page_no=28585'>28585<\/a><\/li>\n\n\n\n<li><a href='?page_no=28586'>28586<\/a><\/li>\n\n\n\n<li><a>...<\/a><\/li>\n\n\n\n<li><a href='?page_no=30472'>30472<\/a><\/li>\n\n\n\n<li><a href='?page_no=30473'>30473<\/a><\/li>\n\n    \n\t\n\n<li >\n\t<a href='?page_no=28585'>Next<\/a>\n\t<\/li>\n\n\n    \n\n<li><a href='?page_no=30473'>Last &rsaquo;&rsaquo;<\/a><\/li>\n\n<\/ul>\n\n\n--><br \/>\n<\/body><\/p>\n","protected":false},"excerpt":{"rendered":"<p>Las aver\u00edas causan apagones; \u00a0al FMI le preocupa el impacto del petr\u00f3leo en la factura\u00a0 &#13; Santo Domingo.- El vicepresidente ejecutivo de la Corporaci\u00f3n de Empresas El\u00e9ctricas Estatales (CDEE), Radham\u00e9s Segura, dijo \u00a0que los \u00faltimos apagones se deben a aver\u00edas causadas por el mal tiempo, las lluvias que han ca\u00eddo en gran parte del pa\u00eds. [&hellip;]<\/p>\n","protected":false},"author":3,"featured_media":0,"comment_status":"open","ping_status":"open","sticky":false,"template":"","format":"standard","meta":{"footnotes":""},"categories":[18],"tags":[],"class_list":["post-122704","post","type-post","status-publish","format-standard","hentry","category-economia"],"_links":{"self":[{"href":"https:\/\/diariodominicano.com\/index.php?rest_route=\/wp\/v2\/posts\/122704","targetHints":{"allow":["GET"]}}],"collection":[{"href":"https:\/\/diariodominicano.com\/index.php?rest_route=\/wp\/v2\/posts"}],"about":[{"href":"https:\/\/diariodominicano.com\/index.php?rest_route=\/wp\/v2\/types\/post"}],"author":[{"embeddable":true,"href":"https:\/\/diariodominicano.com\/index.php?rest_route=\/wp\/v2\/users\/3"}],"replies":[{"embeddable":true,"href":"https:\/\/diariodominicano.com\/index.php?rest_route=%2Fwp%2Fv2%2Fcomments&post=122704"}],"version-history":[{"count":0,"href":"https:\/\/diariodominicano.com\/index.php?rest_route=\/wp\/v2\/posts\/122704\/revisions"}],"wp:attachment":[{"href":"https:\/\/diariodominicano.com\/index.php?rest_route=%2Fwp%2Fv2%2Fmedia&parent=122704"}],"wp:term":[{"taxonomy":"category","embeddable":true,"href":"https:\/\/diariodominicano.com\/index.php?rest_route=%2Fwp%2Fv2%2Fcategories&post=122704"},{"taxonomy":"post_tag","embeddable":true,"href":"https:\/\/diariodominicano.com\/index.php?rest_route=%2Fwp%2Fv2%2Ftags&post=122704"}],"curies":[{"name":"wp","href":"https:\/\/api.w.org\/{rel}","templated":true}]}}