{"id":122703,"date":"2007-10-04T14:51:32","date_gmt":"2007-10-04T14:51:32","guid":{"rendered":"http:\/\/diariodominicano.ddns.net\/?p=122703"},"modified":"2007-10-04T14:51:32","modified_gmt":"2007-10-04T14:51:32","slug":"el-presidente-fernandez-encabezara-seminario-rd-recibira-de-venezuela-50-mil-barriles-de-petroleo","status":"publish","type":"post","link":"https:\/\/diariodominicano.com\/?p=122703","title":{"rendered":"El presidente Fern\u00e1ndez encabezar\u00e1 seminario; RD recibir\u00e1 de Venezuela 50 mil barriles de petr\u00f3leo"},"content":{"rendered":"<p><body><\/p>\n<p align=\"justify\" class=\"titulogrande1\">El presidente Fern\u00e1ndez  encabezar\u00e1 seminario; RD recibir\u00e1 de Venezuela 50 mil barriles de petr\u00f3leo <\/p>\n<p>&#13;<\/p>\n<p align=\"justify\" class=\"text1noticias\"><strong>SANTO DOMINGO.- <\/strong>El presidente Leonel Fern\u00e1ndez  visitar\u00e1 este s\u00e1bado La Romana  para encabezar el seminario para evaluar la pol\u00edtica del Gobierno, impacto del  petr\u00f3leo en la econom\u00eda dominicana y  participar\u00e1 pr\u00e1cticamente todo el gabinete de Gobierno.<\/p>\n<p>&#13;<\/p>\n<p align=\"justify\" class=\"text1noticias\">Vicente Bengoa revel\u00f3 adem\u00e1s que Venezuela  acept\u00f3 aumentar a 50 mil barriles de petr\u00f3leo debido a la crisis que se ha  producido en el mundo con el precio del crudo. <\/p>\n<p>&#13;<\/p>\n<p align=\"justify\" class=\"text1noticias\">Explic\u00f3 que el acuerdo  original se acordaron suministrar los 50 mil barriles, pero que hasta la fecha  s\u00f3lo oscilaba alrededor de 30 mil barriles. Indic\u00f3 que acuerdo de Petrocaribe ha vencido, pero  que las autoridades venezolanas aseguraron que aunque no se ha firmado ya est\u00e1  aprobado. <\/p>\n<p>&#13;<\/p>\n<p align=\"justify\" class=\"text1noticias\">Explic\u00f3 que Venezuela estaba  supliendo el ful oil y gasoil, a pesar que eso no est\u00e1 incluido en el acuerdo,  pero que ya se legalizar\u00e1 o formalizar\u00e1. Explic\u00f3 que el Gobierno dominicano no ha  comenzado a pagar, a pesar de que tiene dos a\u00f1os, porque ser\u00e1 a partir del 2008  cuando se comenzar\u00e1 a pagar.<\/p>\n<p>&#13;<\/p>\n<p align=\"justify\" class=\"text1noticias\">En relaci\u00f3n al seminario,  est\u00e1 programado a iniciar a las 8: 30 de la ma\u00f1ana hasta las 7: 00 de la noche.  La informaci\u00f3n la ofreci\u00f3 Vicente Vengoa luego de reunirse con el presidente Leonel  Fern\u00e1ndez. Explic\u00f3 que se realizar\u00e1 una evaluaci\u00f3n de los pasos que ha dado el  gobierno de Fern\u00e1ndez en sus tres a\u00f1os en el poder y la<br \/>&#13;<br \/>\n  proyecci\u00f3n para el futuro. En  el evento participar\u00e1 el presidente del Banco Interamericano (BID), Luis Aberto  Moreno. Agreg\u00f3 que el presidente Fern\u00e1ndez permanecer\u00e1 en ese encuentro  el d\u00eda entero\u00a0 <\/p>\n<p>&#13;<\/p>\n<p align=\"justify\" class=\"text1noticias\">Explic\u00f3 que en su encuentro  ayer con el Presidente se pas\u00f3 revista a las diferentes situaciones que se  pueden presentar con la econom\u00eda en relaci\u00f3n a los altos precios del petr\u00f3leo y los productos  de la canasta b\u00e1sica.<\/p>\n<p>&#13;<\/p>\n<p align=\"justify\" class=\"text1noticias\">Tambi\u00e9n la situaci\u00f3n de la  econom\u00eda norteamericana que este a\u00f1o descreci\u00f3 a la mitad de lo que creci\u00f3 el  a\u00f1o pasado y la repercusi\u00f3n que eso puede tener en la econom\u00eda nacional. <\/p>\n<p>&#13;<\/p>\n<p align=\"justify\" class=\"text1noticias\">Expres\u00f3 que luego de la  reuni\u00f3n de La Romana  \u00e9l y todo el equipo econ\u00f3mico del Gobierno se reunir\u00e1n nuevamente en el Palacio  Nacional con el Presidente.\u00a0 <\/p>\n<p>&#13;<\/p>\n<h6> 2007-10-04 14:51:32 <\/h6>\n<p><!--\n<link rel=\"stylesheet\" href=\"css\/bootstrap.min.css\">\n\n\n<ul class=\"pagination\">\n\t    \n\t\n\n<li >\n\t<a href='?page_no=28582'>Previous<\/a>\n\t<\/li>\n\n\n       \n    \n\n<li><a href='?page_no=1'>1<\/a><\/li>\n\n\n\n<li><a href='?page_no=2'>2<\/a><\/li>\n\n\n\n<li><a>...<\/a><\/li>\n\n\n\n<li><a href='?page_no=28581'>28581<\/a><\/li>\n\n\n\n<li><a href='?page_no=28582'>28582<\/a><\/li>\n\n\n\n<li class='active'><a>28583<\/a><\/li>\n\n\n\n<li><a href='?page_no=28584'>28584<\/a><\/li>\n\n\n\n<li><a href='?page_no=28585'>28585<\/a><\/li>\n\n\n\n<li><a>...<\/a><\/li>\n\n\n\n<li><a href='?page_no=30472'>30472<\/a><\/li>\n\n\n\n<li><a href='?page_no=30473'>30473<\/a><\/li>\n\n    \n\t\n\n<li >\n\t<a href='?page_no=28584'>Next<\/a>\n\t<\/li>\n\n\n    \n\n<li><a href='?page_no=30473'>Last &rsaquo;&rsaquo;<\/a><\/li>\n\n<\/ul>\n\n\n--><br \/>\n<\/body><\/p>\n","protected":false},"excerpt":{"rendered":"<p>El presidente Fern\u00e1ndez encabezar\u00e1 seminario; RD recibir\u00e1 de Venezuela 50 mil barriles de petr\u00f3leo &#13; SANTO DOMINGO.- El presidente Leonel Fern\u00e1ndez visitar\u00e1 este s\u00e1bado La Romana para encabezar el seminario para evaluar la pol\u00edtica del Gobierno, impacto del petr\u00f3leo en la econom\u00eda dominicana y participar\u00e1 pr\u00e1cticamente todo el gabinete de Gobierno. &#13; Vicente Bengoa revel\u00f3 [&hellip;]<\/p>\n","protected":false},"author":3,"featured_media":0,"comment_status":"open","ping_status":"open","sticky":false,"template":"","format":"standard","meta":{"footnotes":""},"categories":[18],"tags":[],"class_list":["post-122703","post","type-post","status-publish","format-standard","hentry","category-economia"],"_links":{"self":[{"href":"https:\/\/diariodominicano.com\/index.php?rest_route=\/wp\/v2\/posts\/122703","targetHints":{"allow":["GET"]}}],"collection":[{"href":"https:\/\/diariodominicano.com\/index.php?rest_route=\/wp\/v2\/posts"}],"about":[{"href":"https:\/\/diariodominicano.com\/index.php?rest_route=\/wp\/v2\/types\/post"}],"author":[{"embeddable":true,"href":"https:\/\/diariodominicano.com\/index.php?rest_route=\/wp\/v2\/users\/3"}],"replies":[{"embeddable":true,"href":"https:\/\/diariodominicano.com\/index.php?rest_route=%2Fwp%2Fv2%2Fcomments&post=122703"}],"version-history":[{"count":0,"href":"https:\/\/diariodominicano.com\/index.php?rest_route=\/wp\/v2\/posts\/122703\/revisions"}],"wp:attachment":[{"href":"https:\/\/diariodominicano.com\/index.php?rest_route=%2Fwp%2Fv2%2Fmedia&parent=122703"}],"wp:term":[{"taxonomy":"category","embeddable":true,"href":"https:\/\/diariodominicano.com\/index.php?rest_route=%2Fwp%2Fv2%2Fcategories&post=122703"},{"taxonomy":"post_tag","embeddable":true,"href":"https:\/\/diariodominicano.com\/index.php?rest_route=%2Fwp%2Fv2%2Ftags&post=122703"}],"curies":[{"name":"wp","href":"https:\/\/api.w.org\/{rel}","templated":true}]}}