{"id":122701,"date":"2007-10-04T15:49:29","date_gmt":"2007-10-04T15:49:29","guid":{"rendered":"http:\/\/diariodominicano.ddns.net\/?p=122701"},"modified":"2007-10-04T15:49:29","modified_gmt":"2007-10-04T15:49:29","slug":"banco-popular-inicia-mes-hipotecario","status":"publish","type":"post","link":"https:\/\/diariodominicano.com\/?p=122701","title":{"rendered":"Banco Popular inicia Mes Hipotecario"},"content":{"rendered":"<p><body><\/p>\n<p class=\"titulogrande1\">Banco Popular inicia Mes  Hipotecario<\/p>\n<p>&#13;<\/p>\n<p align=\"justify\" class=\"text1noticias\"><strong><img loading=\"lazy\" decoding=\"async\" src=\"http:\/\/localhost:8080\/economia\/pictures\/banco popular foto.jpg\" width=\"269\" height=\"358\" hspace=\"4\" align=\"left\" \/>SANTO DOMINGO.-<\/strong> El Banco  Popular dio inicio al Mes Hipotecario, actividad que har\u00e1 el estreno a las  iniciativas de la feria y ruta hipotecaria, con la finalidad de contribuir al  dinamismo del sector inmobiliario nacional.<\/p>\n<p>&#13;<\/p>\n<p align=\"justify\" class=\"text1noticias\">En las oficinas de la Torre Universal,  el presidente del Banco Popular, Manuel Alejandro Grull\u00f3n, presidi\u00f3 el evento  que ofrece a todos sus clientes y p\u00fablico en general, la oportunidad de  adquirir viviendas, locales comerciales y afines, invitando \u201ca todos a este  sue\u00f1o que tienen los dominicanos de tener una casa propia\u201d.<br \/>&#13;<br \/>\n  <br \/>&#13;<br \/>\n  \u201cNunca hubo condiciones tan favorables para adquirir una vivienda, tanto en  t\u00e9rminos de la tasa de inter\u00e9s, como de la facilidad que el banco otorga y de  los promotores.<br \/>&#13;<br \/>\n  <br \/> &#13;<br \/>\n  Este es el mejor momento para adquirir una vivienda, ya que las  condiciones de mercado, tanto de precio como de financiamiento, son las mejores  que han habido en d\u00e9cadas\u201d, se\u00f1al\u00f3 el presidente del Banco Popular. <br \/>&#13;<br \/>\n  <br \/>&#13;<br \/>\n  Entre las facilidades que presenta esta feria hipotecaria, destacan el  financiamiento de hasta el 90% del valor de la vivienda, posibilidad de  financiar los impuestos y gastos legales, y hasta 20 a\u00f1os de plazo para pagar  el cr\u00e9dito. <\/p>\n<p>&#13;<\/p>\n<p align=\"justify\" class=\"text1noticias\">Se estar\u00e1 ofreciendo, adem\u00e1s,  una tasa fija para los pr\u00e9stamos en pesos de 12.50% por un a\u00f1o, as\u00ed como la  oferta de inmuebles en proyectos espec\u00edficos, con una tasa especial de  financiamiento de 10.5% fija a un a\u00f1o. <br \/>&#13;<br \/>\n  <br \/>&#13;<br \/>\n  Asimismo, los clientes podr\u00e1n obtener las ventajas de un nuevo producto  crediticio, denominado \u201cAdelanto Hipotecario Popular\u201d, el cual ofrece la  oportunidad de financiar viviendas en etapa de construcci\u00f3n. <\/p>\n<p>&#13;<\/p>\n<p align=\"justify\" class=\"text1noticias\">Con este tipo de cr\u00e9dito, el  cliente dispone de los abonos que tenga que hacer al promotor o constructor  antes de firmar la hipoteca, por lo que el desembolso del cr\u00e9dito se hace a  medida que el comprador lo necesita, y el cliente s\u00f3lo paga intereses sobre el  monto desembolsado. <br \/>&#13;<br \/>\n  <br \/>&#13;<br \/>\n\u201cEstaremos durante todo el mes ofreciendo estos financiamientos especiales en  las diferentes partes de la ciudad de Santo Domingo, e invitamos a nuestros  clientes y p\u00fablico en general a que vengan a apreciar las ofertas que hay en la  zona de Naco y Piantini, donde habr\u00e1 promotores y constructores\u201d, indic\u00f3\u00a0  Grull\u00f3n.<\/p>\n<p>&#13;<\/p>\n<p align=\"justify\" class=\"text1noticias\"><strong>Cartera de  pr\u00e9stamos<\/strong><\/p>\n<p>&#13;<\/p>\n<p align=\"justify\" class=\"text1noticias\">El vicepresidente ejecutivo  de Negocios Personales y Sucursales, Alejandro Santelises, dijo en el discurso  inaugural del acto que el Banco Popular \u201ctiene una cartera de pr\u00e9stamos  hipotecarios que alcanza un valor de RD$10,000 millones\u201d. <br \/>&#13;<br \/>\n  <br \/>&#13;<br \/>\n  Al mismo tiempo, se\u00f1al\u00f3 que el Mes Hipotecario, en el que participan como  expositores m\u00e1s de 20 firmas constructoras e inmobiliarias l\u00edderes del pa\u00eds,  tendr\u00e1 tres paradas m\u00e1s en la capital: el d\u00eda 11 se trasladar\u00e1 a la zona sur de  la ciudad, en las sucursales de Bella Vista Mall; del 18 al 21 de octubre en  Diamond Mall y en la sucursal de Los Alcarrizos, y desde el 25 al 28 de este  mes en la zona oriental, en Megacentro. <\/p>\n<p>&#13;<\/p>\n<h6> 2007-10-04 15:49:29 <\/h6>\n<p><!--\n<link rel=\"stylesheet\" href=\"css\/bootstrap.min.css\">\n\n\n<ul class=\"pagination\">\n\t    \n\t\n\n<li >\n\t<a href='?page_no=28580'>Previous<\/a>\n\t<\/li>\n\n\n       \n    \n\n<li><a href='?page_no=1'>1<\/a><\/li>\n\n\n\n<li><a href='?page_no=2'>2<\/a><\/li>\n\n\n\n<li><a>...<\/a><\/li>\n\n\n\n<li><a href='?page_no=28579'>28579<\/a><\/li>\n\n\n\n<li><a href='?page_no=28580'>28580<\/a><\/li>\n\n\n\n<li class='active'><a>28581<\/a><\/li>\n\n\n\n<li><a href='?page_no=28582'>28582<\/a><\/li>\n\n\n\n<li><a href='?page_no=28583'>28583<\/a><\/li>\n\n\n\n<li><a>...<\/a><\/li>\n\n\n\n<li><a href='?page_no=30472'>30472<\/a><\/li>\n\n\n\n<li><a href='?page_no=30473'>30473<\/a><\/li>\n\n    \n\t\n\n<li >\n\t<a href='?page_no=28582'>Next<\/a>\n\t<\/li>\n\n\n    \n\n<li><a href='?page_no=30473'>Last &rsaquo;&rsaquo;<\/a><\/li>\n\n<\/ul>\n\n\n--><br \/>\n<\/body><\/p>\n","protected":false},"excerpt":{"rendered":"<p>Banco Popular inicia Mes Hipotecario &#13; SANTO DOMINGO.- El Banco Popular dio inicio al Mes Hipotecario, actividad que har\u00e1 el estreno a las iniciativas de la feria y ruta hipotecaria, con la finalidad de contribuir al dinamismo del sector inmobiliario nacional. &#13; En las oficinas de la Torre Universal, el presidente del Banco Popular, Manuel [&hellip;]<\/p>\n","protected":false},"author":3,"featured_media":0,"comment_status":"open","ping_status":"open","sticky":false,"template":"","format":"standard","meta":{"footnotes":""},"categories":[18],"tags":[],"class_list":["post-122701","post","type-post","status-publish","format-standard","hentry","category-economia"],"_links":{"self":[{"href":"https:\/\/diariodominicano.com\/index.php?rest_route=\/wp\/v2\/posts\/122701","targetHints":{"allow":["GET"]}}],"collection":[{"href":"https:\/\/diariodominicano.com\/index.php?rest_route=\/wp\/v2\/posts"}],"about":[{"href":"https:\/\/diariodominicano.com\/index.php?rest_route=\/wp\/v2\/types\/post"}],"author":[{"embeddable":true,"href":"https:\/\/diariodominicano.com\/index.php?rest_route=\/wp\/v2\/users\/3"}],"replies":[{"embeddable":true,"href":"https:\/\/diariodominicano.com\/index.php?rest_route=%2Fwp%2Fv2%2Fcomments&post=122701"}],"version-history":[{"count":0,"href":"https:\/\/diariodominicano.com\/index.php?rest_route=\/wp\/v2\/posts\/122701\/revisions"}],"wp:attachment":[{"href":"https:\/\/diariodominicano.com\/index.php?rest_route=%2Fwp%2Fv2%2Fmedia&parent=122701"}],"wp:term":[{"taxonomy":"category","embeddable":true,"href":"https:\/\/diariodominicano.com\/index.php?rest_route=%2Fwp%2Fv2%2Fcategories&post=122701"},{"taxonomy":"post_tag","embeddable":true,"href":"https:\/\/diariodominicano.com\/index.php?rest_route=%2Fwp%2Fv2%2Ftags&post=122701"}],"curies":[{"name":"wp","href":"https:\/\/api.w.org\/{rel}","templated":true}]}}