{"id":122700,"date":"2007-10-04T15:54:52","date_gmt":"2007-10-04T15:54:52","guid":{"rendered":"http:\/\/diariodominicano.ddns.net\/?p=122700"},"modified":"2007-10-04T15:54:52","modified_gmt":"2007-10-04T15:54:52","slug":"sugiere-mayor-uso-de-gas-natural-para-generar-energia","status":"publish","type":"post","link":"https:\/\/diariodominicano.com\/?p=122700","title":{"rendered":"Sugiere mayor uso de gas natural para generar energ\u00eda"},"content":{"rendered":"<p><body><\/p>\n<p class=\"titulogrande1\">Sugiere mayor uso de gas natural para  generar energ\u00eda<\/p>\n<p>&#13;<\/p>\n<p align=\"justify\" class=\"text1noticias\"><strong><img loading=\"lazy\" decoding=\"async\" src=\"http:\/\/localhost:8080\/economia\/pictures\/marco de la rosa.jpg\" width=\"269\" height=\"180\" hspace=\"4\" align=\"left\" \/>SANTO DOMINGO.-<\/strong> Marco de la Rosa, presidente de AES  Dominicana, afirm\u00f3 ayer que si la Rep\u00fablica Dominicana  no contara con\u00a0 gas natural y carb\u00f3n en la generaci\u00f3n  el\u00e9ctrica\u00a0 y se hubieran ajustado los precios de la tarifa aplicando las  variaciones del costo del petr\u00f3leo, la energ\u00eda costar\u00eda entre un 20 y un 30%  m\u00e1s que en la actualidad.<br \/>&#13;<br \/>\n  <br \/>&#13;<br \/>\n  Dijo que del negocio del gas  natural\u00a0 en el pa\u00eds est\u00e1 siendo subutilizado porque se deber\u00edan\u00a0 aprovechar  las bondades de ese combustible, que es\u00a0 muy econ\u00f3mico, limpio, inodoro,  incoloro y cero contaminante, por lo que su uso es muy factible. <br \/>&#13;<br \/>\n  <br \/>&#13;<br \/>\n  Al participar en el almuerzo de los  medios de comunicaci\u00f3n del Grupo Corripio, de la Rosa record\u00f3 que en el\u00a0  2002 los precios del\u00a0 barril de petr\u00f3leo eran de US$40 y el kilovatio\/hora  costaba 13 centavos de d\u00f3lar, mientras que en la actualidad el petr\u00f3leo ronda  los US$80 el barril y la tarifa est\u00e1 en 21 centavos de d\u00f3lar. <br \/>&#13;<br \/>\n  <br \/>&#13;<br \/>\n  Afirm\u00f3 que el gas natural cuesta 7.2 d\u00f3lares  la unidad de BTU, lo que significa un respiro para la Rep\u00fablica Dominicana  en momentos en que los precios del petr\u00f3leo est\u00e1n aumentando. <br \/>&#13;<br \/>\n  <br \/>&#13;<br \/>\n  De la Rosa manifest\u00f3 que AES expandir\u00e1 el uso del gas  natural\u00a0 a las industrias, residencias, comercio y\u00a0 transporte\u00a0  a fin de desplazar el Gas Licuado de Petr\u00f3leo, que es muy costoso. <br \/>&#13;<br \/>\n  <br \/>&#13;<br \/>\n  Calific\u00f3 como un hito en el desarrollo  del sector energ\u00e9tico del pa\u00eds\u00a0 la inversi\u00f3n de US$400 millones en la  planta de generaci\u00f3n a gas natural AES Andr\u00e9s.<br \/>&#13;<br \/>\n  <br \/>&#13;<br \/>\n  Se\u00f1al\u00f3 que AES est\u00e1 trabajado  fuertemente para desarrollar el negocio del gas natural en la Rep\u00fablica Dominicana  y que uno de los proyectos a corto plazo es la construcci\u00f3n de un gasoducto  desde Boca Chica hasta San Pedro de Macor\u00eds para alimentar una planta de  Cogentrix de 300 megavatios.<br \/>&#13;<br \/>\n  <br \/>&#13;<br \/>\n  Asegur\u00f3 que el gasoducto, de unos 34 kil\u00f3metros,\u00a0  estar\u00eda listo dentro de nueve meses o un a\u00f1o, una vez concluya el proceso de  negociaci\u00f3n con el Estado.<br \/>&#13;<br \/>\n  <br \/>&#13;<br \/>\n  De la Rosa subray\u00f3 adem\u00e1s que el suministro de gas  natural est\u00e1 garantizado, ya que AES tiene un contrato de 20 a\u00f1os con una  empresa que trae un barco de gas natural desde Trinidad y Tobago, cada dos  meses. Agreg\u00f3 adem\u00e1s que cuenta con un tanque de almacenamiento de 160,000 metros c\u00fabicos.<br \/>&#13;<br \/>\n  <br \/>&#13;<br \/>\n  Esa embarcaci\u00f3n lleg\u00f3 al pa\u00eds hace dos  semanas y con la misma,\u00a0 de acuerdo a de la Rosa, se garantiza el  abastecimiento de las plantas de generaci\u00f3n de AES y de las industrias y  comercios que est\u00e1 usando gas natural.<br \/>&#13;<br \/>\n  <br \/>&#13;<br \/>\n  Afirm\u00f3 que a\u00a0 futuro la empresa  tendr\u00eda la opci\u00f3n de incrementar el n\u00famero de barcos que lleguen al pa\u00eds y con  su capacidad de almacenamiento garantizar gas a\u00a0 nivel nacional de manera  confiable.<br \/>&#13;<br \/>\n  <br \/>&#13;<br \/>\n  \u201cRep\u00fablica Dominicana\u00a0 tiene una  joya en el sector el\u00e9ctrico y es una inversi\u00f3n de la que se puede sacar m\u00e1s  provecho a trav\u00e9s de la expansi\u00f3n del uso de ese combustible, que es muy  competitivo\u201d, expres\u00f3 de la   Rosa.<br \/>&#13;<br \/>\n  <br \/>&#13;<br \/>\n  Hoy<\/p>\n<p>&#13;<\/p>\n<h6> 2007-10-04 15:54:52 <\/h6>\n<p><!--\n<link rel=\"stylesheet\" href=\"css\/bootstrap.min.css\">\n\n\n<ul class=\"pagination\">\n\t    \n\t\n\n<li >\n\t<a href='?page_no=28579'>Previous<\/a>\n\t<\/li>\n\n\n       \n    \n\n<li><a href='?page_no=1'>1<\/a><\/li>\n\n\n\n<li><a href='?page_no=2'>2<\/a><\/li>\n\n\n\n<li><a>...<\/a><\/li>\n\n\n\n<li><a href='?page_no=28578'>28578<\/a><\/li>\n\n\n\n<li><a href='?page_no=28579'>28579<\/a><\/li>\n\n\n\n<li class='active'><a>28580<\/a><\/li>\n\n\n\n<li><a href='?page_no=28581'>28581<\/a><\/li>\n\n\n\n<li><a href='?page_no=28582'>28582<\/a><\/li>\n\n\n\n<li><a>...<\/a><\/li>\n\n\n\n<li><a href='?page_no=30472'>30472<\/a><\/li>\n\n\n\n<li><a href='?page_no=30473'>30473<\/a><\/li>\n\n    \n\t\n\n<li >\n\t<a href='?page_no=28581'>Next<\/a>\n\t<\/li>\n\n\n    \n\n<li><a href='?page_no=30473'>Last &rsaquo;&rsaquo;<\/a><\/li>\n\n<\/ul>\n\n\n--><br \/>\n<\/body><\/p>\n","protected":false},"excerpt":{"rendered":"<p>Sugiere mayor uso de gas natural para generar energ\u00eda &#13; SANTO DOMINGO.- Marco de la Rosa, presidente de AES Dominicana, afirm\u00f3 ayer que si la Rep\u00fablica Dominicana no contara con\u00a0 gas natural y carb\u00f3n en la generaci\u00f3n el\u00e9ctrica\u00a0 y se hubieran ajustado los precios de la tarifa aplicando las variaciones del costo del petr\u00f3leo, la [&hellip;]<\/p>\n","protected":false},"author":3,"featured_media":0,"comment_status":"open","ping_status":"open","sticky":false,"template":"","format":"standard","meta":{"footnotes":""},"categories":[18],"tags":[],"class_list":["post-122700","post","type-post","status-publish","format-standard","hentry","category-economia"],"_links":{"self":[{"href":"https:\/\/diariodominicano.com\/index.php?rest_route=\/wp\/v2\/posts\/122700","targetHints":{"allow":["GET"]}}],"collection":[{"href":"https:\/\/diariodominicano.com\/index.php?rest_route=\/wp\/v2\/posts"}],"about":[{"href":"https:\/\/diariodominicano.com\/index.php?rest_route=\/wp\/v2\/types\/post"}],"author":[{"embeddable":true,"href":"https:\/\/diariodominicano.com\/index.php?rest_route=\/wp\/v2\/users\/3"}],"replies":[{"embeddable":true,"href":"https:\/\/diariodominicano.com\/index.php?rest_route=%2Fwp%2Fv2%2Fcomments&post=122700"}],"version-history":[{"count":0,"href":"https:\/\/diariodominicano.com\/index.php?rest_route=\/wp\/v2\/posts\/122700\/revisions"}],"wp:attachment":[{"href":"https:\/\/diariodominicano.com\/index.php?rest_route=%2Fwp%2Fv2%2Fmedia&parent=122700"}],"wp:term":[{"taxonomy":"category","embeddable":true,"href":"https:\/\/diariodominicano.com\/index.php?rest_route=%2Fwp%2Fv2%2Fcategories&post=122700"},{"taxonomy":"post_tag","embeddable":true,"href":"https:\/\/diariodominicano.com\/index.php?rest_route=%2Fwp%2Fv2%2Ftags&post=122700"}],"curies":[{"name":"wp","href":"https:\/\/api.w.org\/{rel}","templated":true}]}}