{"id":122699,"date":"2007-10-04T16:15:23","date_gmt":"2007-10-04T16:15:23","guid":{"rendered":"http:\/\/diariodominicano.ddns.net\/?p=122699"},"modified":"2007-10-04T16:15:23","modified_gmt":"2007-10-04T16:15:23","slug":"productores-de-fruta-piden-al-central-comprar-dolares-para-frenar-caida","status":"publish","type":"post","link":"https:\/\/diariodominicano.com\/?p=122699","title":{"rendered":"Productores de fruta piden al Central comprar d\u00f3lares para frenar ca\u00edda"},"content":{"rendered":"<p><body><\/p>\n<p align=\"justify\" class=\"titulogrande1\">Productores de fruta piden al  Central comprar d\u00f3lares para frenar ca\u00edda<\/p>\n<p>&#13;<\/p>\n<p align=\"justify\" class=\"text1noticias\"><strong>SANTIAGO, Chile.-<\/strong>  El presidente de la Federaci\u00f3n Productores de Frutas de  Chile (Fedefruta), Rodrigo Echeverr\u00eda, manifest\u00f3 su preocupaci\u00f3n por  los efectos que la baja del precio d\u00f3lar est\u00e1 provocando en su sector y llam\u00f3  al Banco Central a comprar divisas y a mantener la tasa de inter\u00e9s de pol\u00edtica  monetaria.<br \/>&#13;<br \/>\n  <br \/>&#13;<br \/>\n  En conversaci\u00f3n  con Radio Amadeus, el dirigente de la entidad que agrupa a m\u00e1s de mil  productores y 20 asociaciones a lo largo del pa\u00eds, dijo que el impacto del bajo  nivel del d\u00f3lar es \u00abbastante fuerte, porque el sector est\u00e1 en una  situaci\u00f3n complicada, con un d\u00f3lar bastante deprimido en los \u00faltimos  a\u00f1os\u00bb.<br \/>&#13;<br \/>\n  <br \/>&#13;<br \/>\n\u00abEsta  situaci\u00f3n es la gota que rebasa el vaso\u00bb, afirm\u00f3 Echeverr\u00eda. \u00abEl escenario  ya no puede ser m\u00e1s negativo, ocurre en un momento bastante complicado para  todo el modelo exportador chileno que es el motor de la econom\u00eda\u00bb,  asegur\u00f3.<br \/>&#13;<br \/>\n<br \/>&#13;<br \/>\nRodrigo  Echeverr\u00eda pidi\u00f3 a las autoridades econ\u00f3micas acelerar la salida de las  inversiones de las AFP hacia el extranjero y permitir a las empresas  exportadoras pagar sus obligaciones con el Estado con la misma divisa con la  que reciben sus retornos, de manera de evitar que exista una presi\u00f3n sobre el  d\u00f3lar que impulse a la baja.<br \/>&#13;<br \/>\n<br \/>&#13;<br \/>\nPero en el corto  plazo, y sin esperar a que el d\u00f3lar siga bajando, pidi\u00f3 la intervenci\u00f3n del  Banco Central para evitar la especulaci\u00f3n y para que haya una se\u00f1al por parte  del gobierno sobre lo que afecta al sector exportador.<br \/>&#13;<br \/>\n<br \/>&#13;<br \/>\n\u00abNosotros  pedimos que el Banco Central prepare medidas para intervenir\u00bb, afirm\u00f3 el  presidente de Fedefruta. \u00abSin ir muy lejos, hace unos tres a\u00f1os, cuando el  d\u00f3lar top\u00f3 el techo y el Banco Central consider\u00f3 que estaba desalineado, tom\u00f3  d\u00f3lares de la reserva y los vendi\u00f3 como una manera de producir presi\u00f3n en el  mercado y bajar el precio; bueno, hoy es tan simple como que retome los valores  que en esa oportunidad sac\u00f3 de la reserva en d\u00f3lares que tiene el pa\u00eds\u00bb,  indic\u00f3.<br \/>&#13;<br \/>\n<br \/>&#13;<br \/>\nLa diferencia que  tenemos hoy entre la tasa interna y la del Tesoro de Estados Unidos permite,  seg\u00fan el dirigente, \u00abque muchos capitales lleguen al pa\u00eds no a producir,  sino a hacer uso de esta tasa conveniente para sacar dividendos\u00bb.<br \/>&#13;<br \/>\n<br \/>&#13;<br \/>\nPor lo mismo,  pidi\u00f3 al instituto emisor, no variar la tasa de pol\u00edtica monetaria. \u00abEl  llamado nuestro al Banco Central es que mantenga la tasa de inter\u00e9s al menos  donde est\u00e1 y en el corto plazo ver la posibilidad de bajarla y asimilarse lo  m\u00e1s posible a la tasa del Tesoro de Estados Unidos, que es la pol\u00edtica que se  habr\u00eda podido seguir de no haber llegado el IPC a la situaci\u00f3n en que se  encuentra hoy\u00bb, indic\u00f3.<\/p>\n<p>&#13;<\/p>\n<p align=\"justify\" class=\"text1noticias\">La Tercera<\/p>\n<p>&#13;<\/p>\n<h6> 2007-10-04 16:15:23 <\/h6>\n<p><!--\n<link rel=\"stylesheet\" href=\"css\/bootstrap.min.css\">\n\n\n<ul class=\"pagination\">\n\t    \n\t\n\n<li >\n\t<a href='?page_no=28578'>Previous<\/a>\n\t<\/li>\n\n\n       \n    \n\n<li><a href='?page_no=1'>1<\/a><\/li>\n\n\n\n<li><a href='?page_no=2'>2<\/a><\/li>\n\n\n\n<li><a>...<\/a><\/li>\n\n\n\n<li><a href='?page_no=28577'>28577<\/a><\/li>\n\n\n\n<li><a href='?page_no=28578'>28578<\/a><\/li>\n\n\n\n<li class='active'><a>28579<\/a><\/li>\n\n\n\n<li><a href='?page_no=28580'>28580<\/a><\/li>\n\n\n\n<li><a href='?page_no=28581'>28581<\/a><\/li>\n\n\n\n<li><a>...<\/a><\/li>\n\n\n\n<li><a href='?page_no=30472'>30472<\/a><\/li>\n\n\n\n<li><a href='?page_no=30473'>30473<\/a><\/li>\n\n    \n\t\n\n<li >\n\t<a href='?page_no=28580'>Next<\/a>\n\t<\/li>\n\n\n    \n\n<li><a href='?page_no=30473'>Last &rsaquo;&rsaquo;<\/a><\/li>\n\n<\/ul>\n\n\n--><br \/>\n<\/body><\/p>\n","protected":false},"excerpt":{"rendered":"<p>Productores de fruta piden al Central comprar d\u00f3lares para frenar ca\u00edda &#13; SANTIAGO, Chile.- El presidente de la Federaci\u00f3n Productores de Frutas de Chile (Fedefruta), Rodrigo Echeverr\u00eda, manifest\u00f3 su preocupaci\u00f3n por los efectos que la baja del precio d\u00f3lar est\u00e1 provocando en su sector y llam\u00f3 al Banco Central a comprar divisas y a mantener [&hellip;]<\/p>\n","protected":false},"author":3,"featured_media":0,"comment_status":"open","ping_status":"open","sticky":false,"template":"","format":"standard","meta":{"footnotes":""},"categories":[18],"tags":[],"class_list":["post-122699","post","type-post","status-publish","format-standard","hentry","category-economia"],"_links":{"self":[{"href":"https:\/\/diariodominicano.com\/index.php?rest_route=\/wp\/v2\/posts\/122699","targetHints":{"allow":["GET"]}}],"collection":[{"href":"https:\/\/diariodominicano.com\/index.php?rest_route=\/wp\/v2\/posts"}],"about":[{"href":"https:\/\/diariodominicano.com\/index.php?rest_route=\/wp\/v2\/types\/post"}],"author":[{"embeddable":true,"href":"https:\/\/diariodominicano.com\/index.php?rest_route=\/wp\/v2\/users\/3"}],"replies":[{"embeddable":true,"href":"https:\/\/diariodominicano.com\/index.php?rest_route=%2Fwp%2Fv2%2Fcomments&post=122699"}],"version-history":[{"count":0,"href":"https:\/\/diariodominicano.com\/index.php?rest_route=\/wp\/v2\/posts\/122699\/revisions"}],"wp:attachment":[{"href":"https:\/\/diariodominicano.com\/index.php?rest_route=%2Fwp%2Fv2%2Fmedia&parent=122699"}],"wp:term":[{"taxonomy":"category","embeddable":true,"href":"https:\/\/diariodominicano.com\/index.php?rest_route=%2Fwp%2Fv2%2Fcategories&post=122699"},{"taxonomy":"post_tag","embeddable":true,"href":"https:\/\/diariodominicano.com\/index.php?rest_route=%2Fwp%2Fv2%2Ftags&post=122699"}],"curies":[{"name":"wp","href":"https:\/\/api.w.org\/{rel}","templated":true}]}}