{"id":122692,"date":"2007-10-05T18:38:07","date_gmt":"2007-10-05T18:38:07","guid":{"rendered":"http:\/\/diariodominicano.ddns.net\/?p=122692"},"modified":"2007-10-05T18:38:07","modified_gmt":"2007-10-05T18:38:07","slug":"afirman-gobierno-inicia-proceso-de-recuperacion-proyecto-la-cruz-de-manzanillo-proyectan-exportar-40-mil-cajas-de-banano-mensuales","status":"publish","type":"post","link":"https:\/\/diariodominicano.com\/?p=122692","title":{"rendered":"Afirman Gobierno inicia proceso de recuperaci\u00f3n proyecto La Cruz de Manzanillo; proyectan exportar 40 mil cajas de banano mensuales"},"content":{"rendered":"<p><body><\/p>\n<p align=\"justify\" class=\"titulogrande1\">Afirman Gobierno inicia proceso de recuperaci\u00f3n proyecto La Cruz de Manzanillo; proyectan  exportar 40 mil cajas de banano mensuales <\/p>\n<p>&#13;<\/p>\n<p align=\"justify\" class=\"text1noticias\">Toribio intervino en la inauguraci\u00f3n de un  Centro de\u00a0 Capacitaci\u00f3n en Inform\u00e1tica  (CCI) que instal\u00f3 el Instituto Dominicano de las Telecomunicaciones (Indotel)  en esta comunidad de la   L\u00ednea Noroeste. El acto in augural fue presidido por el  secretario de Estado y presidente Indotel, doctor Jos\u00e9 Rafael Vargas, quien  expres\u00f3 el inter\u00e9s del presidente Leonel Fern\u00e1ndez de que esta regi\u00f3n se  convierta en una zona de gran desarrollo econ\u00f3mico.<br \/>&#13;<br \/>\n  <br \/>&#13;<br \/>\n    <strong><img loading=\"lazy\" decoding=\"async\" src=\"http:\/\/localhost:8080\/economia\/pictures\/manzanillo.jpg\" width=\"269\" height=\"545\" hspace=\"4\" align=\"left\" \/>LAS  MATAS DE SANTA CRUZ, Monte Cristi.-<\/strong> En\u00a0 el acto de inauguraci\u00f3n de un centro de capacitaci\u00f3n  en inform\u00e1tica en esta comunidad, el administrador del proyecto La Cruz de Manzanillo, \u00a0Alejandro Toribio, afirm\u00f3 que el gobierno  invierte m\u00e1s de 11 millones de pesos en el proceso de recuperaci\u00f3n de esta  empresa, la cual contempla en los pr\u00f3ximos meses, seg\u00fan dijo, retomar el  liderazgo de exportaci\u00f3n de banano con unas 40 mil cajas mensuales.<br \/>&#13;<br \/>\n    <br \/>&#13;<br \/>\n  Toribio intervino en la inauguraci\u00f3n de un  Centro de\u00a0 Capacitaci\u00f3n en Inform\u00e1tica  (CCI) que instal\u00f3 el Instituto Dominicano de las Telecomunicaciones (Indotel)  en esta comunidad de la   L\u00ednea Noroeste. El acto in augural fue presidido por el  secretario de Estado y presidente Indotel, doctor Jos\u00e9 Rafael Vargas, quien  expres\u00f3 el inter\u00e9s del presidente Leonel Fern\u00e1ndez de que esta regi\u00f3n se  convierta en una zona de gran desarrollo econ\u00f3mico.<br \/>&#13;<br \/>\n  <br \/>&#13;<br \/>\n  La sala digital y parque infantil inaugurado  aqu\u00ed por Indotel est\u00e1 equipada de diez computadoras, punto de acceso  inal\u00e1mbrico, impresora laser, inversor, ocho bater\u00edas, abanicos y mobiliarios.<br \/>&#13;<br \/>\n  <br \/>  &#13;<br \/>\n  Asimismo, est\u00e1 dotada del sistema operativo Windows XP-2000, Ms Office 2003, la Enciclopedia Encarta  y enlace a la biblioteca virtual del Centro Franklin de la embajada de Estados  Unidos, la Wikipedia  y varios cursos de ingl\u00e9s en l\u00ednea.<br \/>&#13;<br \/>\n  <br \/>&#13;<br \/>\n  \u201cLuego de estar por mucho tiempo abandonado y  quebrado moral y econ\u00f3micamente por otras administraciones, el proyecto La Cruz de Manzanillo se  encamina hacia su recuperaci\u00f3n, creando cientos de nuevos empleos en esta zona  de la L\u00ednea Noroeste\u201d,  expres\u00f3 su administrador, doctor Toribio. <br \/>&#13;<br \/>\n  <br \/>&#13;<br \/>\n  Sostuvo que actualmente el proyecto genera mil  200 empleos, lo que le convierte en la empresa\u00a0  que tiene m\u00e1s empleados en la administraci\u00f3n p\u00fablica, \u201cde Santiago para  abajo\u201d.<br \/>&#13;<br \/>\n  <br \/>&#13;<br \/>\n  Dijo que \u201cnadie llegaba a invertir en un  proyecto que estaba quebrado moral y econ\u00f3micamente\u201d, pero que a partir de su  gesti\u00f3n se comenz\u00f3 a visualizar los puntos d\u00e9biles \u201cy comenzamos a hacer los  equipos de trabajo para su rescate\u201d.\u00a0 <br \/>&#13;<br \/>\n  <br \/>&#13;<br \/>\n  \u201cY hoy, a un a\u00f1o de nuestra gesti\u00f3n, podemos  decir que ya el proyecto lleva una nueva v\u00eda, un nuevo horizonte, donde el  proyecto ha comenzado a llevarle productos de ciclo corto a las poblaciones m\u00e1s  necesitadas, a unas de manera gratuita, a otras a bajo costo y asistiendo a las  ferias que realiza agricultura a nivel nacional\u201d, agreg\u00f3. <br \/>&#13;<br \/>\n  <br \/>&#13;<br \/>\n  Toribio se\u00f1al\u00f3 que en este momento el proyecto se  encuentra en una etapa de recuperaci\u00f3n, como es la recuperaci\u00f3n de todas las  fincas que estaban de manera intransitables.<br \/>&#13;<br \/>\n  <br \/>&#13;<br \/>\n  Explic\u00f3 que no se estaban haciendo las labores  culturales del guineo para exportaci\u00f3n, pero con brigadas del proyecto y de  Agricultura que trabajan de manera combinada, \u201ctenemos ya dos mil tareas de  guineo recuperada\u201d.<br \/>&#13;<br \/>\n  <br \/>&#13;<br \/>\n  Destac\u00f3 que estas fincas comenzar\u00e1n en breve a  entrar directamente a la exportaci\u00f3n, mientras otras 1,200 tareas de pl\u00e1tano  comenzaron a producir y est\u00e1n entrando al mercado para la venta a bajos  precios.<br \/>&#13;<br \/>\n  <br \/>&#13;<br \/>\n  Precis\u00f3 que en el proyecto se hizo un operativo  masivo de siembra que involucr\u00f3 4 mil tareas de yuca \u201cpara que el a\u00f1o que entra  y todo este a\u00f1o podamos tener esa variedad de cultivo en todos los mercados  para que los precios no se disparen\u201d.<br \/>&#13;<br \/>\n  <br \/> &#13;<br \/>\n  \u201cTambi\u00e9n vamos a sembrar pepino,  remolacha, batata, berenjena y otros rubros\u201d, signific\u00f3.<br \/>&#13;<br \/>\n  <br \/>&#13;<br \/>\n  Manifest\u00f3 que \u201cel Presidente (Leonel Fern\u00e1ndez) ha  dispuesto de unos diez millones de pesos para reactivar el proyecto\u201d, enfatiz\u00f3  Toribio, quien precis\u00f3, asimismo, que la secretaria de Planificaci\u00f3n asign\u00f3 \u201cotro  mill\u00f3n de pesos extra para nosotros ir resolviendo los problemas operativos, de  combustibles, compra de fertilizantes y otros productos para mantener las  fincas en condiciones estables\u201d.<br \/>&#13;<br \/>\n  <br \/>&#13;<br \/>\n  Explic\u00f3 que cuando la Chiquita Fruit  Company operaba esta empresa se exportaban 50 mil cajas de banano, pero el  proyecto ha sido mutilado y descuidado por casi todos los gobiernos y eso hizo  que la exportaci\u00f3n de banano se redujera a una cifra casi nula.<br \/>&#13;<br \/>\n  <br \/>&#13;<br \/>\n  Resalt\u00f3 que en estos momentos se trabaja en  ampliar los campos de siembra \u201cpara que el proyecto vuelva otra vez a tomar el  liderazgo de exportaci\u00f3n a nivel nacional, es decir, en estos momentos tenemos  dos mil tareas sembradas y 850 tareas nuevas sembradas que van hacer casi tres  mil tareas de banano, lo cual permitir\u00e1 que el proyecto en menos de seis ya  est\u00e9 exportando unas diez mil cajas de banano semanales, que ser\u00edan 40 mil  cajas al mes.<br \/>&#13;<br \/>\n  <br \/>&#13;<br \/>\n  \u201cSi todo  sigue como va y nosotros seguimos recibiendo el apoyo del gobierno, como el  presidente nos ha apoyado, t\u00fa puedes ir diciendo que dentro de poco vamos a  tener un proyecto recuperado, con mucha siembra, con muchos rubros agr\u00edcolas  sembrados\u201d, subray\u00f3 el administrador de la empresa agr\u00edcola.<br \/>&#13;<br \/>\n  <br \/>&#13;<br \/>\n  Indic\u00f3 que el proyecto se recupera adem\u00e1s de los  da\u00f1os causados por las inundaciones del  r\u00edo Yaque y un tornado que elimin\u00f3 casi 75 mil plantas en etapa de reproducci\u00f3n.<br \/>&#13;<br \/>\n  <br \/>&#13;<br \/>\n  Toribio signific\u00f3 que pese a esa situaci\u00f3n el  proyecto exportaba unas 100 cajas semanal, pero que ahora \u201cestamos exportando  mil cajas, que traducido de d\u00f3lares a pesos, se produce recursos que \u00a0mantienen las brigadas de la gente del campo,  nos da un respiro, m\u00e1s un mill\u00f3n extra que vamos a recibir del gobierno, eso  nos ha dado la facilidad de amplitud de siembra\u201d. Agreg\u00f3 que el proyecto tiene  un vivero para 42 mil plantitas, m\u00e1s otro de 40 mil que facilitar\u00e1 el IDIAF,  \u201ctendremos 80 mil que ya est\u00e1n listas para ser sembradas\u201d.<br \/>&#13;<br \/>\n  <br \/>&#13;<br \/>\n  Indic\u00f3 que dentro de un a\u00f1o el proyecto estar\u00e1 totalmente  sembrado, \u201cporque la proyecci\u00f3n de esta gesti\u00f3n es sembrar de 3 mil a 4 mil  tareas de yuca, 4 mil tareas de pl\u00e1tano, 800 tareas de batata, mil tareas de  auyama\u201d. <br \/>&#13;<br \/>\n  <br \/>&#13;<br \/>\n  \u201cHay buena demanda de frutas desde el exterior,  porque el historial del banano en Rep\u00fablica Dominicana se conoce a trav\u00e9s de  esta instituci\u00f3n, el proyecto La   Cruz de Manzanillo, que fue el l\u00edder regional de todo el  banano que hab\u00eda en Am\u00e9rica Latina y Centroam\u00e9rica\u201d, expres\u00f3 Toribio.<br \/>&#13;<br \/>\n  <br \/>&#13;<br \/>\nDijo que ahora el proyecto, con toda esta  inversi\u00f3n, est\u00e1 recuperando ese dinamismo de siembra y esa confianza que hace  que esta empresa agr\u00edcola se vea en franco progreso.<\/p>\n<p>&#13;<\/p>\n<h6> 2007-10-05 18:38:07 <\/h6>\n<p><!--\n<link rel=\"stylesheet\" href=\"css\/bootstrap.min.css\">\n\n\n<ul class=\"pagination\">\n\t    \n\t\n\n<li >\n\t<a href='?page_no=28571'>Previous<\/a>\n\t<\/li>\n\n\n       \n    \n\n<li><a href='?page_no=1'>1<\/a><\/li>\n\n\n\n<li><a href='?page_no=2'>2<\/a><\/li>\n\n\n\n<li><a>...<\/a><\/li>\n\n\n\n<li><a href='?page_no=28570'>28570<\/a><\/li>\n\n\n\n<li><a href='?page_no=28571'>28571<\/a><\/li>\n\n\n\n<li class='active'><a>28572<\/a><\/li>\n\n\n\n<li><a href='?page_no=28573'>28573<\/a><\/li>\n\n\n\n<li><a href='?page_no=28574'>28574<\/a><\/li>\n\n\n\n<li><a>...<\/a><\/li>\n\n\n\n<li><a href='?page_no=30472'>30472<\/a><\/li>\n\n\n\n<li><a href='?page_no=30473'>30473<\/a><\/li>\n\n    \n\t\n\n<li >\n\t<a href='?page_no=28573'>Next<\/a>\n\t<\/li>\n\n\n    \n\n<li><a href='?page_no=30473'>Last &rsaquo;&rsaquo;<\/a><\/li>\n\n<\/ul>\n\n\n--><br \/>\n<\/body><\/p>\n","protected":false},"excerpt":{"rendered":"<p>Afirman Gobierno inicia proceso de recuperaci\u00f3n proyecto La Cruz de Manzanillo; proyectan exportar 40 mil cajas de banano mensuales &#13; Toribio intervino en la inauguraci\u00f3n de un Centro de\u00a0 Capacitaci\u00f3n en Inform\u00e1tica (CCI) que instal\u00f3 el Instituto Dominicano de las Telecomunicaciones (Indotel) en esta comunidad de la L\u00ednea Noroeste. El acto in augural fue presidido [&hellip;]<\/p>\n","protected":false},"author":3,"featured_media":0,"comment_status":"open","ping_status":"open","sticky":false,"template":"","format":"standard","meta":{"footnotes":""},"categories":[18],"tags":[],"class_list":["post-122692","post","type-post","status-publish","format-standard","hentry","category-economia"],"_links":{"self":[{"href":"https:\/\/diariodominicano.com\/index.php?rest_route=\/wp\/v2\/posts\/122692","targetHints":{"allow":["GET"]}}],"collection":[{"href":"https:\/\/diariodominicano.com\/index.php?rest_route=\/wp\/v2\/posts"}],"about":[{"href":"https:\/\/diariodominicano.com\/index.php?rest_route=\/wp\/v2\/types\/post"}],"author":[{"embeddable":true,"href":"https:\/\/diariodominicano.com\/index.php?rest_route=\/wp\/v2\/users\/3"}],"replies":[{"embeddable":true,"href":"https:\/\/diariodominicano.com\/index.php?rest_route=%2Fwp%2Fv2%2Fcomments&post=122692"}],"version-history":[{"count":0,"href":"https:\/\/diariodominicano.com\/index.php?rest_route=\/wp\/v2\/posts\/122692\/revisions"}],"wp:attachment":[{"href":"https:\/\/diariodominicano.com\/index.php?rest_route=%2Fwp%2Fv2%2Fmedia&parent=122692"}],"wp:term":[{"taxonomy":"category","embeddable":true,"href":"https:\/\/diariodominicano.com\/index.php?rest_route=%2Fwp%2Fv2%2Fcategories&post=122692"},{"taxonomy":"post_tag","embeddable":true,"href":"https:\/\/diariodominicano.com\/index.php?rest_route=%2Fwp%2Fv2%2Ftags&post=122692"}],"curies":[{"name":"wp","href":"https:\/\/api.w.org\/{rel}","templated":true}]}}