{"id":122691,"date":"2007-10-05T19:22:20","date_gmt":"2007-10-05T19:22:20","guid":{"rendered":"http:\/\/diariodominicano.ddns.net\/?p=122691"},"modified":"2007-10-05T19:22:20","modified_gmt":"2007-10-05T19:22:20","slug":"inician-proceso-para-establecer-plan-para-hacer-competitivas-a-microempresas","status":"publish","type":"post","link":"https:\/\/diariodominicano.com\/?p=122691","title":{"rendered":"Inician proceso para establecer plan para hacer competitivas a microempresas"},"content":{"rendered":"<p><body><\/p>\n<p class=\"titulogrande1\">Inician proceso para establecer plan para hacer  competitivas a microempresas<\/p>\n<p>&#13;<\/p>\n<p align=\"justify\" class=\"text1noticias\"><strong><img loading=\"lazy\" decoding=\"async\" src=\"http:\/\/localhost:8080\/economia\/pictures\/textil.jpg\" width=\"269\" height=\"207\" hspace=\"4\" align=\"left\" \/>SANTO  DOMINGO.- <\/strong>Ocho instituciones p\u00fablicas y privadas unieron esfuerzos para iniciar  a partir de este s\u00e1bado seis de octubre la segunda etapa de las mesas de  concertaci\u00f3n con el sector de la peque\u00f1a y mediana empresa, con el objetivo de  elaborar un plan que eleve los niveles de productividad y competitividad\u00a0 de las pymes dominicanas.<\/p>\n<p>&#13;<\/p>\n<p align=\"justify\" class=\"text1noticias\">Este  esfuerzo es coordinado por el Consejo Nacional de Competitividad y el Programa  de Apoyo a las Peque\u00f1as Empresas Privadas Dominicanas, PROEMPRESA, que se  financia con fondos de la Uni\u00f3n    Europea.\u00a0 Cuentan  con la colaboraci\u00f3n del Programa para la Micro Peque\u00f1a y  Mediana Empresa, PROMIPYME, la Confederaci\u00f3n de Peque\u00f1a y Mediana Empresa,  CODOPYME y la Federaci\u00f3n de C\u00e1maras de Comercio de la Rep\u00fablica Dominicana.<\/p>\n<p>&#13;<\/p>\n<p align=\"justify\" class=\"text1noticias\">Las  \u00a0entidades cuentan adem\u00e1s con un apoyo de  la Oficina de  Fondos Europeos para el Desarrollo.  Adem\u00e1s tendr\u00e1n la asesor\u00eda t\u00e9cnica de la firma consultora, Agencia  Latinoamericana de Expertos en Planificaci\u00f3n H., (ALEPH).<\/p>\n<p>&#13;<\/p>\n<p align=\"justify\" class=\"text1noticias\">El  objetivo principal de estas mesas de concertaci\u00f3n, es crear un espacio de  di\u00e1logo, de concertaci\u00f3n y de construcci\u00f3n de consenso, entre el empresariado y  el gobierno dominicano, para priorizar las acciones estrat\u00e9gicas que requieren  implementarse en el corto, el mediano y el largo plazos para garantizar la  productividad y la competitividad de las peque\u00f1as empresas dominicanas del  sector textil y confecci\u00f3n<strong><em>. <\/em><\/strong><\/p>\n<p>&#13;<\/p>\n<p align=\"justify\" class=\"text1noticias\">Con la  iniciativa se espera lograr acuerdos sobre las acciones estrat\u00e9gicas  priorizadas que requieren implementarse, en el corto, el mediano y largo  plazos, para garantizar un entorno de negocios favorable para la productividad  y la competitividad de la peque\u00f1a empresa dominicana.<br \/>&#13;<br \/>\n  <br \/>&#13;<br \/>\n  Adem\u00e1s  establecer consensos sobre acciones estrat\u00e9gicas prioritarias para fomentar una  cultura empresarial y laboral orientada a transformar las peque\u00f1as empresas  dominicanas en empresas de clase mundial.<br \/>&#13;<br \/>\n  <br \/>&#13;<br \/>\n  La  primera mesa de concertaci\u00f3n se llevar\u00e1 a cabo este s\u00e1bado seis de octubre en  Santiago con peque\u00f1as empresas del sector textil. En este encuentro se  discutir\u00e1 en torno a un diagn\u00f3stico de las peque\u00f1as empresas del sector textil  y confecci\u00f3n, que es un documento \u201cen construcci\u00f3n\u201d en el que quedar\u00e1n  plasmados los planes concretos para beneficiar  a este importante sector de la econom\u00eda. El   CNC estar\u00e1 representado por Rafael Capell\u00e1n y Horacio Taveras. <\/p>\n<p>&#13;<\/p>\n<p align=\"justify\" class=\"text1noticias\">Los  organizadores entienden que las micros, peque\u00f1as y medianas empresas de la Rep\u00fablica Dominicana  enfrentan el reto de transformar su cultura empresarial, elevando sus niveles  de producci\u00f3n y de competitividad, o, continuar\u00e1n desapareciendo de manera  progresiva.\u00a0 La articulaci\u00f3n entre el  sector empresarial y otros sectores de la vida nacional es imperativa para  crear una cadena de valor que potencialice las fortalezas de cada sector.<\/p>\n<p>&#13;<\/p>\n<p align=\"justify\" class=\"text1noticias\">Sin  embargo entienden que representa un paso de avance para propiciar un entorno  favorable para los negocios y para incrementar el capital empresarial y el  capital laboral de las MiPyMEs dominicanas, el\u00a0  Programa de Competitividad de las Micro, Peque\u00f1as y Medianas Empresas  (MiPyMEs) esbozado en el cap\u00edtulo quinto del Plan Nacional de Competitividad  Sist\u00e9mica, 2007-2012<\/p>\n<p>&#13;<\/p>\n<p align=\"justify\" class=\"text1noticias\">Y  como parte de las acciones contempladas en ese Plan se encuentra en el Congreso  el anteproyecto de Ley para el Fomento a la Micro, Peque\u00f1a y Mediana Empresa, lo  que constituye otro avance para fortalecer el marco jur\u00eddico del pa\u00eds y  favorecer la transformaci\u00f3n de la cultura empresarial, la productividad y la  competitividad de las peque\u00f1as unidades productivas dominicanas. <\/p>\n<p>&#13;<\/p>\n<p align=\"justify\" class=\"text1noticias\"><strong>CARACTER\u00cdSTICAS  PYMES DOMINICANAS<\/strong> <\/p>\n<p>&#13;<\/p>\n<p align=\"justify\" class=\"text1noticias\">Las mipymes urbanas son  el 61,3% y las rurales el 38,7%. Corresponden m\u00e1s de 450,000 negocios que  emplean a 1,3 millones de personas y representan el 23% del PIB. El comercio y  los servicios engloban casi al 90% de estas empresas. <\/p>\n<p>&#13;<\/p>\n<p align=\"justify\" class=\"text1noticias\">El 60% tiene ventas  mensuales por debajo de los US$600 y s\u00f3lo el 11,5% sobrepasa los US$3,000.00.  El 51.7% realiza inversiones por un valor inferior a U$1,000, mientras que el  22.9% sobrepasan los US$3,001.<\/p>\n<p>&#13;<\/p>\n<p align=\"justify\" class=\"text1noticias\">Alrededor del \u00a075% del cr\u00e9dito se concentra en la capital, lo  que implica un alto grado de concentraci\u00f3n de los recursos.<\/p>\n<p>&#13;<\/p>\n<h6> 2007-10-05 19:22:20 <\/h6>\n<p><!--\n<link rel=\"stylesheet\" href=\"css\/bootstrap.min.css\">\n\n\n<ul class=\"pagination\">\n\t    \n\t\n\n<li >\n\t<a href='?page_no=28570'>Previous<\/a>\n\t<\/li>\n\n\n       \n    \n\n<li><a href='?page_no=1'>1<\/a><\/li>\n\n\n\n<li><a href='?page_no=2'>2<\/a><\/li>\n\n\n\n<li><a>...<\/a><\/li>\n\n\n\n<li><a href='?page_no=28569'>28569<\/a><\/li>\n\n\n\n<li><a href='?page_no=28570'>28570<\/a><\/li>\n\n\n\n<li class='active'><a>28571<\/a><\/li>\n\n\n\n<li><a href='?page_no=28572'>28572<\/a><\/li>\n\n\n\n<li><a href='?page_no=28573'>28573<\/a><\/li>\n\n\n\n<li><a>...<\/a><\/li>\n\n\n\n<li><a href='?page_no=30472'>30472<\/a><\/li>\n\n\n\n<li><a href='?page_no=30473'>30473<\/a><\/li>\n\n    \n\t\n\n<li >\n\t<a href='?page_no=28572'>Next<\/a>\n\t<\/li>\n\n\n    \n\n<li><a href='?page_no=30473'>Last &rsaquo;&rsaquo;<\/a><\/li>\n\n<\/ul>\n\n\n--><br \/>\n<\/body><\/p>\n","protected":false},"excerpt":{"rendered":"<p>Inician proceso para establecer plan para hacer competitivas a microempresas &#13; SANTO DOMINGO.- Ocho instituciones p\u00fablicas y privadas unieron esfuerzos para iniciar a partir de este s\u00e1bado seis de octubre la segunda etapa de las mesas de concertaci\u00f3n con el sector de la peque\u00f1a y mediana empresa, con el objetivo de elaborar un plan que [&hellip;]<\/p>\n","protected":false},"author":3,"featured_media":0,"comment_status":"open","ping_status":"open","sticky":false,"template":"","format":"standard","meta":{"footnotes":""},"categories":[18],"tags":[],"class_list":["post-122691","post","type-post","status-publish","format-standard","hentry","category-economia"],"_links":{"self":[{"href":"https:\/\/diariodominicano.com\/index.php?rest_route=\/wp\/v2\/posts\/122691","targetHints":{"allow":["GET"]}}],"collection":[{"href":"https:\/\/diariodominicano.com\/index.php?rest_route=\/wp\/v2\/posts"}],"about":[{"href":"https:\/\/diariodominicano.com\/index.php?rest_route=\/wp\/v2\/types\/post"}],"author":[{"embeddable":true,"href":"https:\/\/diariodominicano.com\/index.php?rest_route=\/wp\/v2\/users\/3"}],"replies":[{"embeddable":true,"href":"https:\/\/diariodominicano.com\/index.php?rest_route=%2Fwp%2Fv2%2Fcomments&post=122691"}],"version-history":[{"count":0,"href":"https:\/\/diariodominicano.com\/index.php?rest_route=\/wp\/v2\/posts\/122691\/revisions"}],"wp:attachment":[{"href":"https:\/\/diariodominicano.com\/index.php?rest_route=%2Fwp%2Fv2%2Fmedia&parent=122691"}],"wp:term":[{"taxonomy":"category","embeddable":true,"href":"https:\/\/diariodominicano.com\/index.php?rest_route=%2Fwp%2Fv2%2Fcategories&post=122691"},{"taxonomy":"post_tag","embeddable":true,"href":"https:\/\/diariodominicano.com\/index.php?rest_route=%2Fwp%2Fv2%2Ftags&post=122691"}],"curies":[{"name":"wp","href":"https:\/\/api.w.org\/{rel}","templated":true}]}}