{"id":122689,"date":"2007-10-06T01:15:36","date_gmt":"2007-10-06T01:15:36","guid":{"rendered":"http:\/\/diariodominicano.ddns.net\/?p=122689"},"modified":"2007-10-06T01:15:36","modified_gmt":"2007-10-06T01:15:36","slug":"el-presidente-pronunciara-un-discurso-pasa-balance-a-los-tres-anos-de-gobierno","status":"publish","type":"post","link":"https:\/\/diariodominicano.com\/?p=122689","title":{"rendered":"El presidente pronunciar\u00e1 un discurso Pasa balance a los tres a\u00f1os de Gobierno"},"content":{"rendered":"<p><body><\/p>\n<p align=\"justify\" class=\"titulogrande1\">El  presidente pronunciar\u00e1 un discurso Pasa  balance a los tres a\u00f1os de Gobierno\u00a0\u00a0 <\/p>\n<p>&#13;<\/p>\n<p align=\"justify\" class=\"text1noticias\"><strong><img loading=\"lazy\" decoding=\"async\" src=\"http:\/\/localhost:8080\/economia\/pictures\/leonel foto1.jpg\" width=\"269\" height=\"308\" hspace=\"4\" align=\"left\" \/>Santo Domingo.-<\/strong> El Presidente  Leonel Fern\u00e1ndez y funcionarios de su gabinete se reunir\u00e1n este \u00a0s\u00e1bado en Casa de Campo, La Romana, con t\u00e9cnicos del  Banco Interamericano de Desarrollo (BID) y del Banco Mundial para evaluar el  impacto del petr\u00f3leo en la econom\u00eda del pa\u00eds, el desempe\u00f1o econ\u00f3mico, los  progresos alcanzados en tres a\u00f1os de Gobierno.<\/p>\n<p>&#13;<\/p>\n<p align=\"justify\" class=\"text1noticias\">La reuni\u00f3n ser\u00e1 abierta con  el discursos del Presidente Fern\u00e1ndez y del Presidente del BID, Luis Alberto  Moreno e inmediatamente despu\u00e9s el Secretario de Econom\u00eda presentar\u00e1 un balance  del desempe\u00f1o econ\u00f3mico en este 2007 y de las perspectivas futuras.<\/p>\n<p>&#13;<\/p>\n<p align=\"justify\" class=\"text1noticias\">Es un seminario que se  extender\u00e1 durante todo el d\u00eda y tratar\u00e1 tambi\u00e9n el tema del manejo de la crisis  el\u00e9ctrica, el transporte y los biocombustibles.<\/p>\n<p>&#13;<\/p>\n<p align=\"justify\" class=\"text1noticias\">El encuentro, en el que  participar\u00e1n funcionarios de las \u00e1reas econ\u00f3mica y el\u00e9ctrica,\u00a0\u00a0 tendr\u00e1 lugar durante todo el s\u00e1bado en\u00a0 Casa de Campo, La Romana.<\/p>\n<p>&#13;<\/p>\n<p align=\"justify\" class=\"text1noticias\">Los periodistas solo tendr\u00e1n  acceso al final de la reuni\u00f3n, cuando se le informar\u00e1 de los resultados del  encuentro.<\/p>\n<p>&#13;<\/p>\n<p align=\"justify\" class=\"text1noticias\">La misi\u00f3n del BID estar\u00e1  encabezado por el Presidente de la instituci\u00f3n, el colombiano Luis Alberto  Moreno. En el encuentro expondr\u00e1n t\u00e9cnicos del Banco Mundial y al menos un  catedr\u00e1tico de la   Universidad de Chile.<\/p>\n<p>&#13;<\/p>\n<p align=\"justify\" class=\"text1noticias\">\u201cSe trata de una reuni\u00f3n para  pasar revista a lo que ha sido el desempe\u00f1o econ\u00f3mico del gobierno en el curso  de este a\u00f1o, pero especialmente tomando muy en cuenta los retos que nos  esperan, sobre todo la manera en que el aumento de los precios del petr\u00f3leo  podr\u00eda impactar la estabilidad macroecon\u00f3mica que hemos exhibido\u201d, dijo  Tem\u00edstocles Mont\u00e1s, Secretario de Econom\u00eda, Planificaci\u00f3n y Desarrollo.<\/p>\n<p>&#13;<\/p>\n<p align=\"justify\" class=\"text1noticias\">\u201cSin duda nuestro principal  reto de cara al futuro es c\u00f3mo mantener un crecimiento promedio de un 7% anual  e implementar pol\u00edticas que resulten en una mejor y m\u00e1s equitativa distribuci\u00f3n  de la riqueza\u201d, apunto Montas.<\/p>\n<p>&#13;<\/p>\n<p align=\"justify\" class=\"text1noticias\">El gobernador del Banco  Central, H\u00e9ctor Valdez Albizu, tratar\u00e1 sobre el modelo de capitalizaci\u00f3n de esa  instituci\u00f3n y la estrategia de reducci\u00f3n del d\u00e9ficit cuasi-fiscal.<\/p>\n<p>&#13;<\/p>\n<p align=\"justify\" class=\"text1noticias\">El Secretario de Hacienda,  Vicente Bengoa, desarrollar\u00e1 el tema sobre los incentivos fiscales y su impacto  en la competitividad.<\/p>\n<p>&#13;<\/p>\n<p align=\"justify\" class=\"text1noticias\">El tema el\u00e9ctrico ser\u00e1  abordado en horas de la tarde con intervenciones de Lucio Monari, del Banco  Mundial; Leandro Alves, del Banco Interamericano de Desarrollo, y\u00a0 Radham\u00e9s Segura, Vicepresidente ejecutivo de la Corporaci\u00f3n Dominicana  de Empresas El\u00e9ctricas Estatales (CDEEE).<\/p>\n<p>&#13;<\/p>\n<p align=\"justify\" class=\"text1noticias\">Tanto el BID como el Banco  Mundial han comprometido financiamientos millonarios en un programa de  recuperaci\u00f3n del sector el\u00e9ctrico en la Rep\u00fablica Dominicana.<\/p>\n<p>&#13;<\/p>\n<p align=\"justify\" class=\"text1noticias\">Temas como la participaci\u00f3n  del sector privado en proyectos de infraestructura, el transporte y  alternativas para el desarrollo del mercado de los biocombustibles en la Rep\u00fablica Dominicana  figuran tambi\u00e9n en la agenda.<\/p>\n<p>&#13;<\/p>\n<h6> 2007-10-06 01:15:36 <\/h6>\n<p><!--\n<link rel=\"stylesheet\" href=\"css\/bootstrap.min.css\">\n\n\n<ul class=\"pagination\">\n\t    \n\t\n\n<li >\n\t<a href='?page_no=28568'>Previous<\/a>\n\t<\/li>\n\n\n       \n    \n\n<li><a href='?page_no=1'>1<\/a><\/li>\n\n\n\n<li><a href='?page_no=2'>2<\/a><\/li>\n\n\n\n<li><a>...<\/a><\/li>\n\n\n\n<li><a href='?page_no=28567'>28567<\/a><\/li>\n\n\n\n<li><a href='?page_no=28568'>28568<\/a><\/li>\n\n\n\n<li class='active'><a>28569<\/a><\/li>\n\n\n\n<li><a href='?page_no=28570'>28570<\/a><\/li>\n\n\n\n<li><a href='?page_no=28571'>28571<\/a><\/li>\n\n\n\n<li><a>...<\/a><\/li>\n\n\n\n<li><a href='?page_no=30472'>30472<\/a><\/li>\n\n\n\n<li><a href='?page_no=30473'>30473<\/a><\/li>\n\n    \n\t\n\n<li >\n\t<a href='?page_no=28570'>Next<\/a>\n\t<\/li>\n\n\n    \n\n<li><a href='?page_no=30473'>Last &rsaquo;&rsaquo;<\/a><\/li>\n\n<\/ul>\n\n\n--><br \/>\n<\/body><\/p>\n","protected":false},"excerpt":{"rendered":"<p>El presidente pronunciar\u00e1 un discurso Pasa balance a los tres a\u00f1os de Gobierno\u00a0\u00a0 &#13; Santo Domingo.- El Presidente Leonel Fern\u00e1ndez y funcionarios de su gabinete se reunir\u00e1n este \u00a0s\u00e1bado en Casa de Campo, La Romana, con t\u00e9cnicos del Banco Interamericano de Desarrollo (BID) y del Banco Mundial para evaluar el impacto del petr\u00f3leo en la [&hellip;]<\/p>\n","protected":false},"author":3,"featured_media":0,"comment_status":"open","ping_status":"open","sticky":false,"template":"","format":"standard","meta":{"footnotes":""},"categories":[18],"tags":[],"class_list":["post-122689","post","type-post","status-publish","format-standard","hentry","category-economia"],"_links":{"self":[{"href":"https:\/\/diariodominicano.com\/index.php?rest_route=\/wp\/v2\/posts\/122689","targetHints":{"allow":["GET"]}}],"collection":[{"href":"https:\/\/diariodominicano.com\/index.php?rest_route=\/wp\/v2\/posts"}],"about":[{"href":"https:\/\/diariodominicano.com\/index.php?rest_route=\/wp\/v2\/types\/post"}],"author":[{"embeddable":true,"href":"https:\/\/diariodominicano.com\/index.php?rest_route=\/wp\/v2\/users\/3"}],"replies":[{"embeddable":true,"href":"https:\/\/diariodominicano.com\/index.php?rest_route=%2Fwp%2Fv2%2Fcomments&post=122689"}],"version-history":[{"count":0,"href":"https:\/\/diariodominicano.com\/index.php?rest_route=\/wp\/v2\/posts\/122689\/revisions"}],"wp:attachment":[{"href":"https:\/\/diariodominicano.com\/index.php?rest_route=%2Fwp%2Fv2%2Fmedia&parent=122689"}],"wp:term":[{"taxonomy":"category","embeddable":true,"href":"https:\/\/diariodominicano.com\/index.php?rest_route=%2Fwp%2Fv2%2Fcategories&post=122689"},{"taxonomy":"post_tag","embeddable":true,"href":"https:\/\/diariodominicano.com\/index.php?rest_route=%2Fwp%2Fv2%2Ftags&post=122689"}],"curies":[{"name":"wp","href":"https:\/\/api.w.org\/{rel}","templated":true}]}}