{"id":122688,"date":"2007-10-07T19:20:32","date_gmt":"2007-10-07T19:20:32","guid":{"rendered":"http:\/\/diariodominicano.ddns.net\/?p=122688"},"modified":"2007-10-07T19:20:32","modified_gmt":"2007-10-07T19:20:32","slug":"presidente-asegura-es-viable-la-sostenibilidad-de-la-macroeconomia","status":"publish","type":"post","link":"https:\/\/diariodominicano.com\/?p=122688","title":{"rendered":"Presidente asegura es viable la sostenibilidad de la macroeconom\u00eda"},"content":{"rendered":"<p><body><\/p>\n<p align=\"justify\"><span class=\"titulogrande1\">Presidente  asegura es viable la sostenibilidad de la macroeconom\u00eda<\/span><br \/>&#13;<br \/>\n  <br \/>&#13;<br \/>\n    <span class=\"text1noticias\"><strong><img loading=\"lazy\" decoding=\"async\" src=\"http:\/\/localhost:8080\/economia\/pictures\/leonel en romana.jpg\" width=\"269\" height=\"549\" hspace=\"4\" align=\"left\" \/>CASA DE CAMPO, La Romana.-<\/strong> El presidente  Leonel Fern\u00e1ndez, asegur\u00f3 en este complejo tur\u00edstico que es perfectamente  viable para el pa\u00eds la sostenibilidad de la macroeconom\u00eda, pero calific\u00f3 \u00a0el alza de los precios del petr\u00f3leo como la  principal amenaza que se cierne sobre la econom\u00eda nacional.<br \/>&#13;<br \/>\n    <br \/>&#13;<br \/>\n    Otros de los aspectos  identificados por el jefe de Estado, los funcionarios del Gobierno y los  organismos multilaterales en la reuni\u00f3n de Di\u00e1logo de Pol\u00edticas con el Gobierno  de Rep\u00fablica Dominicana, son el mantenimiento de la pol\u00edtica fiscal, monetaria,  cambiaria, de generaci\u00f3n de empleos y la pol\u00edtica comercial.<br \/>&#13;<br \/>\n    <br \/>&#13;<br \/>\n    En cuanto al problema que  representa para el pa\u00eds el precio del petr\u00f3leo en los mercados internacionales,  el mandatario sostuvo que todav\u00eda la Rep\u00fablica Dominicana  mantiene suficiente divisas y reservas internacionales para garantizar la  estabilidad de la tasa cambiaria.<br \/>&#13;<br \/>\n    <br \/>&#13;<br \/>\n    Observ\u00f3 que para que el pa\u00eds se  inserte con \u00e9xito en la econom\u00eda global, se requiere diversificar la producci\u00f3n  nacional y la exportaci\u00f3n hacia nuevos mercados con la finalidad de evitar el  contagio derivado de procesos recesivos de algunas econom\u00edas de nuestros socios  comerciales.<br \/>&#13;<br \/>\n    <br \/>&#13;<br \/>\n    El presidente Fern\u00e1ndez inform\u00f3\u00a0 que otro de los temas abordados en el encuentro  auspiciado por el Banco Interamericano  de Desarrollo y la   Secretar\u00eda de Haciendas, fue sobre el sector el\u00e9ctrico,  refiriendo que en los \u00faltimos a\u00f1os se registra una mejor\u00eda notable.<br \/>&#13;<br \/>\n    <br \/>&#13;<br \/>\n    Empero, sostuvo que todav\u00eda en el  pa\u00eds hay mucho trabajo por definir en cuanto a la producci\u00f3n y distribuci\u00f3n de  energ\u00eda el\u00e9ctrica, con la finalidad de enfrentar definitivamente los apagones  que por d\u00e9cadas han afectado la naci\u00f3n.<br \/>&#13;<br \/>\n    <br \/>&#13;<br \/>\n    En relaci\u00f3n al transporte de  pasajeros, argument\u00f3 que en la reuni\u00f3n se discuti\u00f3 el papel que desempe\u00f1ar\u00e1 el  Metro de Santo Domingo y la posibilidad de crear nuevos mecanismos de  transporte masivo en otras regiones de la geograf\u00eda nacional.<br \/>&#13;<br \/>\n    <br \/>&#13;<br \/>\n    Indic\u00f3 que otro tema tratado \u00a0fue la producci\u00f3n de biodisel y la oportunidad  que tiene el pa\u00eds, significando que hay gran potencial para producir  combustible a trav\u00e9s de los elementos de la naturaleza.<br \/>&#13;<br \/>\n    <br \/>&#13;<br \/>\n\u201cLo que pudimos establecer es que  el pa\u00eds tiene en estos momentos una gran oportunidad para continuar  consolidando su estabilidad macroecon\u00f3mica, continuar creciendo y al mismo  tiempo avanzar hacia la identificaci\u00f3n de nuevos productos, de nuevos  servicios, que permiten incrementar el valor agregado de los productos  nacionales\u201d, dijo.<br \/>&#13;<br \/>\n<br \/>&#13;<br \/>\nEl presidente Fern\u00e1ndez indic\u00f3 \u00a0que la reuni\u00f3n de Di\u00e1logo de Pol\u00edticas con el  Gobierno de Rep\u00fablica Dominicana fue un excelente espacio para discutir la  realidad del pa\u00eds de cara al futuro y de esa forma seguir consolidando la  econom\u00eda.<br \/>&#13;<br \/>\n<br \/>&#13;<br \/>\n\u201cNos sentimos optimista del  futuro de la   Rep\u00fablica Dominicana\u201d, dijo el jefe de Estado tras hablar en  la clausura del acto que reuni\u00f3 a funcionarios del Gobierno y a representantes  de organismos multilaterales.<\/span><\/p>\n<p>&#13;<\/p>\n<h6> 2007-10-07 19:20:32 <\/h6>\n<p><!--\n<link rel=\"stylesheet\" href=\"css\/bootstrap.min.css\">\n\n\n<ul class=\"pagination\">\n\t    \n\t\n\n<li >\n\t<a href='?page_no=28567'>Previous<\/a>\n\t<\/li>\n\n\n       \n    \n\n<li><a href='?page_no=1'>1<\/a><\/li>\n\n\n\n<li><a href='?page_no=2'>2<\/a><\/li>\n\n\n\n<li><a>...<\/a><\/li>\n\n\n\n<li><a href='?page_no=28566'>28566<\/a><\/li>\n\n\n\n<li><a href='?page_no=28567'>28567<\/a><\/li>\n\n\n\n<li class='active'><a>28568<\/a><\/li>\n\n\n\n<li><a href='?page_no=28569'>28569<\/a><\/li>\n\n\n\n<li><a href='?page_no=28570'>28570<\/a><\/li>\n\n\n\n<li><a>...<\/a><\/li>\n\n\n\n<li><a href='?page_no=30472'>30472<\/a><\/li>\n\n\n\n<li><a href='?page_no=30473'>30473<\/a><\/li>\n\n    \n\t\n\n<li >\n\t<a href='?page_no=28569'>Next<\/a>\n\t<\/li>\n\n\n    \n\n<li><a href='?page_no=30473'>Last &rsaquo;&rsaquo;<\/a><\/li>\n\n<\/ul>\n\n\n--><br \/>\n<\/body><\/p>\n","protected":false},"excerpt":{"rendered":"<p>Presidente asegura es viable la sostenibilidad de la macroeconom\u00eda&#13; &#13; CASA DE CAMPO, La Romana.- El presidente Leonel Fern\u00e1ndez, asegur\u00f3 en este complejo tur\u00edstico que es perfectamente viable para el pa\u00eds la sostenibilidad de la macroeconom\u00eda, pero calific\u00f3 \u00a0el alza de los precios del petr\u00f3leo como la principal amenaza que se cierne sobre la econom\u00eda [&hellip;]<\/p>\n","protected":false},"author":3,"featured_media":0,"comment_status":"open","ping_status":"open","sticky":false,"template":"","format":"standard","meta":{"footnotes":""},"categories":[18],"tags":[],"class_list":["post-122688","post","type-post","status-publish","format-standard","hentry","category-economia"],"_links":{"self":[{"href":"https:\/\/diariodominicano.com\/index.php?rest_route=\/wp\/v2\/posts\/122688","targetHints":{"allow":["GET"]}}],"collection":[{"href":"https:\/\/diariodominicano.com\/index.php?rest_route=\/wp\/v2\/posts"}],"about":[{"href":"https:\/\/diariodominicano.com\/index.php?rest_route=\/wp\/v2\/types\/post"}],"author":[{"embeddable":true,"href":"https:\/\/diariodominicano.com\/index.php?rest_route=\/wp\/v2\/users\/3"}],"replies":[{"embeddable":true,"href":"https:\/\/diariodominicano.com\/index.php?rest_route=%2Fwp%2Fv2%2Fcomments&post=122688"}],"version-history":[{"count":0,"href":"https:\/\/diariodominicano.com\/index.php?rest_route=\/wp\/v2\/posts\/122688\/revisions"}],"wp:attachment":[{"href":"https:\/\/diariodominicano.com\/index.php?rest_route=%2Fwp%2Fv2%2Fmedia&parent=122688"}],"wp:term":[{"taxonomy":"category","embeddable":true,"href":"https:\/\/diariodominicano.com\/index.php?rest_route=%2Fwp%2Fv2%2Fcategories&post=122688"},{"taxonomy":"post_tag","embeddable":true,"href":"https:\/\/diariodominicano.com\/index.php?rest_route=%2Fwp%2Fv2%2Ftags&post=122688"}],"curies":[{"name":"wp","href":"https:\/\/api.w.org\/{rel}","templated":true}]}}