{"id":122687,"date":"2007-10-07T19:36:08","date_gmt":"2007-10-07T19:36:08","guid":{"rendered":"http:\/\/diariodominicano.ddns.net\/?p=122687"},"modified":"2007-10-07T19:36:08","modified_gmt":"2007-10-07T19:36:08","slug":"presidente-del-bid-impresionado-con-crecimiento-economico-del-pais","status":"publish","type":"post","link":"https:\/\/diariodominicano.com\/?p=122687","title":{"rendered":"Presidente del BID impresionado con crecimiento econ\u00f3mico del pa\u00eds"},"content":{"rendered":"<p><body><\/p>\n<p align=\"justify\" class=\"titulogrande1\">Presidente del  BID impresionado con crecimiento econ\u00f3mico del pa\u00eds <\/p>\n<p>&#13;<\/p>\n<p align=\"justify\" class=\"text1noticias\"><strong><img loading=\"lazy\" decoding=\"async\" src=\"http:\/\/localhost:8080\/economia\/pictures\/alberto moreno romana.jpg\" width=\"269\" height=\"367\" hspace=\"4\" align=\"left\" \/>CASA DE CAMPO, La Romana.-<\/strong> El presidente  del Banco Interamericano de Desarrollo (BID), \u00a0el colombiano Luis Alberto Moreno, calific\u00f3  como un \u201cmilagro\u201d la recuperaci\u00f3n econ\u00f3mica de la Rep\u00fablica Dominicana,  teniendo en cuenta la dif\u00edcil situaci\u00f3n en que se encontraba el pa\u00eds en  el a\u00f1o 2004. <br \/>&#13;<br \/>\n  <br \/>&#13;<br \/>\n  \u201cEra muy dif\u00edcil, una situaci\u00f3n  creada por las consecuencias y situaciones que este pa\u00eds conoce bien y que sin  dudas era muy dif\u00edcil de afrontar\u201d, signific\u00f3 el funcionario del organismo  multilateral tras asegurar que es impresionante el crecimiento econ\u00f3mico  nacional en los \u00faltimos tres a\u00f1os.<br \/>&#13;<br \/>\n<br \/>&#13;<br \/>\nMoreno reconoci\u00f3 que en el citado  per\u00edodo el Gobierno del presidente Leonel Fern\u00e1ndez ha sostenido un alto nivel  de crecimiento, mantiene una baja inflaci\u00f3n y la estabilidad cambiaria.<br \/>&#13;<br \/>\n<br \/>&#13;<br \/>\nTras participar en la reuni\u00f3n de  Di\u00e1logo de Pol\u00edticas con el Gobierno de Rep\u00fablica Dominicana, el presidente del  BID acot\u00f3, sin embargo, que el entorno internacional obliga a que el pa\u00eds se  mantenga alerta y redoble los esfuerzos para consolidar los logros.<br \/>&#13;<br \/>\n<br \/>&#13;<br \/>\n\u201cLa coyuntura internacional de  precios crecientes del petr\u00f3leo hace imperativo la exploraci\u00f3n de opciones  comerciales de producci\u00f3n de etanol y otros biocombustibles\u201d.<br \/>&#13;<br \/>\n<br \/>&#13;<br \/>\nEl presidente\u00a0 del \u00a0BID tambi\u00e9n \u00a0salud\u00f3 los esfuerzos del Gobierno por promover  el ahorro energ\u00e9tico en presencia de los altos precios del petr\u00f3leo y promover  la producci\u00f3n de etanol y otros biocombustibles.<br \/>&#13;<br \/>\n<br \/>&#13;<br \/>\n\u201cRep\u00fablica Dominicana hoy puede  mirar el futuro con optimismo\u201d, insisti\u00f3 el presidente del BID, pero refiri\u00f3  que se requiere continuar trabajando para permitir que el pa\u00eds reinvente  oportunidades competitivas firmes.<\/p>\n<p>&#13;<\/p>\n<p align=\"justify\" class=\"text1noticias\">La reuni\u00f3n<\/p>\n<p>&#13;<\/p>\n<p align=\"justify\" class=\"text1noticias\">El presidente Leonel  Fern\u00e1ndez, inici\u00f3 el s\u00e1bado la reuni\u00f3n \u201cDi\u00e1logo de Pol\u00edticas con el Gobierno de  la Rep\u00fablica   Dominicana\u201d, evento que se lleva a cabo con los auspicio del  Banco Interamericano de Desarrollo (BID) y la Secretar\u00eda de Estado de  Hacienda.<\/p>\n<p>&#13;<\/p>\n<p align=\"justify\" class=\"text1noticias\">El jefe de Estado y el  presidente del BID, Luis Alberto Moreno, ofrecieron las palabras de  introducci\u00f3n al importante evento, que se celebra hasta este \u00a0domingo en el Centro de Conferencias Flamboy\u00e1n  de este complejo tur\u00edstico.<\/p>\n<p>&#13;<\/p>\n<p align=\"justify\" class=\"text1noticias\">En la primera sesi\u00f3n de  trabajo del encuentro se tratar\u00e1 el tema \u201cDesaf\u00edos Macroecon\u00f3micos de la Rep\u00fablica Dominicana\u201d,  donde disertar\u00e1n Gina Montiel, gerente del BID, el secretario de Econom\u00eda,  Planificaci\u00f3n y Desarrollo, Tem\u00edstocles Mont\u00e1s, el secretario de Hacienda,  Vicente Bengoa, y el Gobernador del Banco Central, H\u00e9ctor Valdez Albizu.<\/p>\n<p>&#13;<\/p>\n<p align=\"justify\" class=\"text1noticias\">\u201cInfraestructura y  Competitividad\u201d ser\u00e1 el segundo tema a tratar en el c\u00f3nclave y en el mismo  tendr\u00e1 participaci\u00f3n Leandro Alves, jefe de la divisi\u00f3n de Energ\u00eda del BID,  Agust\u00edn Aguerre, jefe de la divisi\u00f3n de Transporte del BID, y Lucio Monari y  Jos\u00e9 Luis Guasch, representantes del Banco Mundial.<\/p>\n<p>&#13;<\/p>\n<p align=\"justify\" class=\"text1noticias\">Por el Gobierno dominicano  hablar\u00e1n en esta segunda sesi\u00f3n de trabajo el secretario de Estado de Obras  P\u00fablicas, V\u00edctor D\u00edaz R\u00faa, el vicepresidente ejecutivo de la CDEEE, Radham\u00e9s Segura, y  Ar\u00edstides Fern\u00e1ndez Zucco, presidente de la Comisi\u00f3n Nacional  de Energ\u00eda.<\/p>\n<p>&#13;<\/p>\n<p align=\"justify\" class=\"text1noticias\">En la reuni\u00f3n participan  funcionarios del Gobierno, representantes del Banco Mundial, del Banco  Interamericano de Desarrollo, del Fondo Monetario Internacional y miembros del  Cuerpo Diplom\u00e1tico acreditado en el pa\u00eds.<\/p>\n<p>&#13;<\/p>\n<p align=\"justify\" class=\"text1noticias\">La reuni\u00f3n  \u201cDi\u00e1logo de Pol\u00edticas con el Gobierno de la Rep\u00fablica Dominicana\u201d,  se realiza en este exclusivo complejo hotelero a puerta cerrada.\u00a0\u00a0Se  inform\u00f3 que al final del evento se llevar\u00e1 a cabo una rueda de prensa para ofrecer  detalles sobre la primera jornada del mismo <\/p>\n<p>&#13;<\/p>\n<h6> 2007-10-07 19:36:08 <\/h6>\n<p><!--\n<link rel=\"stylesheet\" href=\"css\/bootstrap.min.css\">\n\n\n<ul class=\"pagination\">\n\t    \n\t\n\n<li >\n\t<a href='?page_no=28566'>Previous<\/a>\n\t<\/li>\n\n\n       \n    \n\n<li><a href='?page_no=1'>1<\/a><\/li>\n\n\n\n<li><a href='?page_no=2'>2<\/a><\/li>\n\n\n\n<li><a>...<\/a><\/li>\n\n\n\n<li><a href='?page_no=28565'>28565<\/a><\/li>\n\n\n\n<li><a href='?page_no=28566'>28566<\/a><\/li>\n\n\n\n<li class='active'><a>28567<\/a><\/li>\n\n\n\n<li><a href='?page_no=28568'>28568<\/a><\/li>\n\n\n\n<li><a href='?page_no=28569'>28569<\/a><\/li>\n\n\n\n<li><a>...<\/a><\/li>\n\n\n\n<li><a href='?page_no=30472'>30472<\/a><\/li>\n\n\n\n<li><a href='?page_no=30473'>30473<\/a><\/li>\n\n    \n\t\n\n<li >\n\t<a href='?page_no=28568'>Next<\/a>\n\t<\/li>\n\n\n    \n\n<li><a href='?page_no=30473'>Last &rsaquo;&rsaquo;<\/a><\/li>\n\n<\/ul>\n\n\n--><br \/>\n<\/body><\/p>\n","protected":false},"excerpt":{"rendered":"<p>Presidente del BID impresionado con crecimiento econ\u00f3mico del pa\u00eds &#13; CASA DE CAMPO, La Romana.- El presidente del Banco Interamericano de Desarrollo (BID), \u00a0el colombiano Luis Alberto Moreno, calific\u00f3 como un \u201cmilagro\u201d la recuperaci\u00f3n econ\u00f3mica de la Rep\u00fablica Dominicana, teniendo en cuenta la dif\u00edcil situaci\u00f3n en que se encontraba el pa\u00eds en el a\u00f1o 2004. [&hellip;]<\/p>\n","protected":false},"author":3,"featured_media":0,"comment_status":"open","ping_status":"open","sticky":false,"template":"","format":"standard","meta":{"footnotes":""},"categories":[18],"tags":[],"class_list":["post-122687","post","type-post","status-publish","format-standard","hentry","category-economia"],"_links":{"self":[{"href":"https:\/\/diariodominicano.com\/index.php?rest_route=\/wp\/v2\/posts\/122687","targetHints":{"allow":["GET"]}}],"collection":[{"href":"https:\/\/diariodominicano.com\/index.php?rest_route=\/wp\/v2\/posts"}],"about":[{"href":"https:\/\/diariodominicano.com\/index.php?rest_route=\/wp\/v2\/types\/post"}],"author":[{"embeddable":true,"href":"https:\/\/diariodominicano.com\/index.php?rest_route=\/wp\/v2\/users\/3"}],"replies":[{"embeddable":true,"href":"https:\/\/diariodominicano.com\/index.php?rest_route=%2Fwp%2Fv2%2Fcomments&post=122687"}],"version-history":[{"count":0,"href":"https:\/\/diariodominicano.com\/index.php?rest_route=\/wp\/v2\/posts\/122687\/revisions"}],"wp:attachment":[{"href":"https:\/\/diariodominicano.com\/index.php?rest_route=%2Fwp%2Fv2%2Fmedia&parent=122687"}],"wp:term":[{"taxonomy":"category","embeddable":true,"href":"https:\/\/diariodominicano.com\/index.php?rest_route=%2Fwp%2Fv2%2Fcategories&post=122687"},{"taxonomy":"post_tag","embeddable":true,"href":"https:\/\/diariodominicano.com\/index.php?rest_route=%2Fwp%2Fv2%2Ftags&post=122687"}],"curies":[{"name":"wp","href":"https:\/\/api.w.org\/{rel}","templated":true}]}}