{"id":122686,"date":"2007-10-07T20:01:41","date_gmt":"2007-10-07T20:01:41","guid":{"rendered":"http:\/\/diariodominicano.ddns.net\/?p=122686"},"modified":"2007-10-07T20:01:41","modified_gmt":"2007-10-07T20:01:41","slug":"temistocles-montas-advierte-el-impacto-de-los-precios-petroleo","status":"publish","type":"post","link":"https:\/\/diariodominicano.com\/?p=122686","title":{"rendered":"Temistocles Mont\u00e1s advierte el impacto de los precios petr\u00f3leo"},"content":{"rendered":"<p><body><\/p>\n<p align=\"justify\" class=\"titulogrande1\">Temistocles Mont\u00e1s advierte el impacto de los precios petr\u00f3leo<\/p>\n<p>&#13;<\/p>\n<p align=\"justify\" class=\"text1noticias\">Mont\u00e1s consider\u00f3 \u00a0que los precios  internos de los combustibles est\u00e1n llegando a niveles cada vez m\u00e1s dif\u00edcil de  ser asumidos por la poblaci\u00f3n, al extremo de que hay quienes est\u00e1n planteando  colocar un tope a los precios internos de esos derivados.<br \/>&#13;<br \/>\n  <br \/> &#13;<br \/>\nSin embargo,\u00a0 de aceptarse este enfoque, se erosionar\u00edan  las recaudaciones fiscales por este concepto,\u00a0  que actualmente representan el 14% de los ingresos tributarios, uno de  los ingresos m\u00e1s importantes de la actual estructura tributaria, advirti\u00f3  Mont\u00e1s.<\/p>\n<p>&#13;<\/p>\n<p align=\"justify\" class=\"text1noticias\"><strong><img loading=\"lazy\" decoding=\"async\" src=\"http:\/\/localhost:8080\/economia\/pictures\/romana 2.jpg\" width=\"269\" height=\"189\" hspace=\"4\" align=\"left\" \/>LA ROMANA \u2013<\/strong> El Secretario de  Econom\u00eda, Planificaci\u00f3n y Desarrollo, Temistocles Mont\u00e1s, dijo el s\u00e1bado que el  incremento de los precios internacionales del petr\u00f3leo conspira contra la  estabilidad de la econom\u00eda dominicana y advirti\u00f3 que colocar un tope a los  precios internos de los combustibles erosionar\u00eda las recaudaciones fiscales.<\/p>\n<p>&#13;<\/p>\n<p align=\"justify\" class=\"text1noticias\">Mont\u00e1s consider\u00f3 \u00a0que los precios internos  de los combustibles est\u00e1n llegando a niveles cada vez m\u00e1s dif\u00edcil de ser  asumidos por la poblaci\u00f3n, al extremo de que hay quienes est\u00e1n planteando  colocar un tope a los precios internos de esos derivados.<\/p>\n<p>&#13;<\/p>\n<p align=\"justify\" class=\"text1noticias\">Sin embargo, \u00a0de aceptarse este  enfoque, se erosionar\u00edan las recaudaciones fiscales por este concepto,\u00a0 que actualmente representan el 14% de los  ingresos tributarios, uno de los ingresos m\u00e1s importantes de la actual estructura  tributaria, advirti\u00f3 Mont\u00e1s.<\/p>\n<p>&#13;<\/p>\n<p align=\"justify\" class=\"text1noticias\">Advirti\u00f3 tambi\u00e9n que eventualmente los elevados precios del petr\u00f3leo  seguir\u00e1n provocando aumentos en los costos de producci\u00f3n, incluyendo el  salario, pues la situaci\u00f3n empujar\u00eda a demandas de incrementos salariales.<br \/>&#13;<br \/>\n  <br \/>&#13;<br \/>\n  Mont\u00e1s present\u00f3 un balance del desempe\u00f1o econ\u00f3mico del pa\u00eds en este 2007  y analiz\u00f3 las perspectivas futuras en un encuentro que encabez\u00f3 el Presidente  Leonel Fern\u00e1ndez con t\u00e9cnicos del Banco Interamericano de Desarrollo (BID) y el  Banco Mundial, con la participaci\u00f3n de los funcionarios de los gabinetes econ\u00f3mico y el\u00e9ctrico del gobierno.<\/p>\n<p>&#13;<\/p>\n<p align=\"justify\" class=\"text1noticias\">En el encuentro, celebrado durante todo el s\u00e1bado en Casa de Campo para  evaluar la econom\u00eda dominicana, Mont\u00e1s ponder\u00f3 \u201clos excelentes\u201d indicadores macroecon\u00f3micos  con que terminar\u00e1 el pa\u00eds este a\u00f1o, proyect\u00e1ndose un crecimiento de un 8%, tasa  de inflaci\u00f3n de un digito, estabilidad cambiaria y reducci\u00f3n del d\u00e9ficit  fiscal.<\/p>\n<p>&#13;<\/p>\n<p align=\"justify\" class=\"text1noticias\">Dijo que el margen de los precios del petr\u00f3leo, otros dos grandes desaf\u00edos  para el pa\u00eds son la mejor\u00eda del sector el\u00e9ctrico y c\u00f3mo financiar la reestructuraci\u00f3n  del aparato productivo nacional para colocarlo en condiciones de competir en el  marco de los tratados de libre comercio, especialmente con Estados Unidos.<\/p>\n<p>&#13;<\/p>\n<p align=\"justify\" class=\"text1noticias\">En lo que se refiere al sector el\u00e9ctrico, Mont\u00e1s dijo que \u00e9ste desafi\u00f3  no solo esta determinado por su incidencia en la competitividad del aparato  productivo nacional, sino tambi\u00e9n por su presi\u00f3n creciente en las finanzas  p\u00fablicas.<\/p>\n<p>&#13;<\/p>\n<p align=\"justify\" class=\"text1noticias\">Mont\u00e1s dijo que para finales de este a\u00f1o el subsidio al sector el\u00e9ctrico  alcanzar\u00e1 los US$200 millones en adici\u00f3n\u00a0  a lo presupuestado.<\/p>\n<p>&#13;<\/p>\n<p align=\"justify\" class=\"text1noticias\">Pero Reconoci\u00f3 que la recuperaci\u00f3n de este sector contin\u00faa siendo una gran  aspiraci\u00f3n de la sociedad dominicana y que los resultados obtenidos hasta ahora  han sido muy limitados, destacando, por ejemplo, que los avances del \u00cdndice de  Recuperaci\u00f3n de Efectivos \u201chan sido muy modestos\u201d.<\/p>\n<p>&#13;<\/p>\n<p align=\"justify\" class=\"text1noticias\">Pese a que dijo que la econom\u00eda dominicana sigue exhibiendo un dinamismo  y un crecimiento sostenido, Montas advirti\u00f3 que esta situaci\u00f3n puede cambiar si  sigue aumentando el d\u00e9ficit de la cuenta corriente de la balanza de pagos por  el crecimiento de los precios del petr\u00f3leo y sus derivados en el mercado  internacional, que actualmente superan los 80 d\u00f3lares el barril.<\/p>\n<p>&#13;<\/p>\n<p align=\"justify\" class=\"text1noticias\">\u201cEn la medida en que se intensifique, el shock petrolero representar\u00e1  una amenaza para la estabilidad y el equilibrio externo de la econom\u00eda y crear\u00e1  presiones en t\u00e9rminos fiscales\u201d, advirti\u00f3 Mont\u00e1s ante un auditorio en el que  figur\u00f3 tambi\u00e9n el Presidente del Banco Interamericana de Desarrollo (BID), el  colombiano Lu\u00eds Alberto Moreno.<\/p>\n<p>&#13;<\/p>\n<p align=\"justify\" class=\"text1noticias\">Mont\u00e1s dijo que otro grave desaf\u00edo es que se produzca una recesi\u00f3n en  los Estados Unidos en un contexto de precios altos del petr\u00f3leo, lo que tendr\u00eda  \u201cefectos directos en el crecimiento de la econom\u00eda y en las exportaciones  dominicanas\u201d.<\/p>\n<p>&#13;<\/p>\n<p align=\"justify\" class=\"text1noticias\">\u201cSe convertir\u00e1 en un desaf\u00edo mantener el crecimiento del empleo en un  contexto de desaceleraci\u00f3n de la econom\u00eda mundial\u201d, sentencio Montas.<br \/>&#13;<br \/>\n  <br \/>&#13;<br \/>\n  En este orden, Mont\u00e1s destac\u00f3 que la pol\u00edtica de empleo mantenida por el  gobierno ha provocado que de octubre del 2004 a abril del presente a\u00f1o, la tasa de  desocupaci\u00f3n ampliada cayo de 19.7% a 15.4%, en tanto que se ha producido un incremento  del salario real entre julio del 2004 y mayo del 2007 de mas de un 27%.<\/p>\n<p>&#13;<\/p>\n<p align=\"justify\" class=\"text1noticias\">El encuentro, que se inicio pasada las 9:00 de la ma\u00f1ana, fue abierto  con discursos del Presidente Leonel Fern\u00e1ndez y del Presidente del BID, Lu\u00eds  Alberto Moreno.<\/p>\n<p>&#13;<\/p>\n<p align=\"justify\" class=\"text1noticias\">Otros funcionarios, entre ellos el Secretario de Hacienda, Vicente  Bengoa y el gobernador del Banco Central, H\u00e9ctor Valdez Albizu, presentaron  exposiciones en el encuentro.<\/p>\n<p>&#13;<\/p>\n<h6> 2007-10-07 20:01:41 <\/h6>\n<p><!--\n<link rel=\"stylesheet\" href=\"css\/bootstrap.min.css\">\n\n\n<ul class=\"pagination\">\n\t    \n\t\n\n<li >\n\t<a href='?page_no=28565'>Previous<\/a>\n\t<\/li>\n\n\n       \n    \n\n<li><a href='?page_no=1'>1<\/a><\/li>\n\n\n\n<li><a href='?page_no=2'>2<\/a><\/li>\n\n\n\n<li><a>...<\/a><\/li>\n\n\n\n<li><a href='?page_no=28564'>28564<\/a><\/li>\n\n\n\n<li><a href='?page_no=28565'>28565<\/a><\/li>\n\n\n\n<li class='active'><a>28566<\/a><\/li>\n\n\n\n<li><a href='?page_no=28567'>28567<\/a><\/li>\n\n\n\n<li><a href='?page_no=28568'>28568<\/a><\/li>\n\n\n\n<li><a>...<\/a><\/li>\n\n\n\n<li><a href='?page_no=30472'>30472<\/a><\/li>\n\n\n\n<li><a href='?page_no=30473'>30473<\/a><\/li>\n\n    \n\t\n\n<li >\n\t<a href='?page_no=28567'>Next<\/a>\n\t<\/li>\n\n\n    \n\n<li><a href='?page_no=30473'>Last &rsaquo;&rsaquo;<\/a><\/li>\n\n<\/ul>\n\n\n--><br \/>\n<\/body><\/p>\n","protected":false},"excerpt":{"rendered":"<p>Temistocles Mont\u00e1s advierte el impacto de los precios petr\u00f3leo &#13; Mont\u00e1s consider\u00f3 \u00a0que los precios internos de los combustibles est\u00e1n llegando a niveles cada vez m\u00e1s dif\u00edcil de ser asumidos por la poblaci\u00f3n, al extremo de que hay quienes est\u00e1n planteando colocar un tope a los precios internos de esos derivados.&#13; &#13; Sin embargo,\u00a0 de [&hellip;]<\/p>\n","protected":false},"author":3,"featured_media":0,"comment_status":"open","ping_status":"open","sticky":false,"template":"","format":"standard","meta":{"footnotes":""},"categories":[18],"tags":[],"class_list":["post-122686","post","type-post","status-publish","format-standard","hentry","category-economia"],"_links":{"self":[{"href":"https:\/\/diariodominicano.com\/index.php?rest_route=\/wp\/v2\/posts\/122686","targetHints":{"allow":["GET"]}}],"collection":[{"href":"https:\/\/diariodominicano.com\/index.php?rest_route=\/wp\/v2\/posts"}],"about":[{"href":"https:\/\/diariodominicano.com\/index.php?rest_route=\/wp\/v2\/types\/post"}],"author":[{"embeddable":true,"href":"https:\/\/diariodominicano.com\/index.php?rest_route=\/wp\/v2\/users\/3"}],"replies":[{"embeddable":true,"href":"https:\/\/diariodominicano.com\/index.php?rest_route=%2Fwp%2Fv2%2Fcomments&post=122686"}],"version-history":[{"count":0,"href":"https:\/\/diariodominicano.com\/index.php?rest_route=\/wp\/v2\/posts\/122686\/revisions"}],"wp:attachment":[{"href":"https:\/\/diariodominicano.com\/index.php?rest_route=%2Fwp%2Fv2%2Fmedia&parent=122686"}],"wp:term":[{"taxonomy":"category","embeddable":true,"href":"https:\/\/diariodominicano.com\/index.php?rest_route=%2Fwp%2Fv2%2Fcategories&post=122686"},{"taxonomy":"post_tag","embeddable":true,"href":"https:\/\/diariodominicano.com\/index.php?rest_route=%2Fwp%2Fv2%2Ftags&post=122686"}],"curies":[{"name":"wp","href":"https:\/\/api.w.org\/{rel}","templated":true}]}}