{"id":122682,"date":"2007-10-08T13:53:56","date_gmt":"2007-10-08T13:53:56","guid":{"rendered":"http:\/\/diariodominicano.ddns.net\/?p=122682"},"modified":"2007-10-08T13:53:56","modified_gmt":"2007-10-08T13:53:56","slug":"vicini-invierte-rd9-millones-beneficiara-5-mil-en-el-este","status":"publish","type":"post","link":"https:\/\/diariodominicano.com\/?p=122682","title":{"rendered":"Vicini invierte RD$9 millones; beneficiar\u00e1 5 mil en el Este"},"content":{"rendered":"<p><body><\/p>\n<p align=\"justify\"><span class=\"titulogrande1\">Vicini invierte RD$9  millones; beneficiar\u00e1 5 mil  en el Este<\/span><br \/>&#13;<br \/>\n  <strong>\u00a0\u00a0\u00a0\u00a0\u00a0\u00a0\u00a0\u00a0 <\/strong> <br \/>&#13;<br \/>\n  <span class=\"text1noticias\"><strong><img loading=\"lazy\" decoding=\"async\" src=\"http:\/\/localhost:8080\/economia\/pictures\/horacio ornes.jpg\" width=\"269\" height=\"404\" hspace=\"4\" align=\"left\" \/>LOS\u00a0 LLANOS, San Pedro de Macor\u00eds.-<\/strong> El grupo Vicini  a trav\u00e9s del Consorcio Azucarero de Empresas Industriales (CAEI) y con el apoyo  de Save the Children Rep\u00fablica Dominicana-FUDECO inici\u00f3 el proyecto \u201cCalidad de  vida con enfoque de derechos de la ni\u00f1ez\u201d, en comunidades ca\u00f1eras del Ingenio  Crist\u00f3bal\u00a0 Colon, con un aporte inicial  de RD$9 millones, como parte de la  implementaci\u00f3n del programa de responsabilidad social corporativa de la  empresa.<\/span><\/p>\n<p>&#13;<\/p>\n<p align=\"justify\" class=\"text1noticias\">El anuncio del  inicio del \u00a0proyecto, que beneficiara a  unas 5 mil personas, fue hecho por Horacio Ornes , director ejecutivo de Save  the Children, Republica Dominicana, mejor conocida como Fundaci\u00f3n Desarrollo  Comunitario (FUDECO), una instituci\u00f3n nacional con m\u00e1s de 30 a\u00f1os de  experiencia que es el miembro Nacional de la Alianza Internacional  Save the Children.<\/p>\n<p>&#13;<\/p>\n<p align=\"justify\" class=\"text1noticias\">&#13;<br \/>\nOrnes indic\u00f3 que  el programa incluye la investigaci\u00f3n y gesti\u00f3n para dise\u00f1ar una certificaci\u00f3n  de \u201cno trabajo infantil\u2019 en las labores agroindustriales inicialmente del  Ingenio Crist\u00f3bal\u00a0 Col\u00f3n.<\/p>\n<p>&#13;<\/p>\n<p align=\"justify\" class=\"text1noticias\">Inform\u00f3 \u00a0que las comunidades ca\u00f1eras beneficiadas en la  zona del Ingenio\u00a0 Crist\u00f3bal Colon son  Contador, Canepa, San Jos\u00e9, Brujuelas Sur, San Idelfonso, Laura, Sabana Tosa,  Yabacoa, San Juan Bautista, San Felipe, Amelia, Santa Lucia de la provincia de  San Pedro de Macor\u00eds.<\/p>\n<p>&#13;<\/p>\n<p align=\"justify\" class=\"text1noticias\">Explic\u00f3 que el  componente de apoyo a la ni\u00f1ez en el proyecto incluye acondicionamientos de  escuelas, construcci\u00f3n y habilitaci\u00f3n de espacios para parques infantiles, capacitaci\u00f3n  en derechos de la ni\u00f1ez, promoci\u00f3n de clubes juveniles y gesti\u00f3n de emergencias  con enfoque de derechos de la ni\u00f1ez.<\/p>\n<p>&#13;<\/p>\n<p align=\"justify\" class=\"text1noticias\">En lo que  respecta al desarrollo econ\u00f3mico, se promover\u00e1 la microempresa, especialmente  la artesan\u00eda, el comercio, turismo rural, as\u00ed como la educaci\u00f3n informal y la  capacitaci\u00f3n t\u00e9cnica especializada.<\/p>\n<p>&#13;<\/p>\n<p align=\"justify\" class=\"text1noticias\">Save the  Children-FUDECO manifest\u00f3 que en la parte social los ni\u00f1os, ni\u00f1as,  adolescentes\u00a0 y sus familias participan  en\u00a0 eventos de capacitaci\u00f3n, sociales,  culturales y de esparcimiento y desarrollo personal.<\/p>\n<p>&#13;<\/p>\n<p align=\"justify\" class=\"text1noticias\">En lo  concerniente a salud y educaci\u00f3n, el programa contempla apoyar las zonas  rurales con electrificaci\u00f3n solar, construcci\u00f3n de aulas adicionales en algunas  escuelas y pre-escolares modernos para los ni\u00f1os de los bateyes. El programa  actual del grupo Vicini da apoyo comunitario, distribuci\u00f3n de alimentos y apoyo  a las cl\u00ednicas y a los centros de salud.<\/p>\n<p>&#13;<\/p>\n<p align=\"justify\" class=\"text1noticias\">En los servicios  se incluye mejoramiento del sistema de agua, electricidad en base a energ\u00eda  alterna, saneamiento ambiental, implementaci\u00f3n de huertos caseros, escolares,  m\u00f3dulos av\u00edcolas y la crianza de animales.<\/p>\n<p>&#13;<\/p>\n<p align=\"justify\" class=\"text1noticias\">Para mejorar el  medio ambiente, se har\u00e1 reforestaci\u00f3n con \u00e1rboles frutales, maderables y de  sombra, recogida de basura y capacitaci\u00f3n sobre la preservaci\u00f3n del medioambiente.<\/p>\n<p>&#13;<\/p>\n<p align=\"justify\" class=\"text1noticias\">Ornes expuso que  este proyecto contribuir\u00e1 con el mejoramiento de la calidad de vida de los  ni\u00f1os y sus familias, as\u00ed como las condiciones socioecon\u00f3micas y ambientales en  las comunidades ca\u00f1eras beneficiarias.<\/p>\n<p>&#13;<\/p>\n<p align=\"justify\" class=\"text1noticias\">Agregaron que a  medida que las condiciones de vida se mejoren en estas comunidades ca\u00f1eras, se  estar\u00e1 favoreciendo el cumplimiento de los derechos de la ni\u00f1ez garantizando  una mayor calidad de vida, incluyendo a toda la familia.<\/p>\n<p>&#13;<\/p>\n<p align=\"justify\" class=\"text1noticias\">En la actualidad,  Save the Children Republica Dominicana-FUDECO opera en una 100\u00a0 peque\u00f1as comunidades de la frontera  beneficiando a 50,000 habitantes en los \u00faltimos 30 a\u00f1os.<\/p>\n<p>&#13;<\/p>\n<h6> 2007-10-08 13:53:56 <\/h6>\n<p><!--\n<link rel=\"stylesheet\" href=\"css\/bootstrap.min.css\">\n\n\n<ul class=\"pagination\">\n\t    \n\t\n\n<li >\n\t<a href='?page_no=28561'>Previous<\/a>\n\t<\/li>\n\n\n       \n    \n\n<li><a href='?page_no=1'>1<\/a><\/li>\n\n\n\n<li><a href='?page_no=2'>2<\/a><\/li>\n\n\n\n<li><a>...<\/a><\/li>\n\n\n\n<li><a href='?page_no=28560'>28560<\/a><\/li>\n\n\n\n<li><a href='?page_no=28561'>28561<\/a><\/li>\n\n\n\n<li class='active'><a>28562<\/a><\/li>\n\n\n\n<li><a href='?page_no=28563'>28563<\/a><\/li>\n\n\n\n<li><a href='?page_no=28564'>28564<\/a><\/li>\n\n\n\n<li><a>...<\/a><\/li>\n\n\n\n<li><a href='?page_no=30472'>30472<\/a><\/li>\n\n\n\n<li><a href='?page_no=30473'>30473<\/a><\/li>\n\n    \n\t\n\n<li >\n\t<a href='?page_no=28563'>Next<\/a>\n\t<\/li>\n\n\n    \n\n<li><a href='?page_no=30473'>Last &rsaquo;&rsaquo;<\/a><\/li>\n\n<\/ul>\n\n\n--><br \/>\n<\/body><\/p>\n","protected":false},"excerpt":{"rendered":"<p>Vicini invierte RD$9 millones; beneficiar\u00e1 5 mil en el Este&#13; \u00a0\u00a0\u00a0\u00a0\u00a0\u00a0\u00a0\u00a0 &#13; LOS\u00a0 LLANOS, San Pedro de Macor\u00eds.- El grupo Vicini a trav\u00e9s del Consorcio Azucarero de Empresas Industriales (CAEI) y con el apoyo de Save the Children Rep\u00fablica Dominicana-FUDECO inici\u00f3 el proyecto \u201cCalidad de vida con enfoque de derechos de la ni\u00f1ez\u201d, en comunidades [&hellip;]<\/p>\n","protected":false},"author":3,"featured_media":0,"comment_status":"open","ping_status":"open","sticky":false,"template":"","format":"standard","meta":{"footnotes":""},"categories":[18],"tags":[],"class_list":["post-122682","post","type-post","status-publish","format-standard","hentry","category-economia"],"_links":{"self":[{"href":"https:\/\/diariodominicano.com\/index.php?rest_route=\/wp\/v2\/posts\/122682","targetHints":{"allow":["GET"]}}],"collection":[{"href":"https:\/\/diariodominicano.com\/index.php?rest_route=\/wp\/v2\/posts"}],"about":[{"href":"https:\/\/diariodominicano.com\/index.php?rest_route=\/wp\/v2\/types\/post"}],"author":[{"embeddable":true,"href":"https:\/\/diariodominicano.com\/index.php?rest_route=\/wp\/v2\/users\/3"}],"replies":[{"embeddable":true,"href":"https:\/\/diariodominicano.com\/index.php?rest_route=%2Fwp%2Fv2%2Fcomments&post=122682"}],"version-history":[{"count":0,"href":"https:\/\/diariodominicano.com\/index.php?rest_route=\/wp\/v2\/posts\/122682\/revisions"}],"wp:attachment":[{"href":"https:\/\/diariodominicano.com\/index.php?rest_route=%2Fwp%2Fv2%2Fmedia&parent=122682"}],"wp:term":[{"taxonomy":"category","embeddable":true,"href":"https:\/\/diariodominicano.com\/index.php?rest_route=%2Fwp%2Fv2%2Fcategories&post=122682"},{"taxonomy":"post_tag","embeddable":true,"href":"https:\/\/diariodominicano.com\/index.php?rest_route=%2Fwp%2Fv2%2Ftags&post=122682"}],"curies":[{"name":"wp","href":"https:\/\/api.w.org\/{rel}","templated":true}]}}