{"id":122680,"date":"2007-10-08T18:52:51","date_gmt":"2007-10-08T18:52:51","guid":{"rendered":"http:\/\/diariodominicano.ddns.net\/?p=122680"},"modified":"2007-10-08T18:52:51","modified_gmt":"2007-10-08T18:52:51","slug":"en-universidad-de-massachussets-auspician-conferencia-con-melanio-paredes-sobre-dr-cafta-dominicanos-en-el-exterior-e-inversion-extranjera","status":"publish","type":"post","link":"https:\/\/diariodominicano.com\/?p=122680","title":{"rendered":"En Universidad de Massachussets auspician conferencia con Melanio Paredes  sobre  DR-CAFTA, dominicanos en el exterior e inversi\u00f3n extranjera"},"content":{"rendered":"<p><body><\/p>\n<p align=\"justify\" class=\"titulogrande1\">En Universidad de Massachussets  auspician conferencia con Melanio Paredes\u00a0  sobre\u00a0 DR-CAFTA,\u00a0 dominicanos en el exterior e inversi\u00f3n  extranjera<\/p>\n<p>&#13;<\/p>\n<p align=\"justify\" class=\"text1noticias\"><strong><img loading=\"lazy\" decoding=\"async\" src=\"http:\/\/localhost:8080\/economia\/pictures\/melanio paredes campus.jpg\" width=\"269\" height=\"495\" hspace=\"4\" align=\"left\" \/>BOSTON, Massachusetts.-<\/strong> La organizaci\u00f3n no gubernamental Quisqueya  Foundation anunci\u00f3 la celebraci\u00f3n de la\u00a0conferencia: \u201cDR-CAFTA:  Competitividad para la inversi\u00f3n extranjera y la comunidad dominicana en el  exterior; impacto, potencialidades y experiencias de sus inicios\u201d.<br \/>&#13;<br \/>\n  <br \/>&#13;<br \/>\n  Los economistas  Frank Valenzuela y H\u00e9ctor Fr\u00edas, Presidente y Director Ejecutivo de la entidad,  informaron que la actividad tendr\u00e1 lugar\u00a0el\u00a0 d\u00eda\u00a0  \u00a027\u00a0\u00a0 del presente mes\u00a0 en la Universidad de\u00a0Massachusetts (UMASS-Boston) y tendr\u00e1 como expositor al Lic. Melanio  Paredes, actual Secretario de Industria  y Comercio de la   Rep\u00fablica Dominicana. <br \/>&#13;<br \/>\n  <br \/>&#13;<br \/>\n  Destacaron que el objetivo de la conferencia estar\u00e1 dirigido a \u201cBrindar un marco de an\u00e1lisis y reflexi\u00f3n en torno a  las potencialidades que ofrece la Rep\u00fablica Dominicana  para la inversi\u00f3n extranjera y de la di\u00e1spora dominicana dentro del marco del  acuerdo comercial con EE.UU y  Centroam\u00e9rica\u00a0 DR-CAFTA\u201d.<br \/>&#13;<br \/>\n  <br \/>&#13;<br \/>\n  Informaron que  la\u00a0 conferencia estar\u00e1 enfocada  hacia\u00a0 las principales c\u00e1maras de  comercio, asociaciones de comerciantes hispanas y dominicanas, consultores  privados, profesores universitarios, estudiantes, l\u00edderes comunitarios,  organizaciones comunales localizadas en el \u00e1rea de Nueva Inglaterra.<br \/>&#13;<br \/>\n  <br \/>&#13;<br \/>\n  La finalidad de  la conferencia ser\u00e1 exponer sobre\u00a0 las potencialidades y oportunidades  comerciales existentes en Rep\u00fablica Dominicana para la inversi\u00f3n extranjera y  sobre todo para la di\u00e1spora dominicana dentro de la nueva din\u00e1mica de  competitividad que pueda ofrecer el\u00a0  DR-CAFTA en el pa\u00eds.\u00a0<br \/>&#13;<br \/>\n  <br \/>&#13;<br \/>\n  Resaltaron que  se hace necesario la formulaci\u00f3n e implementaci\u00f3n de estrategias competitivas  que permitan vincular los ahorros de la di\u00e1spora dominicana a proyectos de  desarrollo en nuestro pa\u00eds dentro del marco del DR-CAFTA.<br \/>&#13;<br \/>\n  <br \/>&#13;<br \/>\nSe\u00f1alaron  que la misma se realizar\u00e1 a partir de la 5:00 p.m.\u00a0 en el \u00a0\u00a0Edificio McCormack de la Universidad de  Massachusetts (UMASS-Boston).<\/p>\n<p>&#13;<\/p>\n<p align=\"justify\" class=\"text1noticias\">Valenzuela y  Fr\u00edas informaron que la calidad de la conferencia estar\u00e1 garantizada, ya que  \u00a0Melanio Paredes es\u00a0 graduado Magna  Cum Laude en econom\u00eda, en el Instituto Tecnol\u00f3gico de Santo Domingo  (INTEC),\u00a0 posee\u00a0 una maestr\u00eda en Administraci\u00f3n de la Educaci\u00f3n, Magna Cum  Laude en las Universidades:\u00a0 Aut\u00f3noma de  Santo Domingo (UASD)\/Pontificia Universidad Cat\u00f3lica Madre y Maestra  (PUCMM)\/Universidad de Montreal<\/p>\n<p>&#13;<\/p>\n<p align=\"justify\" class=\"text1noticias\">Se ha  desempe\u00f1ado adem\u00e1s, como Director General  del Instituto Nacional de Formaci\u00f3n T\u00e9cnico Profesional (INFOTED), Director de  Autoridad Portuaria Dominicana (APD), Director del Instituto Dominicano de  Tecnolog\u00eda Industrial (INDOTEC) y Diputado al Congreso Nacional por la  provincia de San Crist\u00f3bal.<\/p>\n<p>&#13;<\/p>\n<p align=\"justify\" class=\"text1noticias\">Tambi\u00e9n destacaron que \u00a0Paredes, ha desarrollado una amplia labor  magisterial y de consultor\u00eda en el sector\u00a0  que lo llev\u00f3 a ser Secretario General de la Asociaci\u00f3n Dominicana  de Profesores, (ADP).<\/p>\n<p>&#13;<\/p>\n<h6> 2007-10-08 18:52:51 <\/h6>\n<p><!--\n<link rel=\"stylesheet\" href=\"css\/bootstrap.min.css\">\n\n\n<ul class=\"pagination\">\n\t    \n\t\n\n<li >\n\t<a href='?page_no=28559'>Previous<\/a>\n\t<\/li>\n\n\n       \n    \n\n<li><a href='?page_no=1'>1<\/a><\/li>\n\n\n\n<li><a href='?page_no=2'>2<\/a><\/li>\n\n\n\n<li><a>...<\/a><\/li>\n\n\n\n<li><a href='?page_no=28558'>28558<\/a><\/li>\n\n\n\n<li><a href='?page_no=28559'>28559<\/a><\/li>\n\n\n\n<li class='active'><a>28560<\/a><\/li>\n\n\n\n<li><a href='?page_no=28561'>28561<\/a><\/li>\n\n\n\n<li><a href='?page_no=28562'>28562<\/a><\/li>\n\n\n\n<li><a>...<\/a><\/li>\n\n\n\n<li><a href='?page_no=30472'>30472<\/a><\/li>\n\n\n\n<li><a href='?page_no=30473'>30473<\/a><\/li>\n\n    \n\t\n\n<li >\n\t<a href='?page_no=28561'>Next<\/a>\n\t<\/li>\n\n\n    \n\n<li><a href='?page_no=30473'>Last &rsaquo;&rsaquo;<\/a><\/li>\n\n<\/ul>\n\n\n--><br \/>\n<\/body><\/p>\n","protected":false},"excerpt":{"rendered":"<p>En Universidad de Massachussets auspician conferencia con Melanio Paredes\u00a0 sobre\u00a0 DR-CAFTA,\u00a0 dominicanos en el exterior e inversi\u00f3n extranjera &#13; BOSTON, Massachusetts.- La organizaci\u00f3n no gubernamental Quisqueya Foundation anunci\u00f3 la celebraci\u00f3n de la\u00a0conferencia: \u201cDR-CAFTA: Competitividad para la inversi\u00f3n extranjera y la comunidad dominicana en el exterior; impacto, potencialidades y experiencias de sus inicios\u201d.&#13; &#13; Los economistas [&hellip;]<\/p>\n","protected":false},"author":3,"featured_media":0,"comment_status":"open","ping_status":"open","sticky":false,"template":"","format":"standard","meta":{"footnotes":""},"categories":[18],"tags":[],"class_list":["post-122680","post","type-post","status-publish","format-standard","hentry","category-economia"],"_links":{"self":[{"href":"https:\/\/diariodominicano.com\/index.php?rest_route=\/wp\/v2\/posts\/122680","targetHints":{"allow":["GET"]}}],"collection":[{"href":"https:\/\/diariodominicano.com\/index.php?rest_route=\/wp\/v2\/posts"}],"about":[{"href":"https:\/\/diariodominicano.com\/index.php?rest_route=\/wp\/v2\/types\/post"}],"author":[{"embeddable":true,"href":"https:\/\/diariodominicano.com\/index.php?rest_route=\/wp\/v2\/users\/3"}],"replies":[{"embeddable":true,"href":"https:\/\/diariodominicano.com\/index.php?rest_route=%2Fwp%2Fv2%2Fcomments&post=122680"}],"version-history":[{"count":0,"href":"https:\/\/diariodominicano.com\/index.php?rest_route=\/wp\/v2\/posts\/122680\/revisions"}],"wp:attachment":[{"href":"https:\/\/diariodominicano.com\/index.php?rest_route=%2Fwp%2Fv2%2Fmedia&parent=122680"}],"wp:term":[{"taxonomy":"category","embeddable":true,"href":"https:\/\/diariodominicano.com\/index.php?rest_route=%2Fwp%2Fv2%2Fcategories&post=122680"},{"taxonomy":"post_tag","embeddable":true,"href":"https:\/\/diariodominicano.com\/index.php?rest_route=%2Fwp%2Fv2%2Ftags&post=122680"}],"curies":[{"name":"wp","href":"https:\/\/api.w.org\/{rel}","templated":true}]}}