{"id":122678,"date":"2007-10-08T19:25:36","date_gmt":"2007-10-08T19:25:36","guid":{"rendered":"http:\/\/diariodominicano.ddns.net\/?p=122678"},"modified":"2007-10-08T19:25:36","modified_gmt":"2007-10-08T19:25:36","slug":"costa-rica-aprueba-la-ratificacion-del-tlc-con-ee-uu","status":"publish","type":"post","link":"https:\/\/diariodominicano.com\/?p=122678","title":{"rendered":"Costa Rica aprueba la ratificaci\u00f3n del TLC con EE UU"},"content":{"rendered":"<p><body><\/p>\n<p><strong class=\"titulogrande1\">Costa Rica  aprueba la ratificaci\u00f3n del TLC con EE UU<\/strong><br \/>&#13;<br \/>\n  <br \/>&#13;<br \/>\n    <span class=\"text1noticias\">La participaci\u00f3n en el  refer\u00e9ndum ha sido cercana al 60% <\/span><\/p>\n<p>&#13;<\/p>\n<p align=\"justify\" class=\"text1noticias\"><strong>SAN JOSE.-<\/strong> El 51,7% de los costarricenses ha decidido aprobar la  ratificaci\u00f3n del tratado de libre comercio (TLC) con Estados Unidos tras el recuento  del 90% de las urnas en el primer referendum en la historia del pa\u00eds, seg\u00fan  datos oficiales. El <em>S\u00ed<\/em> al TLC ha ganado la consulta popular al obtener  753.747 votos, frente a los 703.588 sufragios del <em>No<\/em>, representando el  48,3% de los electores.<br \/>&#13;<br \/>\n  <br \/>&#13;<br \/>\n  Las autoridades del TSE han afirmado que la participaci\u00f3n al  referendo fue del 59,84% del padr\u00f3n electoral, superando el 40% que se requer\u00eda  para que el resultado de la consulta sea vinculante.<br \/>&#13;<br \/>\n  <br \/>&#13;<br \/>\n  El resultado del referendo, el primero que celebra Costa Rica en  su historia, tendr\u00e1 efectos en el resto de la regi\u00f3n: la consolidaci\u00f3n del  proceso de integraci\u00f3n centroamericana y, por tanto, el futuro de las  negociaciones de un tratado de libre comercio entre la regi\u00f3n y la Uni\u00f3n Europea.<br \/>&#13;<br \/>\n  <br \/>&#13;<br \/>\n  <strong>Prioridad del Gobierno<\/strong> <br \/>&#13;<br \/>\n  <br \/>&#13;<br \/>\n  El Tratado de Libre Comercio se aplica ya en Guatemala, El  Salvador, Honduras, Nicaragua y Rep\u00fablica Dominicana, donde rigen las nuevas  reglas de intercambio comercial con el mayor mercado del mundo. El acuerdo,  heredado de la   Administraci\u00f3n de Abel Pacheco (2002-2006), es la mayor  prioridad del Gobierno de \u00d3scar Arias, pero se podr\u00eda derrumbar por causa de un  creciente movimiento opositor reunido en torno a ideas de soberan\u00eda y  patriotismo.<br \/>&#13;<br \/>\n  <br \/>&#13;<br \/>\n  <strong>EFE \/ ELPAIS.com<\/strong> &#8211; San Jos\u00e9 &#8211; 08\/10\/2007 <\/p>\n<p>&#13;<\/p>\n<h6> 2007-10-08 19:25:36 <\/h6>\n<p><!--\n<link rel=\"stylesheet\" href=\"css\/bootstrap.min.css\">\n\n\n<ul class=\"pagination\">\n\t    \n\t\n\n<li >\n\t<a href='?page_no=28557'>Previous<\/a>\n\t<\/li>\n\n\n       \n    \n\n<li><a href='?page_no=1'>1<\/a><\/li>\n\n\n\n<li><a href='?page_no=2'>2<\/a><\/li>\n\n\n\n<li><a>...<\/a><\/li>\n\n\n\n<li><a href='?page_no=28556'>28556<\/a><\/li>\n\n\n\n<li><a href='?page_no=28557'>28557<\/a><\/li>\n\n\n\n<li class='active'><a>28558<\/a><\/li>\n\n\n\n<li><a href='?page_no=28559'>28559<\/a><\/li>\n\n\n\n<li><a href='?page_no=28560'>28560<\/a><\/li>\n\n\n\n<li><a>...<\/a><\/li>\n\n\n\n<li><a href='?page_no=30472'>30472<\/a><\/li>\n\n\n\n<li><a href='?page_no=30473'>30473<\/a><\/li>\n\n    \n\t\n\n<li >\n\t<a href='?page_no=28559'>Next<\/a>\n\t<\/li>\n\n\n    \n\n<li><a href='?page_no=30473'>Last &rsaquo;&rsaquo;<\/a><\/li>\n\n<\/ul>\n\n\n--><br \/>\n<\/body><\/p>\n","protected":false},"excerpt":{"rendered":"<p>Costa Rica aprueba la ratificaci\u00f3n del TLC con EE UU&#13; &#13; La participaci\u00f3n en el refer\u00e9ndum ha sido cercana al 60% &#13; SAN JOSE.- El 51,7% de los costarricenses ha decidido aprobar la ratificaci\u00f3n del tratado de libre comercio (TLC) con Estados Unidos tras el recuento del 90% de las urnas en el primer referendum [&hellip;]<\/p>\n","protected":false},"author":3,"featured_media":0,"comment_status":"open","ping_status":"open","sticky":false,"template":"","format":"standard","meta":{"footnotes":""},"categories":[18],"tags":[],"class_list":["post-122678","post","type-post","status-publish","format-standard","hentry","category-economia"],"_links":{"self":[{"href":"https:\/\/diariodominicano.com\/index.php?rest_route=\/wp\/v2\/posts\/122678","targetHints":{"allow":["GET"]}}],"collection":[{"href":"https:\/\/diariodominicano.com\/index.php?rest_route=\/wp\/v2\/posts"}],"about":[{"href":"https:\/\/diariodominicano.com\/index.php?rest_route=\/wp\/v2\/types\/post"}],"author":[{"embeddable":true,"href":"https:\/\/diariodominicano.com\/index.php?rest_route=\/wp\/v2\/users\/3"}],"replies":[{"embeddable":true,"href":"https:\/\/diariodominicano.com\/index.php?rest_route=%2Fwp%2Fv2%2Fcomments&post=122678"}],"version-history":[{"count":0,"href":"https:\/\/diariodominicano.com\/index.php?rest_route=\/wp\/v2\/posts\/122678\/revisions"}],"wp:attachment":[{"href":"https:\/\/diariodominicano.com\/index.php?rest_route=%2Fwp%2Fv2%2Fmedia&parent=122678"}],"wp:term":[{"taxonomy":"category","embeddable":true,"href":"https:\/\/diariodominicano.com\/index.php?rest_route=%2Fwp%2Fv2%2Fcategories&post=122678"},{"taxonomy":"post_tag","embeddable":true,"href":"https:\/\/diariodominicano.com\/index.php?rest_route=%2Fwp%2Fv2%2Ftags&post=122678"}],"curies":[{"name":"wp","href":"https:\/\/api.w.org\/{rel}","templated":true}]}}