{"id":122677,"date":"2007-10-09T14:17:22","date_gmt":"2007-10-09T14:17:22","guid":{"rendered":"http:\/\/diariodominicano.ddns.net\/?p=122677"},"modified":"2007-10-09T14:17:22","modified_gmt":"2007-10-09T14:17:22","slug":"rector-uasd-augura-universidades-y-empresas-caminen-juntas","status":"publish","type":"post","link":"https:\/\/diariodominicano.com\/?p=122677","title":{"rendered":"Rector UASD augura universidades y empresas caminen juntas"},"content":{"rendered":"<p><body><\/p>\n<p align=\"justify\" class=\"titulogrande1\">Rector  UASD augura universidades y empresas caminen juntas<\/p>\n<p>&#13;<\/p>\n<p align=\"justify\" class=\"text1noticias\"><strong><img loading=\"lazy\" decoding=\"async\" src=\"http:\/\/localhost:8080\/economia\/pictures\/roberto reyna cara.jpg\" width=\"269\" height=\"297\" hspace=\"4\" align=\"left\" \/>Santo Domingo.-<\/strong> El rector de la Universidad Aut\u00f3noma  de Santo Domingo augur\u00f3 en un futuro no muy lejano que las universidades y las  empresas \u201ccaminar\u00e1n juntas, crecer\u00e1n juntas y contribuir\u00e1n juntas al desarrollo  social, econ\u00f3mico, cient\u00edfico y cultural de los pueblos\u201d.<\/p>\n<p>&#13;<\/p>\n<p align=\"justify\" class=\"text1noticias\">Roberto Reyna estim\u00f3 que las  universidades podr\u00e1n estrechar sus v\u00ednculos con las empresas mediante la  realizaci\u00f3n de investigaciones cient\u00edficas que desarrollen conocimientos y garanticen  su posicionamiento en el mercado o afiancen su competitividad.<\/p>\n<p>&#13;<\/p>\n<p align=\"justify\" class=\"text1noticias\">\u201cLas universidades y las  empresas podr\u00e1n negociar la producci\u00f3n de conocimientos mediante la ejecuci\u00f3n  de investigaciones que se utilicen en el desarrollo de programas espec\u00edficos y  en la realizaci\u00f3n de tesis de grado como de postgrado\u201d, expres\u00f3.<\/p>\n<p>&#13;<\/p>\n<p align=\"justify\" class=\"text1noticias\">Consider\u00f3 que las empresas  necesitan la innovaci\u00f3n para competir con posibilidades de \u00e9xito y las  universidades tienen los recursos humanos necesarios para producir esa  innovaci\u00f3n o el conocimiento nuevo por la v\u00eda de la invenci\u00f3n o del  descubrimiento cient\u00edfico.<\/p>\n<p>&#13;<\/p>\n<p align=\"justify\" class=\"text1noticias\">El rector de la UASD pronunci\u00f3 una ponencia  sobre El Conocimiento, Motor del Desarrollo de las Naciones\u201d, en el marco del V  Congreso de Administraci\u00f3n M\u00e9xico, Centroam\u00e9rica y El Caribe, que se desarroll\u00f3  por tres d\u00edas en la   Biblioteca Pedro Mir y que tuvo por tema Calidad y  Productividad: Un Binomio para el Crecimiento Empresarial.<\/p>\n<p>&#13;<\/p>\n<p align=\"justify\" class=\"text1noticias\">Posterior a la intervenci\u00f3n  de Reyna, el rector de la   Universidad de Chapuoltepec, M\u00e9xico, maestro Isa\u00edas Francisco  Lejarza Gallegos, pronunci\u00f3 su ponencia Acreditaci\u00f3n Institucional FIMPES.  Luego se procedi\u00f3 a la clausura del c\u00f3nclave que incluy\u00f3 breves palabras de  gracias del rector de la UASD,  entrega de certificados y una presentaci\u00f3n art\u00edstica.<\/p>\n<p>&#13;<\/p>\n<p align=\"justify\" class=\"text1noticias\">Previamente, \u00a0Patria Fern\u00e1ndez, presidenta de la Uni\u00f3n Nacional de  Profesionales en Administraci\u00f3n, Inc., UNAPA y el doctor Octavio Rui Bernardes  de Andrade, presidente de la Organizaci\u00f3n   Latinoamericana de Administraci\u00f3n, OLA, agradecieron el  respaldo que recibieron de parte de las autoridades universitarias de la UASD.<\/p>\n<p>&#13;<\/p>\n<p align=\"justify\" class=\"text1noticias\">En el evento participaron  delegados de El Salvador, Puerto Rico, Uruguay, M\u00e9xico, Venezuela, Per\u00fa,  Guatemala, Brasil, entre otros.<\/p>\n<p>&#13;<\/p>\n<h6> 2007-10-09 14:17:22 <\/h6>\n<p><!--\n<link rel=\"stylesheet\" href=\"css\/bootstrap.min.css\">\n\n\n<ul class=\"pagination\">\n\t    \n\t\n\n<li >\n\t<a href='?page_no=28556'>Previous<\/a>\n\t<\/li>\n\n\n       \n    \n\n<li><a href='?page_no=1'>1<\/a><\/li>\n\n\n\n<li><a href='?page_no=2'>2<\/a><\/li>\n\n\n\n<li><a>...<\/a><\/li>\n\n\n\n<li><a href='?page_no=28555'>28555<\/a><\/li>\n\n\n\n<li><a href='?page_no=28556'>28556<\/a><\/li>\n\n\n\n<li class='active'><a>28557<\/a><\/li>\n\n\n\n<li><a href='?page_no=28558'>28558<\/a><\/li>\n\n\n\n<li><a href='?page_no=28559'>28559<\/a><\/li>\n\n\n\n<li><a>...<\/a><\/li>\n\n\n\n<li><a href='?page_no=30472'>30472<\/a><\/li>\n\n\n\n<li><a href='?page_no=30473'>30473<\/a><\/li>\n\n    \n\t\n\n<li >\n\t<a href='?page_no=28558'>Next<\/a>\n\t<\/li>\n\n\n    \n\n<li><a href='?page_no=30473'>Last &rsaquo;&rsaquo;<\/a><\/li>\n\n<\/ul>\n\n\n--><br \/>\n<\/body><\/p>\n","protected":false},"excerpt":{"rendered":"<p>Rector UASD augura universidades y empresas caminen juntas &#13; Santo Domingo.- El rector de la Universidad Aut\u00f3noma de Santo Domingo augur\u00f3 en un futuro no muy lejano que las universidades y las empresas \u201ccaminar\u00e1n juntas, crecer\u00e1n juntas y contribuir\u00e1n juntas al desarrollo social, econ\u00f3mico, cient\u00edfico y cultural de los pueblos\u201d. &#13; Roberto Reyna estim\u00f3 que [&hellip;]<\/p>\n","protected":false},"author":3,"featured_media":0,"comment_status":"open","ping_status":"open","sticky":false,"template":"","format":"standard","meta":{"footnotes":""},"categories":[18],"tags":[],"class_list":["post-122677","post","type-post","status-publish","format-standard","hentry","category-economia"],"_links":{"self":[{"href":"https:\/\/diariodominicano.com\/index.php?rest_route=\/wp\/v2\/posts\/122677","targetHints":{"allow":["GET"]}}],"collection":[{"href":"https:\/\/diariodominicano.com\/index.php?rest_route=\/wp\/v2\/posts"}],"about":[{"href":"https:\/\/diariodominicano.com\/index.php?rest_route=\/wp\/v2\/types\/post"}],"author":[{"embeddable":true,"href":"https:\/\/diariodominicano.com\/index.php?rest_route=\/wp\/v2\/users\/3"}],"replies":[{"embeddable":true,"href":"https:\/\/diariodominicano.com\/index.php?rest_route=%2Fwp%2Fv2%2Fcomments&post=122677"}],"version-history":[{"count":0,"href":"https:\/\/diariodominicano.com\/index.php?rest_route=\/wp\/v2\/posts\/122677\/revisions"}],"wp:attachment":[{"href":"https:\/\/diariodominicano.com\/index.php?rest_route=%2Fwp%2Fv2%2Fmedia&parent=122677"}],"wp:term":[{"taxonomy":"category","embeddable":true,"href":"https:\/\/diariodominicano.com\/index.php?rest_route=%2Fwp%2Fv2%2Fcategories&post=122677"},{"taxonomy":"post_tag","embeddable":true,"href":"https:\/\/diariodominicano.com\/index.php?rest_route=%2Fwp%2Fv2%2Ftags&post=122677"}],"curies":[{"name":"wp","href":"https:\/\/api.w.org\/{rel}","templated":true}]}}