{"id":122676,"date":"2007-10-09T21:52:34","date_gmt":"2007-10-09T21:52:34","guid":{"rendered":"http:\/\/diariodominicano.ddns.net\/?p=122676"},"modified":"2007-10-09T21:52:34","modified_gmt":"2007-10-09T21:52:34","slug":"ejecutivos-de-adozona-reciben-con-beneplacito-el-decreto-552-07","status":"publish","type":"post","link":"https:\/\/diariodominicano.com\/?p=122676","title":{"rendered":"Ejecutivos de ADOZONA reciben con benepl\u00e1cito el decreto 552-07"},"content":{"rendered":"<p><body><\/p>\n<p align=\"justify\"><span class=\"titulogrande1\">Ejecutivos de ADOZONA reciben con benepl\u00e1cito el decreto 552-07<\/span><br \/>&#13;<br \/>\n  <br \/>&#13;<br \/>\n    <span class=\"text1noticias\"><strong><img loading=\"lazy\" decoding=\"async\" src=\"http:\/\/localhost:8080\/economia\/pictures\/zonas francas 2.jpg\" width=\"269\" height=\"183\" hspace=\"4\" align=\"left\" \/>SANTO DOMINGO.-<\/strong> Ejecutivos  de la Asociaci\u00f3n   Dominicana de Zonas Francas acogieron con benepl\u00e1cito el  decreto 552-07, emitido el \u00a0lunes por el  presidente Leonel Fern\u00e1ndez, con el que crea el Fondo de Preservaci\u00f3n y  Creaci\u00f3n del Empleo.<br \/>&#13;<br \/>\n    <br \/>&#13;<br \/>\n    El director ejecutivo y  el primer vicepresidente de ADOZONA, Jos\u00e9 Manuel Torres y Jos\u00e9 Clase, dijeron  que con esta medida el sector que representan lograr\u00e1 mantener la  competitividad y salvar m\u00e1s de 60 mil empleos.<br \/>&#13;<br \/>\n    <br \/>&#13;<br \/>\n    Puntualizaron que de  esta manera las zonas francas de la Rep\u00fablica Dominicana  podr\u00e1n cotizar y competir con otros pa\u00edses de \u00e1reas que est\u00e1n haciendo  mecanismos parecidos como son los situados en Centroam\u00e9rica y Asia.<br \/>&#13;<br \/>\n    <br \/>&#13;<br \/>\n\u00abAdem\u00e1s, mandamos  una se\u00f1al internacional de que el Gobierno no est\u00e1 de espalda a la realidad  internacional, que no est\u00e1 de acuerdo con que el pa\u00eds no sea competitivo  internacionalmente y que al mandarnos una se\u00f1al, podr\u00edamos inducir atraer  nuevas inversiones extranjeras\u00bb, asegur\u00f3 Jos\u00e9 Manuel Torres. <br \/>&#13;<br \/>\n<br \/>&#13;<br \/>\nGarantiz\u00f3 que el decreto  del Poder Ejecutivo, conjuntamente con otras disposiciones que se han tomado en  los \u00faltimos meses, son el punto de partida para el lanzamiento del sector de  zonas francas.<br \/>&#13;<br \/>\n<br \/>&#13;<br \/>\nDe su lado, Jos\u00e9 Clase,  primer vicepresidente de la Asociaci\u00f3n Dominicana de Zonas Francas, dijo que  recib\u00eda con benepl\u00e1cito la medida, ya que el decreto incidir\u00e1 a corto y mediano  plazo en la preservaci\u00f3n y la recuperaci\u00f3n de los empleos que se han perdido en  las zonas francas.<br \/>&#13;<br \/>\n<br \/>&#13;<br \/>\n\u00abComo ustedes  saben, el sector ha sido afectado durante los \u00faltimos a\u00f1os por p\u00e9rdida de  competitividad y por la gran competencia internacional se han perdido 60 mil  empleos y tenemos que cumplir con este mecanismo que va ha preservar los  empleos que ahora mismo est\u00e1n en una situaci\u00f3n dif\u00edcil\u00bb, precis\u00f3 Jos\u00e9  Clase.<br \/>&#13;<br \/>\n<br \/>&#13;<br \/>\nIndic\u00f3 que este decreto  permitir\u00e1 que las zonas francas del pa\u00eds puedan atraer nuevas inversiones y  crecer.<\/span><\/p>\n<p>&#13;<\/p>\n<h6> 2007-10-09 21:52:34 <\/h6>\n<p><!--\n<link rel=\"stylesheet\" href=\"css\/bootstrap.min.css\">\n\n\n<ul class=\"pagination\">\n\t    \n\t\n\n<li >\n\t<a href='?page_no=28555'>Previous<\/a>\n\t<\/li>\n\n\n       \n    \n\n<li><a href='?page_no=1'>1<\/a><\/li>\n\n\n\n<li><a href='?page_no=2'>2<\/a><\/li>\n\n\n\n<li><a>...<\/a><\/li>\n\n\n\n<li><a href='?page_no=28554'>28554<\/a><\/li>\n\n\n\n<li><a href='?page_no=28555'>28555<\/a><\/li>\n\n\n\n<li class='active'><a>28556<\/a><\/li>\n\n\n\n<li><a href='?page_no=28557'>28557<\/a><\/li>\n\n\n\n<li><a href='?page_no=28558'>28558<\/a><\/li>\n\n\n\n<li><a>...<\/a><\/li>\n\n\n\n<li><a href='?page_no=30472'>30472<\/a><\/li>\n\n\n\n<li><a href='?page_no=30473'>30473<\/a><\/li>\n\n    \n\t\n\n<li >\n\t<a href='?page_no=28557'>Next<\/a>\n\t<\/li>\n\n\n    \n\n<li><a href='?page_no=30473'>Last &rsaquo;&rsaquo;<\/a><\/li>\n\n<\/ul>\n\n\n--><br \/>\n<\/body><\/p>\n","protected":false},"excerpt":{"rendered":"<p>Ejecutivos de ADOZONA reciben con benepl\u00e1cito el decreto 552-07&#13; &#13; SANTO DOMINGO.- Ejecutivos de la Asociaci\u00f3n Dominicana de Zonas Francas acogieron con benepl\u00e1cito el decreto 552-07, emitido el \u00a0lunes por el presidente Leonel Fern\u00e1ndez, con el que crea el Fondo de Preservaci\u00f3n y Creaci\u00f3n del Empleo.&#13; &#13; El director ejecutivo y el primer vicepresidente de [&hellip;]<\/p>\n","protected":false},"author":3,"featured_media":0,"comment_status":"open","ping_status":"open","sticky":false,"template":"","format":"standard","meta":{"footnotes":""},"categories":[18],"tags":[],"class_list":["post-122676","post","type-post","status-publish","format-standard","hentry","category-economia"],"_links":{"self":[{"href":"https:\/\/diariodominicano.com\/index.php?rest_route=\/wp\/v2\/posts\/122676","targetHints":{"allow":["GET"]}}],"collection":[{"href":"https:\/\/diariodominicano.com\/index.php?rest_route=\/wp\/v2\/posts"}],"about":[{"href":"https:\/\/diariodominicano.com\/index.php?rest_route=\/wp\/v2\/types\/post"}],"author":[{"embeddable":true,"href":"https:\/\/diariodominicano.com\/index.php?rest_route=\/wp\/v2\/users\/3"}],"replies":[{"embeddable":true,"href":"https:\/\/diariodominicano.com\/index.php?rest_route=%2Fwp%2Fv2%2Fcomments&post=122676"}],"version-history":[{"count":0,"href":"https:\/\/diariodominicano.com\/index.php?rest_route=\/wp\/v2\/posts\/122676\/revisions"}],"wp:attachment":[{"href":"https:\/\/diariodominicano.com\/index.php?rest_route=%2Fwp%2Fv2%2Fmedia&parent=122676"}],"wp:term":[{"taxonomy":"category","embeddable":true,"href":"https:\/\/diariodominicano.com\/index.php?rest_route=%2Fwp%2Fv2%2Fcategories&post=122676"},{"taxonomy":"post_tag","embeddable":true,"href":"https:\/\/diariodominicano.com\/index.php?rest_route=%2Fwp%2Fv2%2Ftags&post=122676"}],"curies":[{"name":"wp","href":"https:\/\/api.w.org\/{rel}","templated":true}]}}