{"id":122674,"date":"2007-10-10T15:56:31","date_gmt":"2007-10-10T15:56:31","guid":{"rendered":"http:\/\/diariodominicano.ddns.net\/?p=122674"},"modified":"2007-10-10T15:56:31","modified_gmt":"2007-10-10T15:56:31","slug":"empresarios-taiwaneses-vendran-al-pais","status":"publish","type":"post","link":"https:\/\/diariodominicano.com\/?p=122674","title":{"rendered":"Empresarios Taiwaneses vendr\u00e1n al pa\u00eds"},"content":{"rendered":"<p><body><\/p>\n<p class=\"titulogrande1\">Empresarios Taiwaneses vendr\u00e1n al pa\u00eds<\/p>\n<p>&#13;<\/p>\n<p align=\"justify\" class=\"text1noticias\"><strong><img loading=\"lazy\" decoding=\"async\" src=\"http:\/\/localhost:8080\/economia\/pictures\/alburquerque en taiwan.jpg\" width=\"269\" height=\"539\" hspace=\"4\" align=\"left\" \/>TAIPEI,\u00a0Taiw\u00e1n.-<\/strong> Decenas de empresarios  taiwaneses manifestaron este martes al vicepresidente dominicano, \u00a0Rafael Alburquerque, su intenci\u00f3n de visitar Rep\u00fablica  Dominicana pr\u00f3ximamente para explorar el clima de inversiones, atendiendo a una  invitaci\u00f3n que le extendi\u00f3 \u00a0en ese  sentido el vicemandatario.<br \/>&#13;<br \/>\n  <br \/>&#13;<br \/>\n  Al encabezar una  cena-conferencia junto a la vicepresidenta de Taiw\u00e1n, Anette Lu, y la directora  del Consejo Nacional de Zonas Francas, Luisa Fern\u00e1ndez, Alburquerque destac\u00f3  las ventajas comparativas y el clima de inversi\u00f3n de que goza el pa\u00eds luego de  la firma del Tratado de Libre Comercio con Centroam\u00e9rica y Estados Unidos  (DR_CAFTA), y record\u00f3 que \u00e9ste y otros convenios bilaterales suscritos por el  pa\u00eds nos colocan como un nicho de mercado excelente para las inversiones  extranjeras.\u00a0<br \/>&#13;<br \/>\n  <br \/>&#13;<br \/>\n  Alburquerque se  comprometi\u00f3 con los empresarios e inversionistas chinos a comunicar al  presidente Leonel Fern\u00e1ndez esa disposici\u00f3n de visitar la Rep\u00fablica Dominicana  para fines de exploraci\u00f3n de futuras inversiones.\u00a0<br \/>&#13;<br \/>\n  <br \/>&#13;<br \/>\n\u201cEl presidente Leonel  Fern\u00e1ndez, a quien me honro en representar, est\u00e1 trabajando al frente del  gobierno dominicano para convertir a Rep\u00fablica Dominicana en el gigante  econ\u00f3mico del Caribe, ya que ha posibilitado la creaci\u00f3n de grandes parques de  zonas francas para productos textiles, tecnol\u00f3gicos e industriales\u201d,  destac\u00f3.\u00a0<br \/>&#13;<br \/>\n<br \/>&#13;<br \/>\nAdelant\u00f3 que la comitiva  de empresarios que vendr\u00eda al pa\u00eds ser\u00eda recibida por el primer mandatario en  el Palacio Nacional.\u00a0\u00a0\u00a0\u00a0\u00a0\u00a0<br \/>&#13;<br \/>\n<br \/>&#13;<br \/>\nEl vicepresidente  dominicano, en compa\u00f1\u00eda de su hom\u00f3loga china, Anette Lu, resalt\u00f3 tambi\u00e9n la  cercan\u00eda que tiene el pa\u00eds con Estados Unidos, lo que asegur\u00f3 garantiza el  abaratamiento de los fletes hacia esa naci\u00f3n y permite la colocaci\u00f3n r\u00e1pida y  segura de los productos y materia prima china desde la Rep\u00fablica Dominicana  hac\u00eda all\u00ed y Centroam\u00e9rica.\u00a0<br \/>&#13;<br \/>\n<br \/>&#13;<br \/>\nDe su lado, la  vicepresidenta Lu asegur\u00f3 que tras su visita al pa\u00eds en junio pasado comprob\u00f3  que la Rep\u00fablica   Dominicana es \u201cla autopista de inversiones hacia el norte,  sur y Latinoam\u00e9rica en el continente americano\u201d.\u00a0<br \/>&#13;<br \/>\n<br \/>&#13;<br \/>\nIgualmente Luisa  Fern\u00e1ndez, al\u00a0presentar la ponencia \u201cOportunidades de Inversi\u00f3n en el  Sector Zonas Francas de la Rep\u00fablica Dominicana\u201d, dijo que gracias al fuerte  y seguro marco legal y la gran estabilidad econ\u00f3mica de que goza el pa\u00eds los  parques industriales se han ido fortaleciendo.\u00a0<br \/>&#13;<br \/>\n<br \/>&#13;<br \/>\nCit\u00f3 que actualmente el  pa\u00eds dispone de 56 parques de zonas francas en operaci\u00f3n, 555 empresas de  diferentes rubros industriales, la creaci\u00f3n de unos 148 mil 400 empleos  directos as\u00ed como exportaciones por unos 4 mil 506 millones de d\u00f3lares.\u00a0<br \/>&#13;<br \/>\n<br \/>&#13;<br \/>\nFern\u00e1ndez coment\u00f3 que la  inversi\u00f3n extranjera en Rep\u00fablica Dominicana ronda los dos mil millones de  d\u00f3lares en la actualidad, y que en lo que va de a\u00f1o se han instalado unas 43  nuevas empresas, lo que atribuy\u00f3 a la cercan\u00eda con Estados Unidos, \u201cel mayor  comprador del mundo\u201d, del cual explic\u00f3 nos separan unas tres horas de viaje en  avi\u00f3n y dos d\u00edas en barco, con un precio por flete promedio por kilogramo de  0.95 d\u00f3lares.\u00a0<br \/>&#13;<br \/>\n<br \/>&#13;<br \/>\nExplic\u00f3 tambi\u00e9n que el  pa\u00eds tiene un eficiente r\u00e9gimen laboral, basado en la Ley 8-90, con recursos humanos  altamente tecnificados y un salario m\u00ednimo que ronda los 135 d\u00f3lares\u00a0  mensuales, lo que unido a un moderno sistema de telecomunicaciones con alta  tecnolog\u00eda y fibra \u00f3ptica, con 5 grandes transnacionales telef\u00f3nicas, y una  mano de obra calificada siempre dispuesta al trabajo, \u201cnos colocan en una  posici\u00f3n altamente ventajosa para la inversi\u00f3n extranjera\u201d.<br \/>&#13;<br \/>\n<br \/>&#13;<br \/>\nFern\u00e1ndez cit\u00f3 otras  ventajas para las inversiones en el pa\u00eds, entre ellas la cobertura del 100% de  las exenciones fiscales renovables para la inversi\u00f3n extranjera en los  distintos grav\u00e1menes del sistema tributario dominicano, as\u00ed como el nuevo  sistema de residencias para inversionistas.\u00a0\u00a0<br \/>&#13;<br \/>\n<br \/>&#13;<br \/>\nSobre \u00e9sta \u00faltima, dijo  que confiere a cualquier inversionista extranjero los mismos derechos que a  cualquier extranjero y sus familiares residentes en el pa\u00eds con s\u00f3lo registrar  una inversi\u00f3n m\u00ednima de doscientos mil millones de d\u00f3lares.\u00a0<br \/>&#13;<br \/>\n<br \/>&#13;<br \/>\nEn otro orden, el  vicepresidente Rafael Alburquerque y su comitiva agotaron una apretada agenda  de actividades junto a la vicepresidenta de Taiw\u00e1n, visitando los parques  tecnol\u00f3gicos industriales Kuozui, el m\u00e1s grande de Taipei, especializado en  Plasma y fabricaci\u00f3n de electrodom\u00e9stico, junto al presidente del mismo, se\u00f1or  Yokohama, as\u00ed como el Parque Tecnol\u00f3gico Hua-Ya, donde ensamblan y fabrican  veh\u00edculos Toyota. Tambi\u00e9n visitaron\u00a0la Zona Franca  Aeroportuaria Farglory y el Parque Industrial Guang-in.\u00a0<br \/>&#13;<br \/>\n<br \/>&#13;<br \/>\nAsimismo acudieron al  Campo de Golf Campestre de Golf Sunrise, donde se reunieron con un grupo de  inversionistas chinos, a quienes edificaron sobre las ventajas de inversiones  en Rep\u00fablica Dominicana y sus facilidades como un gran centro de distribuci\u00f3n  de capitales extranjeros en el Caribe y hacia Estados Unidos.\u00a0<br \/>&#13;<br \/>\n<br \/>&#13;<br \/>\nEl vicepresidente  Alburquerque participar\u00e1 este mi\u00e9rcoles en los actos de festejos del 96  Aniversario de la   Independencia de Taiw\u00e1n, que incluye una audiencia especial  con el gabinete de gobierno chino, as\u00ed como reuni\u00f3n con el canciller James  Huang y los ministros de Trabajo, Comercio Exterior, Econom\u00eda y Cultura de  Taiw\u00e1n.\u00a0<\/p>\n<p>&#13;<\/p>\n<h6> 2007-10-10 15:56:31 <\/h6>\n<p><!--\n<link rel=\"stylesheet\" href=\"css\/bootstrap.min.css\">\n\n\n<ul class=\"pagination\">\n\t    \n\t\n\n<li >\n\t<a href='?page_no=28553'>Previous<\/a>\n\t<\/li>\n\n\n       \n    \n\n<li><a href='?page_no=1'>1<\/a><\/li>\n\n\n\n<li><a href='?page_no=2'>2<\/a><\/li>\n\n\n\n<li><a>...<\/a><\/li>\n\n\n\n<li><a href='?page_no=28552'>28552<\/a><\/li>\n\n\n\n<li><a href='?page_no=28553'>28553<\/a><\/li>\n\n\n\n<li class='active'><a>28554<\/a><\/li>\n\n\n\n<li><a href='?page_no=28555'>28555<\/a><\/li>\n\n\n\n<li><a href='?page_no=28556'>28556<\/a><\/li>\n\n\n\n<li><a>...<\/a><\/li>\n\n\n\n<li><a href='?page_no=30472'>30472<\/a><\/li>\n\n\n\n<li><a href='?page_no=30473'>30473<\/a><\/li>\n\n    \n\t\n\n<li >\n\t<a href='?page_no=28555'>Next<\/a>\n\t<\/li>\n\n\n    \n\n<li><a href='?page_no=30473'>Last &rsaquo;&rsaquo;<\/a><\/li>\n\n<\/ul>\n\n\n--><br \/>\n<\/body><\/p>\n","protected":false},"excerpt":{"rendered":"<p>Empresarios Taiwaneses vendr\u00e1n al pa\u00eds &#13; TAIPEI,\u00a0Taiw\u00e1n.- Decenas de empresarios taiwaneses manifestaron este martes al vicepresidente dominicano, \u00a0Rafael Alburquerque, su intenci\u00f3n de visitar Rep\u00fablica Dominicana pr\u00f3ximamente para explorar el clima de inversiones, atendiendo a una invitaci\u00f3n que le extendi\u00f3 \u00a0en ese sentido el vicemandatario.&#13; &#13; Al encabezar una cena-conferencia junto a la vicepresidenta de Taiw\u00e1n, [&hellip;]<\/p>\n","protected":false},"author":3,"featured_media":0,"comment_status":"open","ping_status":"open","sticky":false,"template":"","format":"standard","meta":{"footnotes":""},"categories":[18],"tags":[],"class_list":["post-122674","post","type-post","status-publish","format-standard","hentry","category-economia"],"_links":{"self":[{"href":"https:\/\/diariodominicano.com\/index.php?rest_route=\/wp\/v2\/posts\/122674","targetHints":{"allow":["GET"]}}],"collection":[{"href":"https:\/\/diariodominicano.com\/index.php?rest_route=\/wp\/v2\/posts"}],"about":[{"href":"https:\/\/diariodominicano.com\/index.php?rest_route=\/wp\/v2\/types\/post"}],"author":[{"embeddable":true,"href":"https:\/\/diariodominicano.com\/index.php?rest_route=\/wp\/v2\/users\/3"}],"replies":[{"embeddable":true,"href":"https:\/\/diariodominicano.com\/index.php?rest_route=%2Fwp%2Fv2%2Fcomments&post=122674"}],"version-history":[{"count":0,"href":"https:\/\/diariodominicano.com\/index.php?rest_route=\/wp\/v2\/posts\/122674\/revisions"}],"wp:attachment":[{"href":"https:\/\/diariodominicano.com\/index.php?rest_route=%2Fwp%2Fv2%2Fmedia&parent=122674"}],"wp:term":[{"taxonomy":"category","embeddable":true,"href":"https:\/\/diariodominicano.com\/index.php?rest_route=%2Fwp%2Fv2%2Fcategories&post=122674"},{"taxonomy":"post_tag","embeddable":true,"href":"https:\/\/diariodominicano.com\/index.php?rest_route=%2Fwp%2Fv2%2Ftags&post=122674"}],"curies":[{"name":"wp","href":"https:\/\/api.w.org\/{rel}","templated":true}]}}