{"id":122673,"date":"2007-10-11T02:51:40","date_gmt":"2007-10-11T02:51:40","guid":{"rendered":"http:\/\/diariodominicano.ddns.net\/?p=122673"},"modified":"2007-10-11T02:51:40","modified_gmt":"2007-10-11T02:51:40","slug":"jose-rafael-vargas-afirma-dos-millones-acceden-a-internet-indotel-instala-436-salas-digitales","status":"publish","type":"post","link":"https:\/\/diariodominicano.com\/?p=122673","title":{"rendered":"Jos\u00e9 Rafael Vargas afirma dos millones acceden a Internet; Indotel instala 436 salas digitales"},"content":{"rendered":"<p><body><\/p>\n<p align=\"justify\"><span class=\"titulogrande1\">Jos\u00e9  Rafael Vargas afirma dos millones acceden a Internet; Indotel instala 436 salas  digitales<\/span><br \/>&#13;<br \/>\n\u00a0<br \/>&#13;<br \/>\n<span class=\"text1noticias\"><strong><img loading=\"lazy\" decoding=\"async\" src=\"http:\/\/localhost:8080\/economia\/pictures\/jose rafael vargas2.jpg\" width=\"269\" height=\"255\" hspace=\"4\" align=\"left\" \/>SANTO DOMINGO.-<\/strong> El Instituto  Dominicano de las Telecomunicaciones (Indotel) complet\u00f3 la instalaci\u00f3n de 436  centros de capacitaci\u00f3n en inform\u00e1tica (CCI) y salas digitales en toda la  geograf\u00eda nacional, con una inversi\u00f3n  superior a mil millones de pesos.<\/span><\/p>\n<p>&#13;<\/p>\n<p align=\"justify\" class=\"text1noticias\">En tanto, el \u00f3rgano regulador de las  telecomunicaciones convoc\u00f3 a una licitaci\u00f3n internacional para emprender el  ambicioso proyecto de Conectividad Rural de Banda Ancha que llevar\u00e1 servicios  telef\u00f3nicos y de Internet a mil comunidades del pa\u00eds (500 en una primera  etapa), con un financiamiento del 80%, unos US$7 millones. <\/p>\n<p>&#13;<\/p>\n<p align=\"justify\" class=\"text1noticias\">La informaci\u00f3n la ofreci\u00f3 el secretario de  Estado y presidente del Indotel, \u00a0Jos\u00e9  Rafael Vargas, quien dijo que al menos \u201cdos millones de dominicanos tienen  acceso al Internet\u201d.<\/p>\n<p>&#13;<\/p>\n<p align=\"justify\" class=\"text1noticias\">Destac\u00f3 la importancia que tiene para el pa\u00eds  el proyecto Conectividad de Banda Ancha en la zona rural. \u201cEse es mi gran  sue\u00f1o, ese es mi gran proyecto, el buque insignia nuestro; nosotros en los  recorridos en las 32 provincias nos hemos dado cuenta que hay una enorme  desequilibrio comunicacional en la Rep\u00fablica Dominicana,  hay una franja dorada en la sociedad, que somos todos nosotros los que vivimos  en Santo Domingo, en las provincias, en Santiago, La Vega, Moca, Puerto Plata y en  La Romana\u201d,  enfatiz\u00f3.<\/p>\n<p>&#13;<\/p>\n<p align=\"justify\" class=\"text1noticias\">Dijo, sin embargo, que tambi\u00e9n \u201chay una franja  gris de la sociedad donde no llega la telefon\u00eda a los hogares, como El\u00edas Pi\u00f1a  con sus principales comunidades (Postrer R\u00edo, La Descubierta y El  Lim\u00f3n\u201d.<\/p>\n<p>&#13;<\/p>\n<p align=\"justify\" class=\"text1noticias\">Se\u00f1al\u00f3 que eso ocurre tambi\u00e9n en Hondo Valle,  B\u00e1nica, Pedro Santana, R\u00edo Limpio, Santiago Rodr\u00edguez, Dajab\u00f3n, Hato Mayor, El  Seibo, Miches y Ram\u00f3n Santana de San Pedro de Macor\u00eds. <\/p>\n<p>&#13;<\/p>\n<p align=\"justify\" class=\"text1noticias\">Sostuvo que 16 las provincias tienen serios  problemas de comunicaci\u00f3n, pero que el Indotel est\u00e1 decidido a resolver ese  problema en 15 meses.<\/p>\n<p>&#13;<\/p>\n<p align=\"justify\" class=\"text1noticias\">Manifest\u00f3 que el ente  regulador convoc\u00f3 una licitaci\u00f3n internacional para seleccionar la empresa que  ejecutar\u00e1 el proyecto de Conectividad Rural de Banda Ancha, pero que este  viernes se inaugurar\u00e1 el proyecto modelo en la comunidad de Los Botados, de  Yamas\u00e1.<\/p>\n<p>&#13;<\/p>\n<p align=\"justify\" class=\"text1noticias\">\u201cLas dos comunidades m\u00e1s incomunicadas que  ten\u00eda la   Rep\u00fablica Dominicana eran Los Botados y Restauraci\u00f3n de  Dajab\u00f3n\u201d, precis\u00f3 el doctor Vargas, al tiempo que dijo que ese problema ser\u00e1  superado.<\/p>\n<p>&#13;<\/p>\n<p align=\"justify\" class=\"text1noticias\">Sostuvo que si en  Restauraci\u00f3n ocurre una situaci\u00f3n similar a la ocurrida en Jiman\u00ed, la gente no  tiene idea de la desgracia que se registrar\u00eda por la incomunicaci\u00f3n.<\/p>\n<p>&#13;<\/p>\n<p align=\"justify\" class=\"text1noticias\">\u201cPero ya entonces hicimos el proyecto,  hicimos el modelo y el Indotel va a financiar el proyecto, hicimos el plan  econ\u00f3mico y el Indotel va a financiar, va a subsidiar con m\u00e1s de un 80% ese  proyecto con alrededor de US$7 millones de d\u00f3lares\u201d, subray\u00f3.<\/p>\n<p>&#13;<\/p>\n<p align=\"justify\" class=\"text1noticias\">Destac\u00f3 que \u201cla meta es que m\u00e1s de 500  comunidades, en una primera fase, y mil comunidades en una segunda fase, tengan  acceso a telefon\u00eda en las casas, internet de banda ancha, banda inal\u00e1mbrica  utilizando tecnolog\u00eda de tercera generaci\u00f3n\u201d.<\/p>\n<p>&#13;<\/p>\n<p align=\"justify\" class=\"text1noticias\">Por otra parte, signific\u00f3 que el Indotel no  solo promueve el aprendizaje del uso de la computadora, sino que busca que la  tecnolog\u00eda sea un acompa\u00f1ante del desarrollo educativo, o sea, que \u201ca trav\u00e9s de  la computadora y de la red los j\u00f3venes puedan acceder a libros\u201d.<\/p>\n<p>&#13;<\/p>\n<p align=\"justify\" class=\"text1noticias\">\u201cEn cada biblioteca virtual, en cada sala  digital nosotros les instalamos m\u00e1s de 500 mil libros, incluyendo enciclopedias  especiales como la Encarta\u201d,  expres\u00f3.<\/p>\n<p>&#13;<\/p>\n<p align=\"justify\" class=\"text1noticias\">Dijo que la mayor inversi\u00f3n en estos centros  se hace en la compra de licencia, con la suerte de que a Microsoft le gust\u00f3 el  programa de salas digitales del Indotel y regal\u00f3 al ente regulador dos millones  de d\u00f3lares en software, entre las cuales est\u00e1n las bibliotecas virtuales y la  enciclopedia Encarta.<\/p>\n<p>&#13;<\/p>\n<p align=\"justify\" class=\"text1noticias\">Manifest\u00f3 que este donativo  lleg\u00f3 despu\u00e9s de Indotel tener m\u00e1s dos a\u00f1os haciendo grandes inversiones en la  compra de estas licencias.<\/p>\n<p>&#13;<\/p>\n<p align=\"justify\" class=\"text1noticias\">Agreg\u00f3 que tambi\u00e9n la entidad  utiliza en sus proyectos el software libre, espec\u00edficamente la Wikipedia y un enlace  con las bibliotecas virtuales del Centro Franklin de la embajada de Estados  Unidos.<\/p>\n<p>&#13;<\/p>\n<p align=\"justify\" class=\"text1noticias\">Indic\u00f3 que el Indotel cre\u00f3 el portal Juan  Pablo Duarte, a trav\u00e9s del cual, accediendo a www.juanpabloduarte.com, se  obtienen todas las informaciones que se quieran sobre el Padre de la Patria.<\/p>\n<p>&#13;<\/p>\n<p align=\"justify\" class=\"text1noticias\">\u00a0\u201cYa hemos inaugurados 436 centros en todo el  pa\u00eds, a diciembre estaremos completando 653 y la inversi\u00f3n supera los mil  millones de pesos\u201d, enfatiz\u00f3 el funcionario.<\/p>\n<p>&#13;<\/p>\n<p align=\"justify\" class=\"text1noticias\">Consider\u00f3 que esa inversi\u00f3n queda para los  activos del Indotel, en raz\u00f3n de que lo que se ha hecho es remodelar los  antiguos locales de la   Direcci\u00f3n General de Telecomunicaciones que estaban  abandonados en las provincias, pero que han sido remozados y ahora quedan como  propiedades para el ente regulador.<\/p>\n<p>&#13;<\/p>\n<p align=\"justify\" class=\"text1noticias\">Se\u00f1al\u00f3 que la entidad que  dirige y la Secretar\u00eda  de Educaci\u00f3n pondr\u00e1n en marcha un programa de capacitaci\u00f3n en el Internet para  los profesores.<\/p>\n<p>&#13;<\/p>\n<p align=\"justify\" class=\"text1noticias\">Explic\u00f3 que se har\u00e1 solo para  los profesores porque \u00e9stos no les gusta tomar clases junto a los estudiantes.<\/p>\n<p>&#13;<\/p>\n<h6> 2007-10-11 02:51:40 <\/h6>\n<p><!--\n<link rel=\"stylesheet\" href=\"css\/bootstrap.min.css\">\n\n\n<ul class=\"pagination\">\n\t    \n\t\n\n<li >\n\t<a href='?page_no=28552'>Previous<\/a>\n\t<\/li>\n\n\n       \n    \n\n<li><a href='?page_no=1'>1<\/a><\/li>\n\n\n\n<li><a href='?page_no=2'>2<\/a><\/li>\n\n\n\n<li><a>...<\/a><\/li>\n\n\n\n<li><a href='?page_no=28551'>28551<\/a><\/li>\n\n\n\n<li><a href='?page_no=28552'>28552<\/a><\/li>\n\n\n\n<li class='active'><a>28553<\/a><\/li>\n\n\n\n<li><a href='?page_no=28554'>28554<\/a><\/li>\n\n\n\n<li><a href='?page_no=28555'>28555<\/a><\/li>\n\n\n\n<li><a>...<\/a><\/li>\n\n\n\n<li><a href='?page_no=30472'>30472<\/a><\/li>\n\n\n\n<li><a href='?page_no=30473'>30473<\/a><\/li>\n\n    \n\t\n\n<li >\n\t<a href='?page_no=28554'>Next<\/a>\n\t<\/li>\n\n\n    \n\n<li><a href='?page_no=30473'>Last &rsaquo;&rsaquo;<\/a><\/li>\n\n<\/ul>\n\n\n--><br \/>\n<\/body><\/p>\n","protected":false},"excerpt":{"rendered":"<p>Jos\u00e9 Rafael Vargas afirma dos millones acceden a Internet; Indotel instala 436 salas digitales&#13; \u00a0&#13; SANTO DOMINGO.- El Instituto Dominicano de las Telecomunicaciones (Indotel) complet\u00f3 la instalaci\u00f3n de 436 centros de capacitaci\u00f3n en inform\u00e1tica (CCI) y salas digitales en toda la geograf\u00eda nacional, con una inversi\u00f3n superior a mil millones de pesos. &#13; En tanto, [&hellip;]<\/p>\n","protected":false},"author":3,"featured_media":0,"comment_status":"open","ping_status":"open","sticky":false,"template":"","format":"standard","meta":{"footnotes":""},"categories":[18],"tags":[],"class_list":["post-122673","post","type-post","status-publish","format-standard","hentry","category-economia"],"_links":{"self":[{"href":"https:\/\/diariodominicano.com\/index.php?rest_route=\/wp\/v2\/posts\/122673","targetHints":{"allow":["GET"]}}],"collection":[{"href":"https:\/\/diariodominicano.com\/index.php?rest_route=\/wp\/v2\/posts"}],"about":[{"href":"https:\/\/diariodominicano.com\/index.php?rest_route=\/wp\/v2\/types\/post"}],"author":[{"embeddable":true,"href":"https:\/\/diariodominicano.com\/index.php?rest_route=\/wp\/v2\/users\/3"}],"replies":[{"embeddable":true,"href":"https:\/\/diariodominicano.com\/index.php?rest_route=%2Fwp%2Fv2%2Fcomments&post=122673"}],"version-history":[{"count":0,"href":"https:\/\/diariodominicano.com\/index.php?rest_route=\/wp\/v2\/posts\/122673\/revisions"}],"wp:attachment":[{"href":"https:\/\/diariodominicano.com\/index.php?rest_route=%2Fwp%2Fv2%2Fmedia&parent=122673"}],"wp:term":[{"taxonomy":"category","embeddable":true,"href":"https:\/\/diariodominicano.com\/index.php?rest_route=%2Fwp%2Fv2%2Fcategories&post=122673"},{"taxonomy":"post_tag","embeddable":true,"href":"https:\/\/diariodominicano.com\/index.php?rest_route=%2Fwp%2Fv2%2Ftags&post=122673"}],"curies":[{"name":"wp","href":"https:\/\/api.w.org\/{rel}","templated":true}]}}