{"id":122671,"date":"2007-10-11T14:18:06","date_gmt":"2007-10-11T14:18:06","guid":{"rendered":"http:\/\/diariodominicano.ddns.net\/?p=122671"},"modified":"2007-10-11T14:18:06","modified_gmt":"2007-10-11T14:18:06","slug":"ferreteros-piden-libre-importacion-de-cemento","status":"publish","type":"post","link":"https:\/\/diariodominicano.com\/?p=122671","title":{"rendered":"Ferreteros piden libre importaci\u00f3n de cemento"},"content":{"rendered":"<p><body><\/p>\n<p class=\"titulogrande1\">Ferreteros  piden libre importaci\u00f3n de cemento<\/p>\n<p>&#13;<\/p>\n<p align=\"justify\"><strong>Por. <\/strong><span class=\"textogrande\">Roberto Rodr\u00edguez .<\/span><br \/>&#13;<br \/>\n\u00a0<br \/>&#13;<br \/>\n<span class=\"text1noticias\"><strong>Santo Domingo.-<\/strong> La Asociaci\u00f3n de  Ferreteros solicit\u00f3 este mi\u00e9rcoles\u00a0 al  gobierno \u00a0\u00a0que permita la libre  importaci\u00f3n de cemento, como respuesta al aumento de 17\u00a0 pesos hecho a la funda por parte de los  fabricantes de ese\u00a0 art\u00edculo de la  construcci\u00f3n.<\/span><\/p>\n<p>&#13;<\/p>\n<p align=\"justify\" class=\"text1noticias\">El presidente de los ferreteros, Luis Mej\u00eda,  dijo que la medida de los productores de cemento no se justifica en los  actuales momentos , debido a la gran demanda del producto en el mercado de la  construcci\u00f3n .<br \/>&#13;<br \/>\n  \u00a0<br \/>&#13;<br \/>\n  Indic\u00f3 que ese aumento hecho  a la funda de cemento\u00a0 se reflejar\u00e1 en un  incremento de 20 pesos al consumidor\u00a0  cuando vaya a adquirir el producto en los centro de expendio y<br \/>&#13;<br \/>\n  \u00a0<br \/>&#13;<br \/>\n  Precis\u00f3 \u00a0\u00a0que esta decisi\u00f3n afectar\u00e1 negativamente a la  industria de la construcci\u00f3n.<\/p>\n<p>&#13;<\/p>\n<p align=\"justify\" class=\"text1noticias\">Hizo su denuncia en una rueda  de prensa que ofreci\u00f3 en compa\u00f1\u00eda de la directiva de la Asociaci\u00f3n de  Ferreteros, en la que acus\u00f3 a la \u00abmultinacional del cemento en el  pa\u00eds\u00bb de aumentar 17 pesos a la funda de cemento injustificadamente.<\/p>\n<p>&#13;<\/p>\n<p align=\"justify\" class=\"text1noticias\">\u00abLa multinacional del  cemento en el pa\u00eds aument\u00f3 17 pesos a la funda de cemento, lo que significa un  12% de incremento en ese importante insumo de la construcci\u00f3n\u00bb, dijo.<\/p>\n<p>&#13;<\/p>\n<p align=\"justify\" class=\"text1noticias\">Destac\u00f3 \u00a0\u00a0que el aumento en el precio del cemento no  tiene ning\u00fan tipo de justificaci\u00f3n\u00a0 y  afirm\u00f3 que fue adoptado sin previo aviso a la\u00a0  cadena de distribuci\u00f3n del producto, que son los ferreteros.<\/p>\n<p>&#13;<\/p>\n<p align=\"justify\" class=\"text1noticias\">Estim\u00f3 que el incremento del  precio del cemento es abusivo y desproporcionado e injusto y pidi\u00f3 la r\u00e1pida  intervenci\u00f3n del Gobierno y de la secretar\u00eda de Industria y Comercio para  evitar que se mantenga el aumento.<\/p>\n<p>&#13;<\/p>\n<p align=\"justify\" class=\"text1noticias\">Afirm\u00f3 que importar cemento  de Asia resulta m\u00e1s barato que adquirirlo en el pa\u00eds al\u00a0 precio fijado por los fabricantes, a pesar de  lo que hay que pagar por el transporte mar\u00edtimo<\/p>\n<p>&#13;<\/p>\n<h6> 2007-10-11 14:18:06 <\/h6>\n<p><!--\n<link rel=\"stylesheet\" href=\"css\/bootstrap.min.css\">\n\n\n<ul class=\"pagination\">\n\t    \n\t\n\n<li >\n\t<a href='?page_no=28550'>Previous<\/a>\n\t<\/li>\n\n\n       \n    \n\n<li><a href='?page_no=1'>1<\/a><\/li>\n\n\n\n<li><a href='?page_no=2'>2<\/a><\/li>\n\n\n\n<li><a>...<\/a><\/li>\n\n\n\n<li><a href='?page_no=28549'>28549<\/a><\/li>\n\n\n\n<li><a href='?page_no=28550'>28550<\/a><\/li>\n\n\n\n<li class='active'><a>28551<\/a><\/li>\n\n\n\n<li><a href='?page_no=28552'>28552<\/a><\/li>\n\n\n\n<li><a href='?page_no=28553'>28553<\/a><\/li>\n\n\n\n<li><a>...<\/a><\/li>\n\n\n\n<li><a href='?page_no=30472'>30472<\/a><\/li>\n\n\n\n<li><a href='?page_no=30473'>30473<\/a><\/li>\n\n    \n\t\n\n<li >\n\t<a href='?page_no=28552'>Next<\/a>\n\t<\/li>\n\n\n    \n\n<li><a href='?page_no=30473'>Last &rsaquo;&rsaquo;<\/a><\/li>\n\n<\/ul>\n\n\n--><br \/>\n<\/body><\/p>\n","protected":false},"excerpt":{"rendered":"<p>Ferreteros piden libre importaci\u00f3n de cemento &#13; Por. Roberto Rodr\u00edguez .&#13; \u00a0&#13; Santo Domingo.- La Asociaci\u00f3n de Ferreteros solicit\u00f3 este mi\u00e9rcoles\u00a0 al gobierno \u00a0\u00a0que permita la libre importaci\u00f3n de cemento, como respuesta al aumento de 17\u00a0 pesos hecho a la funda por parte de los fabricantes de ese\u00a0 art\u00edculo de la construcci\u00f3n. &#13; El presidente [&hellip;]<\/p>\n","protected":false},"author":3,"featured_media":0,"comment_status":"open","ping_status":"open","sticky":false,"template":"","format":"standard","meta":{"footnotes":""},"categories":[18],"tags":[],"class_list":["post-122671","post","type-post","status-publish","format-standard","hentry","category-economia"],"_links":{"self":[{"href":"https:\/\/diariodominicano.com\/index.php?rest_route=\/wp\/v2\/posts\/122671","targetHints":{"allow":["GET"]}}],"collection":[{"href":"https:\/\/diariodominicano.com\/index.php?rest_route=\/wp\/v2\/posts"}],"about":[{"href":"https:\/\/diariodominicano.com\/index.php?rest_route=\/wp\/v2\/types\/post"}],"author":[{"embeddable":true,"href":"https:\/\/diariodominicano.com\/index.php?rest_route=\/wp\/v2\/users\/3"}],"replies":[{"embeddable":true,"href":"https:\/\/diariodominicano.com\/index.php?rest_route=%2Fwp%2Fv2%2Fcomments&post=122671"}],"version-history":[{"count":0,"href":"https:\/\/diariodominicano.com\/index.php?rest_route=\/wp\/v2\/posts\/122671\/revisions"}],"wp:attachment":[{"href":"https:\/\/diariodominicano.com\/index.php?rest_route=%2Fwp%2Fv2%2Fmedia&parent=122671"}],"wp:term":[{"taxonomy":"category","embeddable":true,"href":"https:\/\/diariodominicano.com\/index.php?rest_route=%2Fwp%2Fv2%2Fcategories&post=122671"},{"taxonomy":"post_tag","embeddable":true,"href":"https:\/\/diariodominicano.com\/index.php?rest_route=%2Fwp%2Fv2%2Ftags&post=122671"}],"curies":[{"name":"wp","href":"https:\/\/api.w.org\/{rel}","templated":true}]}}