{"id":122668,"date":"2007-10-11T20:16:55","date_gmt":"2007-10-11T20:16:55","guid":{"rendered":"http:\/\/diariodominicano.ddns.net\/?p=122668"},"modified":"2007-10-11T20:16:55","modified_gmt":"2007-10-11T20:16:55","slug":"industriales-anuncian-xvi-version-feria-nacional-del-mueble","status":"publish","type":"post","link":"https:\/\/diariodominicano.com\/?p=122668","title":{"rendered":"Industriales anuncian XVI versi\u00f3n Feria Nacional del Mueble"},"content":{"rendered":"<p><body><\/p>\n<p align=\"justify\"><span class=\"titulogrande1\">  Industriales anuncian XVI versi\u00f3n Feria Nacional del Mueble<\/span><img loading=\"lazy\" decoding=\"async\" src=\"http:\/\/localhost:8080\/economia\/pictures\/yury chez 4.jpg\" width=\"269\" height=\"409\" hspace=\"4\" align=\"left\" \/><br \/>&#13;<br \/>\n  \u00a0<br \/>&#13;<br \/>\n  <span class=\"text1noticias\">La   Asociaci\u00f3n Nacional de Industriales de Muebles, Colchones y  Afines, ASONAIMCO, anunci\u00f3 este mi\u00e9rcoles la celebraci\u00f3n de la XVI Feria Nacional del  Mueble, en la cual se proyecta vender m\u00e1s de 60 millones de pesos y se aguarda una  asistencia superior a las 50 mil personas.<br \/>&#13;<br \/>\n  \u00a0<br \/>&#13;<br \/>\n  El anuncio del evento, que tendr\u00e1 efecto del 26 de octubre  al 5 de noviembre, se produjo en un c\u00f3ctel organizado por ASONAIMCO en el Restaurant  Taboo Bamboo, de la   Avenida Roberto Pastoriza, encabezado por el presidente de la  entidad, Yuri Chez y otros directivos.<br \/>&#13;<br \/>\n  \u00a0<br \/>&#13;<br \/>\n  Chez, manifest\u00f3 que esta exposici\u00f3n es considerada la m\u00e1s importante  del sector del mueble del pa\u00eds, en la que m\u00e1s de 100 fabricantes expondr\u00e1n en  un extensi\u00f3n de 9 mil metros cuadrados de la Ciudad Ganadera.<br \/>&#13;<br \/>\n  \u00a0<br \/>&#13;<br \/>\n  Inform\u00f3 que esta nueva versi\u00f3n de la XVI Feria Nacional del  Mueble dispone de una amplia agenda que comprende exposiciones, ventas y realizaci\u00f3n  de diferentes actividades y encuentros empresariales, y se ajusta a todos los  horarios, para que el visitante pueda asistir en el tiempo que le permitan sus posibilidades.<br \/>&#13;<br \/>\n\u00a0<br \/>&#13;<br \/>\nLas exhibiciones y ventas al p\u00fablico en general se inician  el viernes 26 de octubre y concluyen el pr\u00f3ximo lunes 5 de noviembre, en el  horario corrido desde las 10 de la ma\u00f1ana hasta las 11 de la noche, en todo el recinto  ferial, ubicado en la   Ciudad Ganadera, en la avenida George Washington.<br \/>&#13;<br \/>\n  \u00a0<br \/>&#13;<br \/>\n  La   Feria Nacional del Mueble constituye la principal vitrina de  la industria nacional del mueble, donde participan fabricantes y productores  criollos del mueble, provenientes de todo el pa\u00eds.<br \/>&#13;<br \/>\n  \u00a0<br \/>&#13;<br \/>\n  En este evento se espera encontrar nuevos clientes para los  productos o servicios, y desarrollar fuentes de proveedores y asociaci\u00f3n con  otros expositores.<br \/>&#13;<br \/>\n  \u00a0<br \/>&#13;<br \/>\n  Adem\u00e1s, crear un espacio de negocios a trav\u00e9s de la  interrelaci\u00f3n con los protagonistas del sector mueblero del pa\u00eds, constituyendo  con esto una oportunidad de crecimiento para los participantes.<br \/>&#13;<br \/>\n  \u00a0<br \/>&#13;<br \/>\n  Prestigiosas empresas y organizaciones patrocinan esta  versi\u00f3n de la feria, entre las que se encuentran la Asociaci\u00f3n Nacional  de Ahorros y Pr\u00e9stamos, Pinturas Tropical, PROMIPYME, Wallid\u00a0 Att\u00edas Comercial, Postop\u00e9dico de la   Reina, entre otras.<br \/>&#13;<br \/>\n  \u00a0<br \/>&#13;<br \/>\n  Entre los productos que se exhibir\u00e1n se encuentran una  amplia gama de art\u00edculos, confeccionados en madera, metal, mimbre, ratt\u00e1n y  fibras naturales, as\u00ed colchones, muebles para el hogar, la oficina, para exterior,  hoteles, restaurantes y la oficina.<br \/>&#13;<br \/>\n  <br \/>&#13;<br \/>\n  La   Asociaci\u00f3n la Nacional de Ahorro y Pr\u00e9stamos tendr\u00e1 en la  sede de la feria una oficina equipada con los equipos y el personal adecuado  para atender solicitudes de pr\u00e9stamos personales y ofrecer servicios financieros  a los asistentes de este gran evento.<br \/>&#13;<br \/>\n  \u00a0<br \/>&#13;<br \/>\n  En esta exposici\u00f3n habr\u00e1 descuentos especiales para las  personas que deseen adquirir los art\u00edculos de su preferencia, porque las ventas  ser\u00e1n realizadas directamente desde el mismo fabricante al consumidor final, sin  la intervenci\u00f3n de intermediarios.<br \/>&#13;<br \/>\n  \u00a0<br \/>&#13;<br \/>\n  Se estima que los art\u00edculos se ofertar\u00e1n con excelentes  descuentos para los visitantes de esta XVI Feria Nacional del Mueble.<br \/>&#13;<br \/>\n  \u00a0<br \/>&#13;<br \/>\nCon este evento se espera encontrar nuevos clientes para los  productos o servicios, y desarrollar fuentes de proveedores y una interrelaci\u00f3n  entre expositores y consumidores.<\/span><\/p>\n<p>&#13;<\/p>\n<h6> 2007-10-11 20:16:55 <\/h6>\n<p><!--\n<link rel=\"stylesheet\" href=\"css\/bootstrap.min.css\">\n\n\n<ul class=\"pagination\">\n\t    \n\t\n\n<li >\n\t<a href='?page_no=28547'>Previous<\/a>\n\t<\/li>\n\n\n       \n    \n\n<li><a href='?page_no=1'>1<\/a><\/li>\n\n\n\n<li><a href='?page_no=2'>2<\/a><\/li>\n\n\n\n<li><a>...<\/a><\/li>\n\n\n\n<li><a href='?page_no=28546'>28546<\/a><\/li>\n\n\n\n<li><a href='?page_no=28547'>28547<\/a><\/li>\n\n\n\n<li class='active'><a>28548<\/a><\/li>\n\n\n\n<li><a href='?page_no=28549'>28549<\/a><\/li>\n\n\n\n<li><a href='?page_no=28550'>28550<\/a><\/li>\n\n\n\n<li><a>...<\/a><\/li>\n\n\n\n<li><a href='?page_no=30472'>30472<\/a><\/li>\n\n\n\n<li><a href='?page_no=30473'>30473<\/a><\/li>\n\n    \n\t\n\n<li >\n\t<a href='?page_no=28549'>Next<\/a>\n\t<\/li>\n\n\n    \n\n<li><a href='?page_no=30473'>Last &rsaquo;&rsaquo;<\/a><\/li>\n\n<\/ul>\n\n\n--><br \/>\n<\/body><\/p>\n","protected":false},"excerpt":{"rendered":"<p>Industriales anuncian XVI versi\u00f3n Feria Nacional del Mueble&#13; \u00a0&#13; La Asociaci\u00f3n Nacional de Industriales de Muebles, Colchones y Afines, ASONAIMCO, anunci\u00f3 este mi\u00e9rcoles la celebraci\u00f3n de la XVI Feria Nacional del Mueble, en la cual se proyecta vender m\u00e1s de 60 millones de pesos y se aguarda una asistencia superior a las 50 mil personas.&#13; [&hellip;]<\/p>\n","protected":false},"author":3,"featured_media":0,"comment_status":"open","ping_status":"open","sticky":false,"template":"","format":"standard","meta":{"footnotes":""},"categories":[18],"tags":[],"class_list":["post-122668","post","type-post","status-publish","format-standard","hentry","category-economia"],"_links":{"self":[{"href":"https:\/\/diariodominicano.com\/index.php?rest_route=\/wp\/v2\/posts\/122668","targetHints":{"allow":["GET"]}}],"collection":[{"href":"https:\/\/diariodominicano.com\/index.php?rest_route=\/wp\/v2\/posts"}],"about":[{"href":"https:\/\/diariodominicano.com\/index.php?rest_route=\/wp\/v2\/types\/post"}],"author":[{"embeddable":true,"href":"https:\/\/diariodominicano.com\/index.php?rest_route=\/wp\/v2\/users\/3"}],"replies":[{"embeddable":true,"href":"https:\/\/diariodominicano.com\/index.php?rest_route=%2Fwp%2Fv2%2Fcomments&post=122668"}],"version-history":[{"count":0,"href":"https:\/\/diariodominicano.com\/index.php?rest_route=\/wp\/v2\/posts\/122668\/revisions"}],"wp:attachment":[{"href":"https:\/\/diariodominicano.com\/index.php?rest_route=%2Fwp%2Fv2%2Fmedia&parent=122668"}],"wp:term":[{"taxonomy":"category","embeddable":true,"href":"https:\/\/diariodominicano.com\/index.php?rest_route=%2Fwp%2Fv2%2Fcategories&post=122668"},{"taxonomy":"post_tag","embeddable":true,"href":"https:\/\/diariodominicano.com\/index.php?rest_route=%2Fwp%2Fv2%2Ftags&post=122668"}],"curies":[{"name":"wp","href":"https:\/\/api.w.org\/{rel}","templated":true}]}}