{"id":122667,"date":"2007-10-12T12:16:20","date_gmt":"2007-10-12T12:16:20","guid":{"rendered":"http:\/\/diariodominicano.ddns.net\/?p=122667"},"modified":"2007-10-12T12:16:20","modified_gmt":"2007-10-12T12:16:20","slug":"presentan-el-jet-ejecutivo-gulfstream-g150-capaz-de-volar-directo-de-republica-dominicana-a-africa","status":"publish","type":"post","link":"https:\/\/diariodominicano.com\/?p=122667","title":{"rendered":"Presentan el  jet ejecutivo Gulfstream G150, capaz de volar directo de Rep\u00fablica Dominicana a \u00c1frica"},"content":{"rendered":"<p><body><\/p>\n<p align=\"justify\" class=\"titulogrande1\">Presentan el \u00a0jet ejecutivo Gulfstream\u00a0 G150, capaz de volar directo de Rep\u00fablica  Dominicana a \u00c1frica<\/p>\n<p>&#13;<\/p>\n<p align=\"justify\" class=\"text1noticias\"><strong><img loading=\"lazy\" decoding=\"async\" src=\"http:\/\/localhost:8080\/economia\/pictures\/jet.jpg\" width=\"269\" height=\"407\" hspace=\"4\" align=\"left\" \/>SANTO DOMINGO NORTE, El  HIGUERO-<\/strong> La   Rep\u00fablica Dominicana est\u00e1 atrayendo la atenci\u00f3n mundial en  materia de aviaci\u00f3n comercial y privada, debido al mejoramiento de las radios  ayuda,\u00a0 radares,\u00a0 aumento de su tr\u00e1fico a\u00e9reo y al \u00e9xito del  turismo con sus ocho aeropuertos\u00a0 de  entrada, donde tocan 150 aerol\u00edneas internacionales. <\/p>\n<p>&#13;<\/p>\n<p align=\"justify\" class=\"text1noticias\"> As\u00ed\u00a0 inform\u00f3, el Director Ejecutivo del  Departamento Aeroportuario, Andr\u00e9s\u00a0 Van  Der Horst, a la Capit\u00e1n, Wendi Sparts y  Juan Pablo N\u00fa\u00f1ez, representantes de Venta para Am\u00e9rica Latina,\u00a0 de un nuevo jet ejecutivo Gulfstream\u00a0 G150, que incluy\u00f3 la Republica Dominicana,\u00a0 en su ruta de demostraci\u00f3n por Am\u00e9rica  Latina.<\/p>\n<p>&#13;<\/p>\n<p align=\"justify\" class=\"text1noticias\"> Enrique Ponce,\u00a0 representante de la compa\u00f1\u00eda\u00a0 Pacifipoint Aviation, para Rep\u00fablica  Dominicana, quien tambi\u00e9n llego en el avi\u00f3n, dio las gracias al Director  Aeroportuario por el recibimiento,\u00a0\u00a0 y lo  felicit\u00f3 por el avance que ha alcanzado el pa\u00eds,\u00a0 en materia de\u00a0mejoramiento de aeropuertos y\u00a0  control de espacio a\u00e9reo. <\/p>\n<p>&#13;<\/p>\n<p align=\"justify\" class=\"text1noticias\">Dijo\u00a0 que en la\u00a0  regi\u00f3n del\u00a0 Caribe, la\u00a0 aviaci\u00f3n privada\u00a0 esta aumentando a niveles nunca antes visto, debido al incremento del  turismo de los Estados Unidos\u00a0\u00a0 y Canad\u00e1  hacia la misma en aviones\u00a0 peque\u00f1os y  medianos. <\/p>\n<p>&#13;<\/p>\n<p align=\"justify\" class=\"text1noticias\">Destac\u00f3 que los pa\u00edses o  destinos tur\u00edsticos que ofrezcan mejores\u00a0  facilidades e incentivos como lo esta haciendo las Bahamas,\u00a0 recibir\u00e1n\u00a0  un turismo de alto consumo como son los propietarios\u00a0\u00a0 pilotos que vuelan sus propios aviones. <br \/>&#13;<br \/>\n  \u00a0<br \/>&#13;<br \/>\n  Caracter\u00edsticas de la  aeronave<br \/>&#13;<br \/>\n  \u00a0<br \/>&#13;<br \/>\n  El avi\u00f3n de dos  turbinas,\u00a0 toma un tiempo de\u00a0 una hora y treinta minuto en volar, desde\u00a0Santo Domingo a Miami, a una velocidad de unos 470 nudos y\u00a0 una altura de 45.000 pies, con seis  pasajeros y dos tripulantes y cuesta en los alrededores de 14 millones de  d\u00f3lares. <\/p>\n<p>&#13;<\/p>\n<p align=\"justify\" class=\"text1noticias\">El\u00a0 jet ejecutivo de tama\u00f1o mediano, dotado de la  mas alta tecnolog\u00eda aeroespacial, con pantallas de cristal,\u00a0 televisi\u00f3n en cada uno de sus asientos, bar y  ba\u00f1o,\u00a0 esta considerado como uno de los  mas\u00a0 eficientes en la industria  aeron\u00e1utica,\u00a0 capaz de volar de Santo  Domingo a \u00c1frica directo.<\/p>\n<p>&#13;<\/p>\n<p align=\"justify\" class=\"text1noticias\">Inform\u00f3 a los visitantes que  el pa\u00eds, cuenta con tres nuevos Aeropuertos dom\u00e9sticos asfaltados, en \u00e1reas  tur\u00edsticas como Constanza, con 7.500\u00a0  pies de largo de pista, Cabo Rojo, con 4.000 y pr\u00f3ximamente\u00a0 se inaugurar\u00e1 el Aeropuerto de Montecristi el  pr\u00f3ximo 13 de Noviembre, lo que abrir\u00e1\u00a0  una puerta de entrada mas para el desarrollo tur\u00edstico y la econom\u00eda de  la regi\u00f3n fronteriza.<\/p>\n<p>&#13;<\/p>\n<h6> 2007-10-12 12:16:20 <\/h6>\n<p><!--\n<link rel=\"stylesheet\" href=\"css\/bootstrap.min.css\">\n\n\n<ul class=\"pagination\">\n\t    \n\t\n\n<li >\n\t<a href='?page_no=28546'>Previous<\/a>\n\t<\/li>\n\n\n       \n    \n\n<li><a href='?page_no=1'>1<\/a><\/li>\n\n\n\n<li><a href='?page_no=2'>2<\/a><\/li>\n\n\n\n<li><a>...<\/a><\/li>\n\n\n\n<li><a href='?page_no=28545'>28545<\/a><\/li>\n\n\n\n<li><a href='?page_no=28546'>28546<\/a><\/li>\n\n\n\n<li class='active'><a>28547<\/a><\/li>\n\n\n\n<li><a href='?page_no=28548'>28548<\/a><\/li>\n\n\n\n<li><a href='?page_no=28549'>28549<\/a><\/li>\n\n\n\n<li><a>...<\/a><\/li>\n\n\n\n<li><a href='?page_no=30472'>30472<\/a><\/li>\n\n\n\n<li><a href='?page_no=30473'>30473<\/a><\/li>\n\n    \n\t\n\n<li >\n\t<a href='?page_no=28548'>Next<\/a>\n\t<\/li>\n\n\n    \n\n<li><a href='?page_no=30473'>Last &rsaquo;&rsaquo;<\/a><\/li>\n\n<\/ul>\n\n\n--><br \/>\n<\/body><\/p>\n","protected":false},"excerpt":{"rendered":"<p>Presentan el \u00a0jet ejecutivo Gulfstream\u00a0 G150, capaz de volar directo de Rep\u00fablica Dominicana a \u00c1frica &#13; SANTO DOMINGO NORTE, El HIGUERO- La Rep\u00fablica Dominicana est\u00e1 atrayendo la atenci\u00f3n mundial en materia de aviaci\u00f3n comercial y privada, debido al mejoramiento de las radios ayuda,\u00a0 radares,\u00a0 aumento de su tr\u00e1fico a\u00e9reo y al \u00e9xito del turismo con [&hellip;]<\/p>\n","protected":false},"author":3,"featured_media":0,"comment_status":"open","ping_status":"open","sticky":false,"template":"","format":"standard","meta":{"footnotes":""},"categories":[18],"tags":[],"class_list":["post-122667","post","type-post","status-publish","format-standard","hentry","category-economia"],"_links":{"self":[{"href":"https:\/\/diariodominicano.com\/index.php?rest_route=\/wp\/v2\/posts\/122667","targetHints":{"allow":["GET"]}}],"collection":[{"href":"https:\/\/diariodominicano.com\/index.php?rest_route=\/wp\/v2\/posts"}],"about":[{"href":"https:\/\/diariodominicano.com\/index.php?rest_route=\/wp\/v2\/types\/post"}],"author":[{"embeddable":true,"href":"https:\/\/diariodominicano.com\/index.php?rest_route=\/wp\/v2\/users\/3"}],"replies":[{"embeddable":true,"href":"https:\/\/diariodominicano.com\/index.php?rest_route=%2Fwp%2Fv2%2Fcomments&post=122667"}],"version-history":[{"count":0,"href":"https:\/\/diariodominicano.com\/index.php?rest_route=\/wp\/v2\/posts\/122667\/revisions"}],"wp:attachment":[{"href":"https:\/\/diariodominicano.com\/index.php?rest_route=%2Fwp%2Fv2%2Fmedia&parent=122667"}],"wp:term":[{"taxonomy":"category","embeddable":true,"href":"https:\/\/diariodominicano.com\/index.php?rest_route=%2Fwp%2Fv2%2Fcategories&post=122667"},{"taxonomy":"post_tag","embeddable":true,"href":"https:\/\/diariodominicano.com\/index.php?rest_route=%2Fwp%2Fv2%2Ftags&post=122667"}],"curies":[{"name":"wp","href":"https:\/\/api.w.org\/{rel}","templated":true}]}}