{"id":122665,"date":"2007-10-12T19:11:38","date_gmt":"2007-10-12T19:11:38","guid":{"rendered":"http:\/\/diariodominicano.ddns.net\/?p=122665"},"modified":"2007-10-12T19:11:38","modified_gmt":"2007-10-12T19:11:38","slug":"gobierno-adoptaria-medidas-por-alzas-del-petroleo","status":"publish","type":"post","link":"https:\/\/diariodominicano.com\/?p=122665","title":{"rendered":"Gobierno adoptar\u00eda medidas por alzas del petr\u00f3leo"},"content":{"rendered":"<p><body><\/p>\n<p class=\"titulogrande1\">Gobierno adoptar\u00eda medidas por alzas del  petr\u00f3leo<\/p>\n<p>&#13;<\/p>\n<p align=\"justify\" class=\"text1noticias\"><strong><img loading=\"lazy\" decoding=\"async\" src=\"http:\/\/localhost:8080\/economia\/pictures\/luis manuel bonetti foto.jpg\" width=\"269\" height=\"399\" hspace=\"4\" align=\"left\" \/>SANTO DOMINGO.-<\/strong> El gobierno tomar\u00e1 todas  las medidas\u00a0 necesarias para garantizar la estabilidad macroecon\u00f3mica,  ante los efectos que puedan tener en el pa\u00eds los altos precios del petr\u00f3leo.<br \/>&#13;<br \/>\n  <br \/>&#13;<br \/>\n  El secretario Administrativo de la Presidencia, Luis  Manuel Bonetti, entrevistado al t\u00e9rmino de una reuni\u00f3n del presidente  Leonel Fern\u00e1ndez con parte del equipo econ\u00f3mico del gobierno, inform\u00f3 que  los funcionarios de esa \u00e1rea est\u00e1n trabajando en identificar las medidas que se  requieren para mantener la estabilidad econ\u00f3mica.<br \/>&#13;<br \/>\n  <br \/>&#13;<br \/>\n  Bonetti afirm\u00f3 que en la reuni\u00f3n fueron  tratados diversos temas sobre las distintas dependencias del gobierno, al  tiempo que inform\u00f3 que la propuesta de Melanio Paredes, secretario de Industria  y Comercio, sobre el plan de ahorro de combustible y de energ\u00eda, ser\u00e1 analizada  por una comisi\u00f3n creada para el tema de los hidrocarburos.<br \/>&#13;<br \/>\n  <br \/>&#13;<br \/>\n  <br \/>&#13;<br \/>\n  \u201cLo que se hizo fue un an\u00e1lisis de la  situaci\u00f3n de los precios del petr\u00f3leo tanto local como internacional, sobre las  perspectivas de lo que est\u00e1 pasando y entonces el equipo del gobierno va a  trabajar en la direcci\u00f3n de lo que se necesita para mantener la estabilidad  macroecon\u00f3mica\u201d, manifest\u00f3 Bonetti.<br \/>&#13;<br \/>\n  <br \/>&#13;<br \/>\n  En la reuni\u00f3n con el presidente Fern\u00e1ndez  participaron adem\u00e1s de Benetti, los secretarios de Hacienda, Vicente  Bengoa,\u00a0 de Industria y\u00a0 Comercio, Melanio Paredes\u00a0 y el  gobernador del Banco Central, H\u00e9ctor Valdez Albizu.<br \/>&#13;<br \/>\n  <br \/>&#13;<br \/>\n  <strong>POLITICA DE AHORRO<\/strong> <br \/>&#13;<br \/>\n  <br \/>&#13;<br \/>\n  Entretanto, el secretario de  Industria y Comercio, anunci\u00f3 que en estos momentos ese organismo trabaja en un  plan para la implementaci\u00f3n de una pol\u00edtica de ahorro de combustible y\u00a0 se  espera que la pr\u00f3xima semana el directorio de la Comisi\u00f3n Nacional  de Energ\u00eda y\u00a0 las instituciones que tienen que ver con el tema, podr\u00edan  anunciar las medidas al pa\u00eds.<br \/>&#13;<br \/>\n  <br \/>&#13;<br \/>\n  \u201cSe ha tomado su tiempo  porque es un tema muy delicado y complejo y hemos querido que esas medidas sean  efectivas que respondan a las expectativas de la poblaci\u00f3n\u201d, dijo Paredes.<br \/>&#13;<br \/>\n  <br \/>&#13;<br \/>\n  Hoy<\/p>\n<p>&#13;<\/p>\n<h6> 2007-10-12 19:11:38 <\/h6>\n<p><!--\n<link rel=\"stylesheet\" href=\"css\/bootstrap.min.css\">\n\n\n<ul class=\"pagination\">\n\t    \n\t\n\n<li >\n\t<a href='?page_no=28544'>Previous<\/a>\n\t<\/li>\n\n\n       \n    \n\n<li><a href='?page_no=1'>1<\/a><\/li>\n\n\n\n<li><a href='?page_no=2'>2<\/a><\/li>\n\n\n\n<li><a>...<\/a><\/li>\n\n\n\n<li><a href='?page_no=28543'>28543<\/a><\/li>\n\n\n\n<li><a href='?page_no=28544'>28544<\/a><\/li>\n\n\n\n<li class='active'><a>28545<\/a><\/li>\n\n\n\n<li><a href='?page_no=28546'>28546<\/a><\/li>\n\n\n\n<li><a href='?page_no=28547'>28547<\/a><\/li>\n\n\n\n<li><a>...<\/a><\/li>\n\n\n\n<li><a href='?page_no=30472'>30472<\/a><\/li>\n\n\n\n<li><a href='?page_no=30473'>30473<\/a><\/li>\n\n    \n\t\n\n<li >\n\t<a href='?page_no=28546'>Next<\/a>\n\t<\/li>\n\n\n    \n\n<li><a href='?page_no=30473'>Last &rsaquo;&rsaquo;<\/a><\/li>\n\n<\/ul>\n\n\n--><br \/>\n<\/body><\/p>\n","protected":false},"excerpt":{"rendered":"<p>Gobierno adoptar\u00eda medidas por alzas del petr\u00f3leo &#13; SANTO DOMINGO.- El gobierno tomar\u00e1 todas las medidas\u00a0 necesarias para garantizar la estabilidad macroecon\u00f3mica, ante los efectos que puedan tener en el pa\u00eds los altos precios del petr\u00f3leo.&#13; &#13; El secretario Administrativo de la Presidencia, Luis Manuel Bonetti, entrevistado al t\u00e9rmino de una reuni\u00f3n del presidente Leonel [&hellip;]<\/p>\n","protected":false},"author":3,"featured_media":0,"comment_status":"open","ping_status":"open","sticky":false,"template":"","format":"standard","meta":{"footnotes":""},"categories":[18],"tags":[],"class_list":["post-122665","post","type-post","status-publish","format-standard","hentry","category-economia"],"_links":{"self":[{"href":"https:\/\/diariodominicano.com\/index.php?rest_route=\/wp\/v2\/posts\/122665","targetHints":{"allow":["GET"]}}],"collection":[{"href":"https:\/\/diariodominicano.com\/index.php?rest_route=\/wp\/v2\/posts"}],"about":[{"href":"https:\/\/diariodominicano.com\/index.php?rest_route=\/wp\/v2\/types\/post"}],"author":[{"embeddable":true,"href":"https:\/\/diariodominicano.com\/index.php?rest_route=\/wp\/v2\/users\/3"}],"replies":[{"embeddable":true,"href":"https:\/\/diariodominicano.com\/index.php?rest_route=%2Fwp%2Fv2%2Fcomments&post=122665"}],"version-history":[{"count":0,"href":"https:\/\/diariodominicano.com\/index.php?rest_route=\/wp\/v2\/posts\/122665\/revisions"}],"wp:attachment":[{"href":"https:\/\/diariodominicano.com\/index.php?rest_route=%2Fwp%2Fv2%2Fmedia&parent=122665"}],"wp:term":[{"taxonomy":"category","embeddable":true,"href":"https:\/\/diariodominicano.com\/index.php?rest_route=%2Fwp%2Fv2%2Fcategories&post=122665"},{"taxonomy":"post_tag","embeddable":true,"href":"https:\/\/diariodominicano.com\/index.php?rest_route=%2Fwp%2Fv2%2Ftags&post=122665"}],"curies":[{"name":"wp","href":"https:\/\/api.w.org\/{rel}","templated":true}]}}