{"id":122663,"date":"2007-10-12T20:04:49","date_gmt":"2007-10-12T20:04:49","guid":{"rendered":"http:\/\/diariodominicano.ddns.net\/?p=122663"},"modified":"2007-10-12T20:04:49","modified_gmt":"2007-10-12T20:04:49","slug":"consejo-de-competitividad-y-funglode-impulsaran-reflexion-para-que-el-estado-sea-mas-eficaz-y-competitivo","status":"publish","type":"post","link":"https:\/\/diariodominicano.com\/?p=122663","title":{"rendered":"Consejo de Competitividad y FUNGLODE impulsar\u00e1n reflexi\u00f3n para que el Estado sea m\u00e1s eficaz y competitivo"},"content":{"rendered":"<p><body><\/p>\n<p align=\"justify\" class=\"titulogrande1\">Consejo de Competitividad y FUNGLODE impulsar\u00e1n  reflexi\u00f3n para que el Estado sea m\u00e1s eficaz y competitivo<\/p>\n<p>&#13;<\/p>\n<p align=\"justify\" class=\"text1noticias\">Con  el objetivo de ir creando un proceso de reflexi\u00f3n que permita que el Estado  dominicano sea m\u00e1s eficaz y competitivo, el Consejo Nacional de Competitividad  y la Fundaci\u00f3n Global   Democracia y Desarrollo realizar\u00e1n un seminario en el que se  discutir\u00e1 sobre las experiencias exitosas en mejora regulatoria en M\u00e9xico,  considerado como el pa\u00eds latinoamericano que m\u00e1s ha avanzado en t\u00e9rminos de  calidad de regulaciones.<\/p>\n<p>&#13;<\/p>\n<p align=\"justify\" class=\"text1noticias\">Para  describir sus \u00e9xitos y tropiezos estar\u00e1n en el pa\u00eds, Carlos Garc\u00eda Fern\u00e1ndez, titular  de la Comisi\u00f3n   Federal de Mejora Regulatoria de M\u00e9xico y David Quezada,  coordinador general de Manifestaciones de Impacto. El seminario se llevar\u00e1 a  cabo en la Fundaci\u00f3n   Global, Democracia y Desarrollo el jueves 18 de octubre a las  cuatro de la tarde.<\/p>\n<p>&#13;<\/p>\n<p align=\"justify\" class=\"text1noticias\">Un  bolet\u00edn de prensa del Consejo Nacional de Competitividad expresa que \u201cante la  necesidad inminente de que el Estado dominicano sea m\u00e1s competitivo, se hace  indispensable desarrollar mecanismos para aumentar la calidad de las  disposiciones legales que regulan los servicios que ofrece a las empresas y la  actividad empresarial en general\u201d.<br \/>&#13;<br \/>\n  <br \/>&#13;<br \/>\n  En ese marco se presentar\u00e1 el Programa de Mejora  Regulatoria de Rep\u00fablica Dominicana que est\u00e1 a cargo de\u00a0 Esther Aristy Consultora de la Unidad creada en el Consejo Nacional de  Competitividad, a trav\u00e9s del decreto 192-07. Esta instancia deber\u00e1 \u201cdar prioridad a la  revisi\u00f3n y reformulaci\u00f3n de la normativa que obstaculice la apertura de nuevos  negocios, a los fines de estimular a que surjan m\u00e1s y mejores empresas\u201d.<\/p>\n<p>&#13;<\/p>\n<p align=\"justify\" class=\"text1noticias\">El Programa de Mejora Regulatoria tiene como objetivo \u201cproceder a un  cuidadoso an\u00e1lisis de las normas que regulan la actividad del propio gobierno,  a los fines de hacerlas compatibles con los requerimientos de un gobierno \u00e1gil,  transparente y competitivo\u201d. Adem\u00e1s identificar\u00e1 acciones que se deben tomar  para mejorar la competitividad de las empresas y disminuir las barreras y  tr\u00e1mites para la operaci\u00f3n de las mismas.<\/p>\n<p>&#13;<\/p>\n<p align=\"justify\" class=\"text1noticias\"><strong>\u00bfQu\u00e9 es la  regulaci\u00f3n?<\/strong><\/p>\n<p>&#13;<\/p>\n<p align=\"justify\" class=\"text1noticias\">La regulaci\u00f3n es  el conjunto de instrumentos jur\u00eddicos que emplea un gobierno para establecer  obligaciones y procesos con los que tienen que cumplir los particulares, las  empresas y el gobierno mismo. Se trata de leyes, reglamentos, decretos,  acuerdos, normas, circulares y formatos, as\u00ed como lineamientos, criterios,  metodolog\u00edas, instructivos, directivas, reglas, manuales, entre otros. <\/p>\n<p>&#13;<\/p>\n<p align=\"justify\" class=\"text1noticias\"><strong>La mejora  regulatoria en M\u00e9xico<\/strong><\/p>\n<p>&#13;<\/p>\n<p align=\"justify\" class=\"text1noticias\">Seg\u00fan  el Programa de Mejora Regulatoria de M\u00e9xico, la misma ha sido una \u201cherramienta esencial para lograr el  desarrollo econ\u00f3mico del pa\u00eds y un gobierno eficiente que responda a las  necesidades de la sociedad\u201d. En los \u00faltimos 15 a\u00f1os \u201cha sido una parte  fundamental del cambio estructural en M\u00e9xico, de la transici\u00f3n hacia una  econom\u00eda abierta y de mercado. El ritmo acelerado, el amplio alcance y la  profundidad de la mejora\u00a0 regulatoria han  colocado a M\u00e9xico entre los pa\u00edses m\u00e1s activos en esta materia\u201d.<\/p>\n<p>&#13;<\/p>\n<p align=\"justify\" class=\"text1noticias\">Estas  informaciones dan cuenta de que el 90 por ciento de las leyes de este pa\u00eds han  sido revisadas y reformadas. Estos cambios han \u201cpermitido reducir precios e  incrementar la gama de productos y servicios disponibles para los consumidores;  mejorar la eficiencia productiva al disminuir los precios de insumos esenciales;  apoyar el crecimiento del sector exportador; promover la inversi\u00f3n y la entrada  de nuevas empresas al mercado y mejorar la eficacia de los servicios que brinda  el gobierno\u201d.<\/p>\n<p>&#13;<\/p>\n<div>&#13;<\/p>\n<div id=\"ftn1\"> &#13;<\/p>\n<div align=\"justify\" class=\"text1noticias\">Programa de Mejora Regulatoria 2001-2006, Presidencia de la Rep\u00fablica, M\u00e9xico <\/div>\n<p>&#13;\n  <\/p><\/div>\n<p>&#13;\n<\/p><\/div>\n<p>&#13;<\/p>\n<h6> 2007-10-12 20:04:49 <\/h6>\n<p><!--\n<link rel=\"stylesheet\" href=\"css\/bootstrap.min.css\">\n\n\n<ul class=\"pagination\">\n\t    \n\t\n\n<li >\n\t<a href='?page_no=28542'>Previous<\/a>\n\t<\/li>\n\n\n       \n    \n\n<li><a href='?page_no=1'>1<\/a><\/li>\n\n\n\n<li><a href='?page_no=2'>2<\/a><\/li>\n\n\n\n<li><a>...<\/a><\/li>\n\n\n\n<li><a href='?page_no=28541'>28541<\/a><\/li>\n\n\n\n<li><a href='?page_no=28542'>28542<\/a><\/li>\n\n\n\n<li class='active'><a>28543<\/a><\/li>\n\n\n\n<li><a href='?page_no=28544'>28544<\/a><\/li>\n\n\n\n<li><a href='?page_no=28545'>28545<\/a><\/li>\n\n\n\n<li><a>...<\/a><\/li>\n\n\n\n<li><a href='?page_no=30472'>30472<\/a><\/li>\n\n\n\n<li><a href='?page_no=30473'>30473<\/a><\/li>\n\n    \n\t\n\n<li >\n\t<a href='?page_no=28544'>Next<\/a>\n\t<\/li>\n\n\n    \n\n<li><a href='?page_no=30473'>Last &rsaquo;&rsaquo;<\/a><\/li>\n\n<\/ul>\n\n\n--><br \/>\n<\/body><\/p>\n","protected":false},"excerpt":{"rendered":"<p>Consejo de Competitividad y FUNGLODE impulsar\u00e1n reflexi\u00f3n para que el Estado sea m\u00e1s eficaz y competitivo &#13; Con el objetivo de ir creando un proceso de reflexi\u00f3n que permita que el Estado dominicano sea m\u00e1s eficaz y competitivo, el Consejo Nacional de Competitividad y la Fundaci\u00f3n Global Democracia y Desarrollo realizar\u00e1n un seminario en el [&hellip;]<\/p>\n","protected":false},"author":3,"featured_media":0,"comment_status":"open","ping_status":"open","sticky":false,"template":"","format":"standard","meta":{"footnotes":""},"categories":[18],"tags":[],"class_list":["post-122663","post","type-post","status-publish","format-standard","hentry","category-economia"],"_links":{"self":[{"href":"https:\/\/diariodominicano.com\/index.php?rest_route=\/wp\/v2\/posts\/122663","targetHints":{"allow":["GET"]}}],"collection":[{"href":"https:\/\/diariodominicano.com\/index.php?rest_route=\/wp\/v2\/posts"}],"about":[{"href":"https:\/\/diariodominicano.com\/index.php?rest_route=\/wp\/v2\/types\/post"}],"author":[{"embeddable":true,"href":"https:\/\/diariodominicano.com\/index.php?rest_route=\/wp\/v2\/users\/3"}],"replies":[{"embeddable":true,"href":"https:\/\/diariodominicano.com\/index.php?rest_route=%2Fwp%2Fv2%2Fcomments&post=122663"}],"version-history":[{"count":0,"href":"https:\/\/diariodominicano.com\/index.php?rest_route=\/wp\/v2\/posts\/122663\/revisions"}],"wp:attachment":[{"href":"https:\/\/diariodominicano.com\/index.php?rest_route=%2Fwp%2Fv2%2Fmedia&parent=122663"}],"wp:term":[{"taxonomy":"category","embeddable":true,"href":"https:\/\/diariodominicano.com\/index.php?rest_route=%2Fwp%2Fv2%2Fcategories&post=122663"},{"taxonomy":"post_tag","embeddable":true,"href":"https:\/\/diariodominicano.com\/index.php?rest_route=%2Fwp%2Fv2%2Ftags&post=122663"}],"curies":[{"name":"wp","href":"https:\/\/api.w.org\/{rel}","templated":true}]}}