{"id":122661,"date":"2007-10-14T20:54:35","date_gmt":"2007-10-14T20:54:35","guid":{"rendered":"http:\/\/diariodominicano.ddns.net\/?p=122661"},"modified":"2007-10-14T20:54:35","modified_gmt":"2007-10-14T20:54:35","slug":"gobierno-ejecutara-medidas-para-enfrentar-efectos-de-las-alzas-del-petroleo","status":"publish","type":"post","link":"https:\/\/diariodominicano.com\/?p=122661","title":{"rendered":"Gobierno ejecutar\u00e1 medidas para enfrentar efectos de las alzas del petr\u00f3leo"},"content":{"rendered":"<p><body><\/p>\n<p align=\"justify\" class=\"titulogrande1\">Gobierno ejecutar\u00e1 medidas para enfrentar efectos de las  alzas del petr\u00f3leo<\/p>\n<p>&#13;<\/p>\n<p align=\"justify\" class=\"text1noticias\">El secretario de Industria y Comercio dijo: \u201cNo ser\u00e1n  medidas coyunturales, y las mismas se mantendr\u00e1n \u00a0independientemente del comportamiento de los  precios del petr\u00f3leo, porque \u00a0de una cosa  hay que estar conteste y es que nosotros no somos productores \u00a0del crudo y tenemos que ponerle un blindaje a  nuestra econom\u00eda la cual no \u00a0dependa de  lo que suceda con ese carburante\u201d,<\/p>\n<p>&#13;<\/p>\n<p align=\"justify\" class=\"text1noticias\"><strong><img loading=\"lazy\" decoding=\"async\" src=\"http:\/\/localhost:8080\/economia\/pictures\/melanio paredes.jpg\" width=\"269\" height=\"361\" hspace=\"4\" align=\"left\" \/>SANTO DOMINGO.-<\/strong> El gobierno anunciar\u00e1 esta semana un conjunto  de medidas tendente a \u00a0enfrentar los  efectos devastadores que sobre la econom\u00eda ocasionan las alzas \u00a0del petr\u00f3leo en el mercado internacional. El  crudo se cotiz\u00f3 el viernes a 84 d\u00f3lares el barril.<br \/>&#13;<br \/>\n  <br \/>&#13;<br \/>\n  Al ofrecer la informaci\u00f3n\u00a0  de las medidas oficiales, el \u00a0secretario de Industria y Comercio \u00a0Melanio Paredes \u00a0dijo que el anuncio se har\u00e1 en el Palacio  Nacional con la presencia del presidente  Leonel Fern\u00e1ndez.<br \/>&#13;<br \/>\n  <br \/>&#13;<br \/>\nParedes dijo que  dentro del paquete que se contempla implementar, y que est\u00e1 pr\u00e1cticamente listo, se encuentran  disposiciones cuyos efectos ser\u00e1n de corto, mediano y largo plazo.<br \/>&#13;<br \/>\n  <br \/>&#13;<br \/>\n  Entrevistado por H\u00e9ctor Herrera Cabral en el Programa  D`AGENDA\u00a0 que cada domingo se transmite por Telesistema Canal 11, el  funcionario confirmo que entre las medidas se contempla el cambio de  horario de trabajo en los sectores p\u00fablico y privado, abarcando las tandas de  clase, adem\u00e1s de una modificaci\u00f3n del sistema de consumo de energ\u00eda y  combustibles en instituciones del Estado.<br \/>&#13;<br \/>\n  <br \/>&#13;<br \/>\n  Dijo que\u00a0 tambi\u00e9n se  contempla una sustancial reestructuraci\u00f3n en el tr\u00e1nsito y transporte p\u00fablico en los cascos urbanos de  las principales ciudades del pa\u00eds que eliminar\u00edan los  entaponamientos en las llamadas horas pico.<br \/>&#13;<br \/>\n  <br \/>&#13;<br \/>\n  \u201cNo ser\u00e1n medidas  coyunturales, y las mismas se mantendr\u00e1n independientemente del comportamiento de los precios del  petr\u00f3leo, porque de una cosa hay que estar conteste y es que nosotros no  somos productores del crudo y tenemos que ponerle un blindaje a nuestra  econom\u00eda la cual no dependa de lo que suceda con ese carburante\u201d.<br \/>&#13;<br \/>\n  <br \/>&#13;<br \/>\n  Dijo que otras medidas a ser tomadas en el mediano y largo  plazo est\u00e1 la cambiar el parque vehicular del transporte p\u00fablico  por veh\u00edculos que s\u00f3lo consuman gas natural y promover e incentivar la  producci\u00f3n de combustibles y energ\u00eda el\u00e9ctrica que no dependan de  petr\u00f3leo.<br \/>&#13;<br \/>\n  <br \/>&#13;<br \/>\n  Precis\u00f3 que ya el Directorio Energ\u00e9tico tiene el paquete a  ser implementado listo y que el mismo ser\u00e1 concensuado con el  sector privado porque los empresarios ser\u00e1n determinantes para que las  medidas tengan \u00e9xitos.<br \/>&#13;<br \/>\n  <br \/>&#13;<br \/>\n  Melanio paredes dijo que en lo atiente a la Ley de hidrocarburos no se puede inventar porque con la misma se despolitiz\u00f3 la  fijaci\u00f3n de los precios de los combustibles.<br \/>&#13;<br \/>\n  <br \/>&#13;<br \/>\n  Sostuvo que el gobierno no puede subsidiar los precios del  gasoil y la gasolina porque ya lo est\u00e1 haciendo con el Gas Licuado  de Petr\u00f3leo y con la energ\u00eda el\u00e9ctrica.<br \/>&#13;<br \/>\n  <br \/>&#13;<br \/>\nExplic\u00f3 que las  autoridades tampoco pueden drenar los ingresos fiscales\u00a0 ni mucho  menos incentivar el consumo de combustibles estableciendo precios que no guarden relaci\u00f3n con lo que  est\u00e1 sucediendo con el petr\u00f3leo.<br \/>&#13;<br \/>\n  <br \/>&#13;<br \/>\n  Advierte sobre alzas de precios<\/p>\n<p>&#13;<\/p>\n<p align=\"justify\" class=\"text1noticias\">El secretario de Industria y Comercio advirti\u00f3 que el  gobierno no permitir\u00e1 que sectores productivos y comerciales dispongan  alzas de precios de manera antojadiza.<br \/>&#13;<br \/>\n  <br \/>&#13;<br \/>\n  En\u00a0 tal sentido dijo  que en las pr\u00f3ximas horas anunciar\u00e1 al pa\u00eds sobre los acuerdos a que arrib\u00f3 con los productores de  cemento, pero adelanto que no se aceptar\u00e1 totalmente el \u00faltimo incremento  que han establecido sobre ese producto.<br \/>&#13;<br \/>\n  <br \/>&#13;<br \/>\n  Inform\u00f3 que en las pr\u00f3ximas horas se reunir\u00e1 nuevamente con  los panaderos para llegar a un acuerdo definitivo sobre el  precio de ese alimento que no implique ning\u00fan incremento.<br \/>&#13;<br \/>\n  <br \/>&#13;<br \/>\n\u201cEl gobierno no transigir\u00e1 con quienes quieren pescar en r\u00edo revuelto y disponer alzas de precios en bienes y servicios  de amplio consumo en el pa\u00eds, porque uno de nuestro mayor logro\u00a0 ha sido controlar la inflaci\u00f3n y eso lo vamos  a mantener\u201d, advirti\u00f3 el funcionario.<br \/>&#13;<br \/>\n  <br \/>&#13;<br \/>\nRecord\u00f3 que el  gobierno se ha sacrificado, y se seguir\u00e1 sacrificando, en t\u00e9rminos financieros para mantener la  rentabilidad de los productores con la condici\u00f3n de que mantengan precios justos  a los consumidores.<br \/>&#13;<br \/>\n  <br \/>&#13;<br \/>\n  En otro orden el secretario de Industria y Comercio dijo que  en los pr\u00f3ximos d\u00edas el presidente Leonel Fern\u00e1ndez anunciar\u00e1  medidas trascendentales que repercutir\u00e1n en la creaci\u00f3n inmediata de  miles de empleos.<br \/>&#13;<br \/>\n  <br \/>&#13;<br \/>\n  Melanio Paredes dijo que entre los sectores que ser\u00e1n  favorecidos est\u00e1n los peque\u00f1os y medianos empresarios y los parques  industriales de zonas francas.<\/p>\n<p>&#13;<\/p>\n<h6> 2007-10-14 20:54:35 <\/h6>\n<p><!--\n<link rel=\"stylesheet\" href=\"css\/bootstrap.min.css\">\n\n\n<ul class=\"pagination\">\n\t    \n\t\n\n<li >\n\t<a href='?page_no=28540'>Previous<\/a>\n\t<\/li>\n\n\n       \n    \n\n<li><a href='?page_no=1'>1<\/a><\/li>\n\n\n\n<li><a href='?page_no=2'>2<\/a><\/li>\n\n\n\n<li><a>...<\/a><\/li>\n\n\n\n<li><a href='?page_no=28539'>28539<\/a><\/li>\n\n\n\n<li><a href='?page_no=28540'>28540<\/a><\/li>\n\n\n\n<li class='active'><a>28541<\/a><\/li>\n\n\n\n<li><a href='?page_no=28542'>28542<\/a><\/li>\n\n\n\n<li><a href='?page_no=28543'>28543<\/a><\/li>\n\n\n\n<li><a>...<\/a><\/li>\n\n\n\n<li><a href='?page_no=30472'>30472<\/a><\/li>\n\n\n\n<li><a href='?page_no=30473'>30473<\/a><\/li>\n\n    \n\t\n\n<li >\n\t<a href='?page_no=28542'>Next<\/a>\n\t<\/li>\n\n\n    \n\n<li><a href='?page_no=30473'>Last &rsaquo;&rsaquo;<\/a><\/li>\n\n<\/ul>\n\n\n--><br \/>\n<\/body><\/p>\n","protected":false},"excerpt":{"rendered":"<p>Gobierno ejecutar\u00e1 medidas para enfrentar efectos de las alzas del petr\u00f3leo &#13; El secretario de Industria y Comercio dijo: \u201cNo ser\u00e1n medidas coyunturales, y las mismas se mantendr\u00e1n \u00a0independientemente del comportamiento de los precios del petr\u00f3leo, porque \u00a0de una cosa hay que estar conteste y es que nosotros no somos productores \u00a0del crudo y tenemos [&hellip;]<\/p>\n","protected":false},"author":3,"featured_media":0,"comment_status":"open","ping_status":"open","sticky":false,"template":"","format":"standard","meta":{"footnotes":""},"categories":[18],"tags":[],"class_list":["post-122661","post","type-post","status-publish","format-standard","hentry","category-economia"],"_links":{"self":[{"href":"https:\/\/diariodominicano.com\/index.php?rest_route=\/wp\/v2\/posts\/122661","targetHints":{"allow":["GET"]}}],"collection":[{"href":"https:\/\/diariodominicano.com\/index.php?rest_route=\/wp\/v2\/posts"}],"about":[{"href":"https:\/\/diariodominicano.com\/index.php?rest_route=\/wp\/v2\/types\/post"}],"author":[{"embeddable":true,"href":"https:\/\/diariodominicano.com\/index.php?rest_route=\/wp\/v2\/users\/3"}],"replies":[{"embeddable":true,"href":"https:\/\/diariodominicano.com\/index.php?rest_route=%2Fwp%2Fv2%2Fcomments&post=122661"}],"version-history":[{"count":0,"href":"https:\/\/diariodominicano.com\/index.php?rest_route=\/wp\/v2\/posts\/122661\/revisions"}],"wp:attachment":[{"href":"https:\/\/diariodominicano.com\/index.php?rest_route=%2Fwp%2Fv2%2Fmedia&parent=122661"}],"wp:term":[{"taxonomy":"category","embeddable":true,"href":"https:\/\/diariodominicano.com\/index.php?rest_route=%2Fwp%2Fv2%2Fcategories&post=122661"},{"taxonomy":"post_tag","embeddable":true,"href":"https:\/\/diariodominicano.com\/index.php?rest_route=%2Fwp%2Fv2%2Ftags&post=122661"}],"curies":[{"name":"wp","href":"https:\/\/api.w.org\/{rel}","templated":true}]}}