{"id":122659,"date":"2007-10-14T23:06:03","date_gmt":"2007-10-14T23:06:03","guid":{"rendered":"http:\/\/diariodominicano.ddns.net\/?p=122659"},"modified":"2007-10-14T23:06:03","modified_gmt":"2007-10-14T23:06:03","slug":"en-espana-el-precio-de-la-leche-sube-un-10","status":"publish","type":"post","link":"https:\/\/diariodominicano.com\/?p=122659","title":{"rendered":"En Espa\u00f1a el precio de la leche sube un 10%"},"content":{"rendered":"<p><body><\/p>\n<p class=\"titulogrande1\"><strong>En Espa\u00f1a el precio de la leche sube un 10% <\/strong><\/p>\n<p>&#13;<\/p>\n<p align=\"justify\" class=\"text1noticias\">La industria l\u00e1ctea  asegura que s\u00f3lo ha subido el precio una cuarta parte de lo que lo podr\u00eda haber  hecho <\/p>\n<p>&#13;<\/p>\n<p align=\"justify\" class=\"text1noticias\"><strong>MADRID.-<\/strong> El director general de la Federaci\u00f3n Espa\u00f1ola  de Industrias L\u00e1cteas (Fenil), Luis Calabozo, asegura que s\u00f3lo se ha trasladado  al consumidor una cuarta parte de la subida que han sufrido ellos del precio de  la leche en origen.<br \/>&#13;<br \/>\n  <br \/>&#13;<br \/>\n  Ante las denuncias de los consumidores, Calabozo ha indicado que  entre abril y julio de 2007 el precio pagado a los ganaderos por la industria  se increment\u00f3 un 40%, mientras que la lecha se ha encarecido entre agosto y  septiembre alrededor de un 10%.<br \/>&#13;<br \/>\n  <br \/>&#13;<br \/>\n  Por ello, ha rechazado que los incrementos producidos en  septiembre puedan deberse a movimientos especulativos o a concertaciones de  precio, y ha defendido que en su sector lo que existe es una competencia feroz.<br \/>&#13;<br \/>\n  <br \/>&#13;<br \/>\n  Seg\u00fan el representante de la industria l\u00e1ctea, existe una gran  competencia en el aprovisionamiento de la materia prima (compra a los  ganaderos) y en la venta del producto final a la distribuci\u00f3n. De hecho, se\u00f1ala  que, con esta situaci\u00f3n, los m\u00e1rgenes de la industria se ver\u00e1n muy afectados  por la crisis de oferta que ha generado miedo al desabastecimiento.<br \/>&#13;<br \/>\n  <br \/>&#13;<br \/>\n  Para Calabozo, el incremento de la leche en origen reside en la  cuota l\u00e1ctea permitida por la UE  a Espa\u00f1a, que cubre \u00fanicamente un 65% de la demanda interior, frente a lo que  ocurre en otros pa\u00edses como Alemania o Francia que tienen excedente o Irlanda,  donde la cuota multiplica por seis la demanda interna.<br \/>&#13;<br \/>\n  <br \/>&#13;<br \/>\n  Adem\u00e1s, esta escasez de cuota se junta con un contexto  internacional donde la demanda se ha incrementado de forma muy significativa  por el tir\u00f3n de pa\u00edses emergentes, como China o la India, y la mala campa\u00f1a en  Australia y Nueva Zelanda.<br \/>&#13;<br \/>\n  <br \/>&#13;<br \/>\n  <strong>SERVIMEDIA<\/strong> &#8211; Madrid &#8211; 13\/10\/2007 \/\/El Pa\u00eds<\/p>\n<p>&#13;<\/p>\n<h6> 2007-10-14 23:06:03 <\/h6>\n<p><!--\n<link rel=\"stylesheet\" href=\"css\/bootstrap.min.css\">\n\n\n<ul class=\"pagination\">\n\t    \n\t\n\n<li >\n\t<a href='?page_no=28538'>Previous<\/a>\n\t<\/li>\n\n\n       \n    \n\n<li><a href='?page_no=1'>1<\/a><\/li>\n\n\n\n<li><a href='?page_no=2'>2<\/a><\/li>\n\n\n\n<li><a>...<\/a><\/li>\n\n\n\n<li><a href='?page_no=28537'>28537<\/a><\/li>\n\n\n\n<li><a href='?page_no=28538'>28538<\/a><\/li>\n\n\n\n<li class='active'><a>28539<\/a><\/li>\n\n\n\n<li><a href='?page_no=28540'>28540<\/a><\/li>\n\n\n\n<li><a href='?page_no=28541'>28541<\/a><\/li>\n\n\n\n<li><a>...<\/a><\/li>\n\n\n\n<li><a href='?page_no=30472'>30472<\/a><\/li>\n\n\n\n<li><a href='?page_no=30473'>30473<\/a><\/li>\n\n    \n\t\n\n<li >\n\t<a href='?page_no=28540'>Next<\/a>\n\t<\/li>\n\n\n    \n\n<li><a href='?page_no=30473'>Last &rsaquo;&rsaquo;<\/a><\/li>\n\n<\/ul>\n\n\n--><br \/>\n<\/body><\/p>\n","protected":false},"excerpt":{"rendered":"<p>En Espa\u00f1a el precio de la leche sube un 10% &#13; La industria l\u00e1ctea asegura que s\u00f3lo ha subido el precio una cuarta parte de lo que lo podr\u00eda haber hecho &#13; MADRID.- El director general de la Federaci\u00f3n Espa\u00f1ola de Industrias L\u00e1cteas (Fenil), Luis Calabozo, asegura que s\u00f3lo se ha trasladado al consumidor una [&hellip;]<\/p>\n","protected":false},"author":3,"featured_media":0,"comment_status":"open","ping_status":"open","sticky":false,"template":"","format":"standard","meta":{"footnotes":""},"categories":[18],"tags":[],"class_list":["post-122659","post","type-post","status-publish","format-standard","hentry","category-economia"],"_links":{"self":[{"href":"https:\/\/diariodominicano.com\/index.php?rest_route=\/wp\/v2\/posts\/122659","targetHints":{"allow":["GET"]}}],"collection":[{"href":"https:\/\/diariodominicano.com\/index.php?rest_route=\/wp\/v2\/posts"}],"about":[{"href":"https:\/\/diariodominicano.com\/index.php?rest_route=\/wp\/v2\/types\/post"}],"author":[{"embeddable":true,"href":"https:\/\/diariodominicano.com\/index.php?rest_route=\/wp\/v2\/users\/3"}],"replies":[{"embeddable":true,"href":"https:\/\/diariodominicano.com\/index.php?rest_route=%2Fwp%2Fv2%2Fcomments&post=122659"}],"version-history":[{"count":0,"href":"https:\/\/diariodominicano.com\/index.php?rest_route=\/wp\/v2\/posts\/122659\/revisions"}],"wp:attachment":[{"href":"https:\/\/diariodominicano.com\/index.php?rest_route=%2Fwp%2Fv2%2Fmedia&parent=122659"}],"wp:term":[{"taxonomy":"category","embeddable":true,"href":"https:\/\/diariodominicano.com\/index.php?rest_route=%2Fwp%2Fv2%2Fcategories&post=122659"},{"taxonomy":"post_tag","embeddable":true,"href":"https:\/\/diariodominicano.com\/index.php?rest_route=%2Fwp%2Fv2%2Ftags&post=122659"}],"curies":[{"name":"wp","href":"https:\/\/api.w.org\/{rel}","templated":true}]}}