{"id":122656,"date":"2007-10-14T23:19:45","date_gmt":"2007-10-14T23:19:45","guid":{"rendered":"http:\/\/diariodominicano.ddns.net\/?p=122656"},"modified":"2007-10-14T23:19:45","modified_gmt":"2007-10-14T23:19:45","slug":"agricultura-instalara-18-plazas-agropecuarias-en-el-distrito-nacional","status":"publish","type":"post","link":"https:\/\/diariodominicano.com\/?p=122656","title":{"rendered":"Agricultura instalar\u00e1 18 plazas agropecuarias en el Distrito Nacional"},"content":{"rendered":"<p><body><\/p>\n<p align=\"justify\" class=\"titulogrande1\">Agricultura  instalar\u00e1 18 plazas agropecuarias en el Distrito Nacional<\/p>\n<p>&#13;<\/p>\n<p align=\"justify\" class=\"text1noticias\"><strong>SANTO DOMINGO.-<\/strong> La Secretar\u00eda de  Agricultura anunci\u00f3 la instalaci\u00f3n de 18 nuevas plazas agropecuarias m\u00f3viles en  barrios del Distrito Nacional, la provincia Santo Domingo, y el interior del  pa\u00eds, con lo que se eleva a 168 el n\u00famero de esos centros de acopio y venta de  alimentos de calidad y a bajos precios.<\/p>\n<p>&#13;<\/p>\n<p align=\"justify\" class=\"text1noticias\">El secretario de Agricultura,  Salvador (Ch\u00edo)\u00a0 Jim\u00e9nez, destac\u00f3 el  apoyo que ha brindado el sector\u00a0 privado  para que las plazas agropecuarias hayan tenido tanto \u00e9xito.<\/p>\n<p>&#13;<\/p>\n<p align=\"justify\" class=\"text1noticias\">El encargado del Departamento  de Agroempresas de Agricultura, \u00c1ngel De \u00d3leo, explic\u00f3 que los nuevos puestos  de ventas estar\u00e1n ubicados en Hato Nuevo, Manoguayabo, frente a la escuela  p\u00fablica de ese sector,\u00a0 en la calle 4  esquina 13, en Brisas del Norte,\u00a0 en el  kil\u00f3metro 14 de la autopista Duarte,\u00a0 en  la calle Duarte, em la esquina 18 de la Caleta, en el parque de la urbanizaci\u00f3n Athala y  en la calle 5, esquina 8 del ensanche Las Am\u00e9ricas.<\/p>\n<p>&#13;<\/p>\n<p align=\"justify\" class=\"text1noticias\">Asimismo, en la calle 3 esquina  Las Carreras de los Farallones, en el kil\u00f3metro 14 de la autopista Duarte,  frente al local del PLD en la calle Las Flores de los Frailes II, en el Toro de  Guerra Lim\u00f3n y Hato Viejo frente a la escuela p\u00fablica\u00a0 de El Toro,\u00a0  en la calle Duarte de La   Caleta,\u00a0 y en el barrio  San Jos\u00e9 del kil\u00f3metro 7 de la carretera S\u00e1nchez.<\/p>\n<p>&#13;<\/p>\n<p align=\"justify\" class=\"text1noticias\">Tambi\u00e9n en los sectores  Proyecto Habitacional INVI,\u00a0 y en La Virgen\u00a0 de Sabana Perdida donde funcionar\u00e1n\u00a0 seis plazas agropecuarias m\u00f3viles de lunes a  viernes.\u00a0 <br \/>&#13;<br \/>\n  <br \/>&#13;<br \/>\nLas nuevos puestos de venta de  alimentos a bajos precios expender\u00e1n pl\u00e1tanos a dos pesos, yuca a 4 pesos, ajo  a 30 pesos, cebolla a 14 pesos, batata a 3 pesos, arroz a 12 pesos la  libra,\u00a0 frutas y vegetales productos bajo  amiente controlado y habichuela a 20 pesos la libra, carne de cerdo a 35 pesos  la 16 onzas  y huevo a dos pesos la unidad.<\/p>\n<p>&#13;<\/p>\n<p align=\"justify\" class=\"text1noticias\">Tambi\u00e9n, productos  industrializados a bajos\u00a0 precios como  salami, chuleta, longaniza y otros productos derivados del cerdo, leche a 25  pesos el cart\u00f3n, quesos y jugos.\u00a0 Desde que se\u00a0  inici\u00f3, el 11 de julio pasado la instalaci\u00f3n de plazas agropecuarias en  barrios del Distrito Nacional, la provincia Santo Domingo y en el interior del  pa\u00eds, los consumidores de todas las clases sociales han dado un gran apoyo al  acudir en masa a comprar sus alimentos de buena calidad y a bajos precios.<\/p>\n<p>&#13;<\/p>\n<p align=\"justify\" class=\"text1noticias\">Hasta la fecha las plazas  agropecuarias instaladas en el Distrito Nacional y la provincia Santo  Domingo\u00a0 han vendido un total de 95  millones 875 mil, 985 millones de pesos.\u00a0\u00a0  Consumidores que acuden a la plaza instalada en la explanada de la Secretar\u00eda de  Agricultura se mostraron satisfechos por los bajos precios y la buena calidad  de los productos que se venden en ese centro de acopio.<\/p>\n<p>&#13;<\/p>\n<p align=\"justify\" class=\"text1noticias\">Expresaron que las plazas  agropecuarias han dado un severo golpe a los comerciantes que especulan con los  consumidores vendiendo los productos de la canasta familiar a precios elevados.<\/p>\n<p>&#13;<\/p>\n<h6> 2007-10-14 23:19:45 <\/h6>\n<p><!--\n<link rel=\"stylesheet\" href=\"css\/bootstrap.min.css\">\n\n\n<ul class=\"pagination\">\n\t    \n\t\n\n<li >\n\t<a href='?page_no=28535'>Previous<\/a>\n\t<\/li>\n\n\n       \n    \n\n<li><a href='?page_no=1'>1<\/a><\/li>\n\n\n\n<li><a href='?page_no=2'>2<\/a><\/li>\n\n\n\n<li><a>...<\/a><\/li>\n\n\n\n<li><a href='?page_no=28534'>28534<\/a><\/li>\n\n\n\n<li><a href='?page_no=28535'>28535<\/a><\/li>\n\n\n\n<li class='active'><a>28536<\/a><\/li>\n\n\n\n<li><a href='?page_no=28537'>28537<\/a><\/li>\n\n\n\n<li><a href='?page_no=28538'>28538<\/a><\/li>\n\n\n\n<li><a>...<\/a><\/li>\n\n\n\n<li><a href='?page_no=30472'>30472<\/a><\/li>\n\n\n\n<li><a href='?page_no=30473'>30473<\/a><\/li>\n\n    \n\t\n\n<li >\n\t<a href='?page_no=28537'>Next<\/a>\n\t<\/li>\n\n\n    \n\n<li><a href='?page_no=30473'>Last &rsaquo;&rsaquo;<\/a><\/li>\n\n<\/ul>\n\n\n--><br \/>\n<\/body><\/p>\n","protected":false},"excerpt":{"rendered":"<p>Agricultura instalar\u00e1 18 plazas agropecuarias en el Distrito Nacional &#13; SANTO DOMINGO.- La Secretar\u00eda de Agricultura anunci\u00f3 la instalaci\u00f3n de 18 nuevas plazas agropecuarias m\u00f3viles en barrios del Distrito Nacional, la provincia Santo Domingo, y el interior del pa\u00eds, con lo que se eleva a 168 el n\u00famero de esos centros de acopio y venta [&hellip;]<\/p>\n","protected":false},"author":3,"featured_media":0,"comment_status":"open","ping_status":"open","sticky":false,"template":"","format":"standard","meta":{"footnotes":""},"categories":[18],"tags":[],"class_list":["post-122656","post","type-post","status-publish","format-standard","hentry","category-economia"],"_links":{"self":[{"href":"https:\/\/diariodominicano.com\/index.php?rest_route=\/wp\/v2\/posts\/122656","targetHints":{"allow":["GET"]}}],"collection":[{"href":"https:\/\/diariodominicano.com\/index.php?rest_route=\/wp\/v2\/posts"}],"about":[{"href":"https:\/\/diariodominicano.com\/index.php?rest_route=\/wp\/v2\/types\/post"}],"author":[{"embeddable":true,"href":"https:\/\/diariodominicano.com\/index.php?rest_route=\/wp\/v2\/users\/3"}],"replies":[{"embeddable":true,"href":"https:\/\/diariodominicano.com\/index.php?rest_route=%2Fwp%2Fv2%2Fcomments&post=122656"}],"version-history":[{"count":0,"href":"https:\/\/diariodominicano.com\/index.php?rest_route=\/wp\/v2\/posts\/122656\/revisions"}],"wp:attachment":[{"href":"https:\/\/diariodominicano.com\/index.php?rest_route=%2Fwp%2Fv2%2Fmedia&parent=122656"}],"wp:term":[{"taxonomy":"category","embeddable":true,"href":"https:\/\/diariodominicano.com\/index.php?rest_route=%2Fwp%2Fv2%2Fcategories&post=122656"},{"taxonomy":"post_tag","embeddable":true,"href":"https:\/\/diariodominicano.com\/index.php?rest_route=%2Fwp%2Fv2%2Ftags&post=122656"}],"curies":[{"name":"wp","href":"https:\/\/api.w.org\/{rel}","templated":true}]}}