{"id":122655,"date":"2007-10-15T04:56:01","date_gmt":"2007-10-15T04:56:01","guid":{"rendered":"http:\/\/diariodominicano.ddns.net\/?p=122655"},"modified":"2007-10-15T04:56:01","modified_gmt":"2007-10-15T04:56:01","slug":"el-banco-central-informa-que-la-variacion-del-ipc-en-septiembre-fue-de-1-22","status":"publish","type":"post","link":"https:\/\/diariodominicano.com\/?p=122655","title":{"rendered":"El Banco Central informa que la variaci\u00f3n del IPC en septiembre fue de 1.22%"},"content":{"rendered":"<p><body><\/p>\n<p align=\"justify\" class=\"titulogrande1\">El Banco Central informa que la variaci\u00f3n del IPC en septiembre fue de 1.22%<\/p>\n<p>&#13;<\/p>\n<p align=\"justify\" class=\"text1noticias\">La inflaci\u00f3n anualizada de los \u00faltimos doce  meses, medida de septiembre 2006   a septiembre 2007, alcanz\u00f3 una tasa de crecimiento de  6.81%, mientras que la inflaci\u00f3n promedio doce meses creci\u00f3 en 5.26 por ciento.<\/p>\n<p>&#13;<\/p>\n<p align=\"justify\" class=\"text1noticias\"><strong>SANTO DOMINGO.- <\/strong>El Banco Central inform\u00f3  que el mes de septiembre la inflaci\u00f3n, medida por la variaci\u00f3n del \u00a0\u00a0Indice de Precios al Consumidor (IPC), fue de  1.22% con relaci\u00f3n \u00a0al mes de agosto, lo que  situ\u00f3 \u00a0la inflaci\u00f3n acumulada, en los nueve  primeros meses del a\u00f1o, en\u00a0 5.25 por  ciento. <\/p>\n<p>&#13;<\/p>\n<p align=\"justify\" class=\"text1noticias\">La inflaci\u00f3n anualizada de los \u00faltimos doce  meses, medida de septiembre 2006 a septiembre 2007, alcanz\u00f3 una tasa de  crecimiento de 6.81%, mientras que la inflaci\u00f3n promedio doce meses creci\u00f3 en  5.26 por ciento.<br \/>&#13;<br \/>\n  \u00a0<br \/>&#13;<br \/>\n  La entidad bancaria explica que estos  resultados est\u00e1n influenciados, principalmente, por los persistentes aumentos  de precio del petr\u00f3leo en el mercado internacional, los cuales alcanzaron durante  el mes de septiembre un nivel r\u00e9cord, con su correspondiente incidencia en los  precios internos de los derivados de este producto. El impacto de las alzas de  precios de los combustibles en la inflaci\u00f3n mensual represent\u00f3 un 0.51% de la  variaci\u00f3n total del IPC. <\/p>\n<p>&#13;<\/p>\n<p align=\"justify\" class=\"text1noticias\">El documento del Banco Central establece  que el ajuste estacional del grupo Educaci\u00f3n aport\u00f3 0.44 puntos, principalmente  debido al inicio del a\u00f1o escolar, por lo que el efecto combinado de estos  ajustes fue de 0.95 puntos porcentuales, lo que significa que el IPC apenas  hubiera crecido 0.27%. Esto indica que el alza mostrada por los precios  internos no obedece a razones monetarias, ni a otros factores de origen  interno.<\/p>\n<p>&#13;<\/p>\n<p align=\"justify\" class=\"text1noticias\">La variaci\u00f3n de 2.42% del grupo correspondiente  al Transporte explica el 49.19% del crecimiento del IPC, como resultado de las alzas  de la gasolina premium y regular, de acuerdo a las revisiones semanales  realizadas, en cumplimiento a la Ley 112-00 de los Hidrocarburos. <\/p>\n<p>&#13;<\/p>\n<p align=\"justify\" class=\"text1noticias\">En menor medida, incidieron los aumentos de  1.21% en los precios de los veh\u00edculos, y de 0.84% en los servicios de  transporte.<\/p>\n<p>&#13;<\/p>\n<p align=\"justify\" class=\"text1noticias\">\u201cEl segundo aporte de importancia  correspondi\u00f3 al grupo Educaci\u00f3n, que experiment\u00f3 un ajuste de 8.19%, por la  matriculaci\u00f3n escolar que estacionalmente se verifica en septiembre al inicio  del a\u00f1o escolar, registr\u00e1ndose subidas en las tarifas de la ense\u00f1anza privada  preescolar (12.48%), primaria (13.63%) y secundaria (10.22%). En menor magnitud  repercutieron las alzas en los precios de la ense\u00f1anza universitaria (2.34%),  los libros de texto (2.20%), y en el servicio de transporte escolar (14.40%)\u201d  asegura el estudio del Banco Central.<\/p>\n<p>&#13;<\/p>\n<p align=\"justify\" class=\"text1noticias\">El grupo Alimentos, Bebidas y Tabaco, de  mayor ponderaci\u00f3n en la canasta familiar, experiment\u00f3 una ligera variaci\u00f3n de  0.11%, por las alzas de precios de algunos art\u00edculos como: pl\u00e1tano verde  (5.10%), aj\u00ed (7.38%), repollo (9.59%), y yuca (1.30%). En sentido contrario,  registraron reducciones en sus niveles de precios: pollo fresco (-0.60%), naranja  de jugo (-10.37%), cerveza (-0.42%), y cebolla roja (-3.81%).<\/p>\n<p>&#13;<\/p>\n<p align=\"justify\" class=\"text1noticias\">Indice bienes y servicios transables y no transables<\/p>\n<p>&#13;<\/p>\n<p align=\"justify\" class=\"text1noticias\">El Banco Central detalla que los bienes transables,  aquellos que pueden exportarse e importarse libres de restricciones,  experimentaron una variaci\u00f3n de 1.40%, determinada en gran medida por los  incrementos en los precios de las gasolinas, y de los autom\u00f3viles. <\/p>\n<p>&#13;<\/p>\n<p align=\"justify\" class=\"text1noticias\">El IPC de los bienes y servicios no  transables, los que por su naturaleza s\u00f3lo pueden comercializarse dentro de la  econom\u00eda que los produce, o est\u00e1n sujetos a medidas que restringen el libre  comercio internacional, registr\u00f3 un alza de 1.04%, por las subidas en las  tarifas de los servicios de educaci\u00f3n y transporte terrestre.<\/p>\n<p>&#13;<\/p>\n<p align=\"justify\" class=\"text1noticias\">Indice por quintiles<\/p>\n<p>&#13;<\/p>\n<p align=\"justify\" class=\"text1noticias\">Considerando el IPC por estratos  socioecon\u00f3micos, los resultados del mes de septiembre muestran tasas de  variaci\u00f3n superiores en los quintiles de mayores gastos. Esto se debi\u00f3 principalmente  a la elevada participaci\u00f3n de los combustibles y de los servicios educacionales  en la canasta de estos segmentos de la poblaci\u00f3n. <br \/>&#13;<br \/>\n  <br \/>&#13;<br \/>\nEn efecto, el \u00edndice del  quintil 1, el de menor gasto, creci\u00f3 0.88%, en tanto el quintil 5, el de mayor  gasto, experiment\u00f3 una variaci\u00f3n de 1.24 por ciento. <\/p>\n<p>&#13;<\/p>\n<p align=\"justify\" class=\"text1noticias\">El estudio del Banco Central describe que, dado  el comportamiento mostrado por el IPC durante los primeros nueve meses, la tasa  inflaci\u00f3n podr\u00eda finalizar el a\u00f1o 2007 en un s\u00f3lo d\u00edgito seg\u00fan lo establecido  en el programa monetario del Banco Central y en el acuerdo con el Fondo  Monetario Internacional (FMI). Esta estimaci\u00f3n es asumida siempre y cuando no  se produzcan mayores aumentos en el precio del petr\u00f3leo durante el resto del  a\u00f1o. <\/p>\n<p>&#13;<\/p>\n<h6> 2007-10-15 04:56:01 <\/h6>\n<p><!--\n<link rel=\"stylesheet\" href=\"css\/bootstrap.min.css\">\n\n\n<ul class=\"pagination\">\n\t    \n\t\n\n<li >\n\t<a href='?page_no=28534'>Previous<\/a>\n\t<\/li>\n\n\n       \n    \n\n<li><a href='?page_no=1'>1<\/a><\/li>\n\n\n\n<li><a href='?page_no=2'>2<\/a><\/li>\n\n\n\n<li><a>...<\/a><\/li>\n\n\n\n<li><a href='?page_no=28533'>28533<\/a><\/li>\n\n\n\n<li><a href='?page_no=28534'>28534<\/a><\/li>\n\n\n\n<li class='active'><a>28535<\/a><\/li>\n\n\n\n<li><a href='?page_no=28536'>28536<\/a><\/li>\n\n\n\n<li><a href='?page_no=28537'>28537<\/a><\/li>\n\n\n\n<li><a>...<\/a><\/li>\n\n\n\n<li><a href='?page_no=30472'>30472<\/a><\/li>\n\n\n\n<li><a href='?page_no=30473'>30473<\/a><\/li>\n\n    \n\t\n\n<li >\n\t<a href='?page_no=28536'>Next<\/a>\n\t<\/li>\n\n\n    \n\n<li><a href='?page_no=30473'>Last &rsaquo;&rsaquo;<\/a><\/li>\n\n<\/ul>\n\n\n--><br \/>\n<\/body><\/p>\n","protected":false},"excerpt":{"rendered":"<p>El Banco Central informa que la variaci\u00f3n del IPC en septiembre fue de 1.22% &#13; La inflaci\u00f3n anualizada de los \u00faltimos doce meses, medida de septiembre 2006 a septiembre 2007, alcanz\u00f3 una tasa de crecimiento de 6.81%, mientras que la inflaci\u00f3n promedio doce meses creci\u00f3 en 5.26 por ciento. &#13; SANTO DOMINGO.- El Banco Central [&hellip;]<\/p>\n","protected":false},"author":3,"featured_media":0,"comment_status":"open","ping_status":"open","sticky":false,"template":"","format":"standard","meta":{"footnotes":""},"categories":[18],"tags":[],"class_list":["post-122655","post","type-post","status-publish","format-standard","hentry","category-economia"],"_links":{"self":[{"href":"https:\/\/diariodominicano.com\/index.php?rest_route=\/wp\/v2\/posts\/122655","targetHints":{"allow":["GET"]}}],"collection":[{"href":"https:\/\/diariodominicano.com\/index.php?rest_route=\/wp\/v2\/posts"}],"about":[{"href":"https:\/\/diariodominicano.com\/index.php?rest_route=\/wp\/v2\/types\/post"}],"author":[{"embeddable":true,"href":"https:\/\/diariodominicano.com\/index.php?rest_route=\/wp\/v2\/users\/3"}],"replies":[{"embeddable":true,"href":"https:\/\/diariodominicano.com\/index.php?rest_route=%2Fwp%2Fv2%2Fcomments&post=122655"}],"version-history":[{"count":0,"href":"https:\/\/diariodominicano.com\/index.php?rest_route=\/wp\/v2\/posts\/122655\/revisions"}],"wp:attachment":[{"href":"https:\/\/diariodominicano.com\/index.php?rest_route=%2Fwp%2Fv2%2Fmedia&parent=122655"}],"wp:term":[{"taxonomy":"category","embeddable":true,"href":"https:\/\/diariodominicano.com\/index.php?rest_route=%2Fwp%2Fv2%2Fcategories&post=122655"},{"taxonomy":"post_tag","embeddable":true,"href":"https:\/\/diariodominicano.com\/index.php?rest_route=%2Fwp%2Fv2%2Ftags&post=122655"}],"curies":[{"name":"wp","href":"https:\/\/api.w.org\/{rel}","templated":true}]}}