{"id":122654,"date":"2007-10-16T12:57:51","date_gmt":"2007-10-16T12:57:51","guid":{"rendered":"http:\/\/diariodominicano.ddns.net\/?p=122654"},"modified":"2007-10-16T12:57:51","modified_gmt":"2007-10-16T12:57:51","slug":"auguran-transformaciones-empresas-locales-por-competencias-internacionales","status":"publish","type":"post","link":"https:\/\/diariodominicano.com\/?p=122654","title":{"rendered":"Auguran transformaciones empresas locales por competencias internacionales"},"content":{"rendered":"<p><body><\/p>\n<p align=\"justify\"><strong class=\"titulogrande1\">Aguaran transformaciones empresas  locales por competencias internacionales<\/strong><br \/>&#13;<br \/>\n  \u00a0 <br \/>&#13;<br \/>\n  <span class=\"text1noticias\"><img loading=\"lazy\" decoding=\"async\" src=\"http:\/\/localhost:8080\/economia\/pictures\/marisela almanzar.jpg\" width=\"269\" height=\"900\" hspace=\"4\" align=\"left\" \/>La decana de Mercadotecnia de la Universidad Apec  (UNAPEC) dijo que los mercados se est\u00e1n transformando de una manera  vertiginosa, y que las compa\u00f1\u00edas locales compiten con empresas internacionales,  por lo que deben  actuar a la altura de \u00e9stas en calidad, precio, servicios y productos.<br \/>&#13;<br \/>\n  \u00a0<br \/>&#13;<br \/>\n  Marisela  Alm\u00e1nzar habl\u00f3 en la apertura de la   Jornada acad\u00e9mica  de mercadotecnia \u201cComercio y mercadotecnia internacional\u201d, efectuada en el  Hotel Lina, del 12 al 13 de este mes.<br \/>&#13;<br \/>\n  \u00a0<br \/>&#13;<br \/>\n  En  la actividad intervino, adem\u00e1s, el rector de UNAPEC Justo Pedro Castellanos,  quien expres\u00f3 que la actividad busca poner en contacto a los estudiantes con  personas de una gran labor intelectual.<br \/>&#13;<br \/>\n  \u00a0<br \/>&#13;<br \/>\n  La  jornada tuvo como expositor principal al experto mexicano y catedr\u00e1tico  universitario Alejandro Lerma Kirchner, quien abord\u00f3 los nuevos esquemas de  comercializaci\u00f3n en la importaci\u00f3n y exportaci\u00f3n de productos  y servicios impuestos por los tratados de libre comercio Alm\u00e1nzar  expres\u00f3 que como resultado de la apertura que se est\u00e1 desarrollando a nivel  mundial, producto de las nuevas tecnolog\u00edas y los diferentes acuerdos  comerciales, los mercados se est\u00e1n diversificando, por lo que plantean mayores  exigencias.<br \/>&#13;<br \/>\n  \u00a0<br \/>&#13;<br \/>\n\u201cEn  un mundo globalizado como el que vivimos actualmente, los mercad\u00f3logos deben  contar con las herramientas necesarias para participar en los cambios que se  producen en el mercado, a fin de que puedan aprovechar las oportunidades\u201d,  expuso.<br \/>&#13;<br \/>\n  \u00a0<br \/>&#13;<br \/>\n  Estim\u00f3  que si bien es cierto que la apertura comercial ofrece un mercado m\u00e1s amplio,  asimismo, la competencia es m\u00e1s agresiva, y cada d\u00eda entran m\u00e1s actores con m\u00e1s  productos en escena, adem\u00e1s, los gustos de los consumidores  se vuelven m\u00e1s exigentes.<br \/>&#13;<br \/>\n  \u00a0<br \/>&#13;<br \/>\n  Precis\u00f3  que para actuar con \u00e9xito en este escenario es preciso conocer los movimientos  econ\u00f3micos y pol\u00edticos que se desarrollan a nivel mundial, regional y local.<br \/>&#13;<br \/>\n  \u00a0<br \/>&#13;<br \/>\n\u201cEs  preciso tener un conocimiento amplio y detallado del escenario en que nos  desenvolvemos, identificar a nuestros competidores, conocer nuestros  consumidores reales y potenciales, cuya preferencia cambia de manera m\u00e1s  acelerada que hace una d\u00e9cada, y que en el futuro cambiar\u00e1 mucho m\u00e1s r\u00e1pido que  actualmente\u201d, sostuvo.<br \/>&#13;<br \/>\n  \u00a0<br \/>&#13;<br \/>\n  Entre  los temas que fueron tratados en la jornada, \u00a0Alm\u00e1nzar cit\u00f3 los \u201cmercados internacionales\u201d,  \u201cbloques comerciales y para qu\u00e9 sirven\u201d, \u201cC\u00f3mo desarrollar el plan de exportaci\u00f3n\u201d,  \u201cAn\u00e1lisis de competitividad\u201d, \u201cLog\u00edstica de exportaci\u00f3n\u201d y \u201cC\u00f3mo identificar oportunidades  de negocios internacional\u201d.<br \/>&#13;<br \/>\n  \u00a0<br \/>&#13;<br \/>\nAlejandro  Lerma Kirchner es autor de 20 obras, consultor y profesor universitario a nivel  posgrado y licenciatura. Posee una licenciatura en relaciones industriales, es  maestro en administraci\u00f3n, tiene una especialidad en administraci\u00f3n de  instituciones de educaci\u00f3n superior, en sistemas de informaci\u00f3n, en comercio  internacional y un diplomado en relaciones M\u00e9xico-Estados\/Unidos-Canad\u00e1.<\/span><\/p>\n<p>&#13;<\/p>\n<h6> 2007-10-16 12:57:51 <\/h6>\n<p><!--\n<link rel=\"stylesheet\" href=\"css\/bootstrap.min.css\">\n\n\n<ul class=\"pagination\">\n\t    \n\t\n\n<li >\n\t<a href='?page_no=28533'>Previous<\/a>\n\t<\/li>\n\n\n       \n    \n\n<li><a href='?page_no=1'>1<\/a><\/li>\n\n\n\n<li><a href='?page_no=2'>2<\/a><\/li>\n\n\n\n<li><a>...<\/a><\/li>\n\n\n\n<li><a href='?page_no=28532'>28532<\/a><\/li>\n\n\n\n<li><a href='?page_no=28533'>28533<\/a><\/li>\n\n\n\n<li class='active'><a>28534<\/a><\/li>\n\n\n\n<li><a href='?page_no=28535'>28535<\/a><\/li>\n\n\n\n<li><a href='?page_no=28536'>28536<\/a><\/li>\n\n\n\n<li><a>...<\/a><\/li>\n\n\n\n<li><a href='?page_no=30472'>30472<\/a><\/li>\n\n\n\n<li><a href='?page_no=30473'>30473<\/a><\/li>\n\n    \n\t\n\n<li >\n\t<a href='?page_no=28535'>Next<\/a>\n\t<\/li>\n\n\n    \n\n<li><a href='?page_no=30473'>Last &rsaquo;&rsaquo;<\/a><\/li>\n\n<\/ul>\n\n\n--><br \/>\n<\/body><\/p>\n","protected":false},"excerpt":{"rendered":"<p>Aguaran transformaciones empresas locales por competencias internacionales&#13; \u00a0 &#13; La decana de Mercadotecnia de la Universidad Apec (UNAPEC) dijo que los mercados se est\u00e1n transformando de una manera vertiginosa, y que las compa\u00f1\u00edas locales compiten con empresas internacionales, por lo que deben actuar a la altura de \u00e9stas en calidad, precio, servicios y productos.&#13; \u00a0&#13; [&hellip;]<\/p>\n","protected":false},"author":3,"featured_media":0,"comment_status":"open","ping_status":"open","sticky":false,"template":"","format":"standard","meta":{"footnotes":""},"categories":[18],"tags":[],"class_list":["post-122654","post","type-post","status-publish","format-standard","hentry","category-economia"],"_links":{"self":[{"href":"https:\/\/diariodominicano.com\/index.php?rest_route=\/wp\/v2\/posts\/122654","targetHints":{"allow":["GET"]}}],"collection":[{"href":"https:\/\/diariodominicano.com\/index.php?rest_route=\/wp\/v2\/posts"}],"about":[{"href":"https:\/\/diariodominicano.com\/index.php?rest_route=\/wp\/v2\/types\/post"}],"author":[{"embeddable":true,"href":"https:\/\/diariodominicano.com\/index.php?rest_route=\/wp\/v2\/users\/3"}],"replies":[{"embeddable":true,"href":"https:\/\/diariodominicano.com\/index.php?rest_route=%2Fwp%2Fv2%2Fcomments&post=122654"}],"version-history":[{"count":0,"href":"https:\/\/diariodominicano.com\/index.php?rest_route=\/wp\/v2\/posts\/122654\/revisions"}],"wp:attachment":[{"href":"https:\/\/diariodominicano.com\/index.php?rest_route=%2Fwp%2Fv2%2Fmedia&parent=122654"}],"wp:term":[{"taxonomy":"category","embeddable":true,"href":"https:\/\/diariodominicano.com\/index.php?rest_route=%2Fwp%2Fv2%2Fcategories&post=122654"},{"taxonomy":"post_tag","embeddable":true,"href":"https:\/\/diariodominicano.com\/index.php?rest_route=%2Fwp%2Fv2%2Ftags&post=122654"}],"curies":[{"name":"wp","href":"https:\/\/api.w.org\/{rel}","templated":true}]}}