{"id":122647,"date":"2007-10-18T02:32:20","date_gmt":"2007-10-18T02:32:20","guid":{"rendered":"http:\/\/diariodominicano.ddns.net\/?p=122647"},"modified":"2007-10-18T02:32:20","modified_gmt":"2007-10-18T02:32:20","slug":"presidente-fernandez-se-reune-con-empresarios-industria-de-la-harina-de-trigo","status":"publish","type":"post","link":"https:\/\/diariodominicano.com\/?p=122647","title":{"rendered":"Presidente Fern\u00e1ndez se re\u00fane con empresarios industria de la harina de trigo"},"content":{"rendered":"<p><body><\/p>\n<p align=\"justify\" class=\"titulogrande1\">Presidente Fern\u00e1ndez se  re\u00fane con empresarios industria de la harina de trigo<\/p>\n<p>&#13;<\/p>\n<p align=\"justify\" class=\"text1noticias\">En el encuentro se\u00a0trataron mecanismos a  implementar en el futuro inmediato para hacer frente a la situaci\u00f3n, debido a  la fluctuaci\u00f3n de la cotizaci\u00f3n internacional del trigo.<\/p>\n<p>&#13;<\/p>\n<p align=\"justify\" class=\"text1noticias\"><strong><img loading=\"lazy\" decoding=\"async\" src=\"http:\/\/localhost:8080\/economia\/pictures\/leonel trigo.jpg\" width=\"269\" height=\"536\" hspace=\"4\" align=\"left\" \/>SANTO DOMINGO.-<\/strong> El presidente \u00a0Leonel Fern\u00e1ndez  se reuni\u00f3 \u00a0con empresarios industriales  de trigo de la   Rep\u00fablica Dominicana, con quienes analiz\u00f3 la situaci\u00f3n  internacional que enfrenta en la actualidad la producci\u00f3n de este rubro alimenticio.<br \/>&#13;<br \/>\n  <br \/>&#13;<br \/>\nFern\u00e1ndez  recibi\u00f3 en su despacho del Palacio Nacional a los procesadores de harina de  trigo ante la disminuci\u00f3n en la producci\u00f3n del grano en varias naciones del  mundo\u00a0que han dedicado sus cultivos a la producci\u00f3n de biocombustibles. <br \/>&#13;<br \/>\n<br \/>&#13;<br \/>\nEn el encuentro se\u00a0trataron mecanismos a  implementar en el futuro inmediato para hacer frente a la situaci\u00f3n, debido a  la fluctuaci\u00f3n de la cotizaci\u00f3n internacional del trigo.<br \/>&#13;<br \/>\n<br \/>&#13;<br \/>\nTanto Estados Unidos como otras naciones han decidido  sembrar ma\u00edz en lugar de trigo para utilizarlo\u00a0en la producci\u00f3n de etanol,  lo que ha disparado los precios internacionales del cereal. <br \/>&#13;<br \/>\n<br \/>&#13;<br \/>\nEn la reuni\u00f3n participaron Vinicio Mella y Enrique  Rodr\u00edguez, presidente y secretario general de Molinos del Ozama; Rub\u00e9n Reynoso,  presidente de Molinos del Valle; Jos\u00e9 Luis Perozo, gerente general de C\u00e9sar  Iglesias; Eduardo Ant\u00fan, presidente de Molinos del Higuamo; y Rafael S\u00e1nchez,  Francisco Rosales y H\u00e9ctor Delgado, ejecutivos de Molinos de Manoguayabo. <br \/>&#13;<br \/>\n<br \/>&#13;<br \/>\nTambi\u00e9n estuvieron presentes el secretario  Administrativo de la   Presidencia, Luis Manuel Bonetti, y el secretario de Estado  de Industria y Comercio, Melanio Paredes.<\/p>\n<p>&#13;<\/p>\n<h6> 2007-10-18 02:32:20 <\/h6>\n<p><!--\n<link rel=\"stylesheet\" href=\"css\/bootstrap.min.css\">\n\n\n<ul class=\"pagination\">\n\t    \n\t\n\n<li >\n\t<a href='?page_no=28526'>Previous<\/a>\n\t<\/li>\n\n\n       \n    \n\n<li><a href='?page_no=1'>1<\/a><\/li>\n\n\n\n<li><a href='?page_no=2'>2<\/a><\/li>\n\n\n\n<li><a>...<\/a><\/li>\n\n\n\n<li><a href='?page_no=28525'>28525<\/a><\/li>\n\n\n\n<li><a href='?page_no=28526'>28526<\/a><\/li>\n\n\n\n<li class='active'><a>28527<\/a><\/li>\n\n\n\n<li><a href='?page_no=28528'>28528<\/a><\/li>\n\n\n\n<li><a href='?page_no=28529'>28529<\/a><\/li>\n\n\n\n<li><a>...<\/a><\/li>\n\n\n\n<li><a href='?page_no=30472'>30472<\/a><\/li>\n\n\n\n<li><a href='?page_no=30473'>30473<\/a><\/li>\n\n    \n\t\n\n<li >\n\t<a href='?page_no=28528'>Next<\/a>\n\t<\/li>\n\n\n    \n\n<li><a href='?page_no=30473'>Last &rsaquo;&rsaquo;<\/a><\/li>\n\n<\/ul>\n\n\n--><br \/>\n<\/body><\/p>\n","protected":false},"excerpt":{"rendered":"<p>Presidente Fern\u00e1ndez se re\u00fane con empresarios industria de la harina de trigo &#13; En el encuentro se\u00a0trataron mecanismos a implementar en el futuro inmediato para hacer frente a la situaci\u00f3n, debido a la fluctuaci\u00f3n de la cotizaci\u00f3n internacional del trigo. &#13; SANTO DOMINGO.- El presidente \u00a0Leonel Fern\u00e1ndez se reuni\u00f3 \u00a0con empresarios industriales de trigo de [&hellip;]<\/p>\n","protected":false},"author":3,"featured_media":0,"comment_status":"open","ping_status":"open","sticky":false,"template":"","format":"standard","meta":{"footnotes":""},"categories":[18],"tags":[],"class_list":["post-122647","post","type-post","status-publish","format-standard","hentry","category-economia"],"_links":{"self":[{"href":"https:\/\/diariodominicano.com\/index.php?rest_route=\/wp\/v2\/posts\/122647","targetHints":{"allow":["GET"]}}],"collection":[{"href":"https:\/\/diariodominicano.com\/index.php?rest_route=\/wp\/v2\/posts"}],"about":[{"href":"https:\/\/diariodominicano.com\/index.php?rest_route=\/wp\/v2\/types\/post"}],"author":[{"embeddable":true,"href":"https:\/\/diariodominicano.com\/index.php?rest_route=\/wp\/v2\/users\/3"}],"replies":[{"embeddable":true,"href":"https:\/\/diariodominicano.com\/index.php?rest_route=%2Fwp%2Fv2%2Fcomments&post=122647"}],"version-history":[{"count":0,"href":"https:\/\/diariodominicano.com\/index.php?rest_route=\/wp\/v2\/posts\/122647\/revisions"}],"wp:attachment":[{"href":"https:\/\/diariodominicano.com\/index.php?rest_route=%2Fwp%2Fv2%2Fmedia&parent=122647"}],"wp:term":[{"taxonomy":"category","embeddable":true,"href":"https:\/\/diariodominicano.com\/index.php?rest_route=%2Fwp%2Fv2%2Fcategories&post=122647"},{"taxonomy":"post_tag","embeddable":true,"href":"https:\/\/diariodominicano.com\/index.php?rest_route=%2Fwp%2Fv2%2Ftags&post=122647"}],"curies":[{"name":"wp","href":"https:\/\/api.w.org\/{rel}","templated":true}]}}