{"id":122645,"date":"2007-10-18T14:11:08","date_gmt":"2007-10-18T14:11:08","guid":{"rendered":"http:\/\/diariodominicano.ddns.net\/?p=122645"},"modified":"2007-10-18T14:11:08","modified_gmt":"2007-10-18T14:11:08","slug":"presidente-fernandez-se-reune-viernes-para-analizar-plan-nacional-de-ahorro-y-eficiencia-energetica","status":"publish","type":"post","link":"https:\/\/diariodominicano.com\/?p=122645","title":{"rendered":"Presidente Fern\u00e1ndez se re\u00fane viernes, para analizar Plan Nacional de Ahorro y Eficiencia Energ\u00e9tica"},"content":{"rendered":"<p><body><\/p>\n<p align=\"justify\" class=\"titulogrande1\">Presidente Fern\u00e1ndez se re\u00fane viernes,  para analizar Plan Nacional de Ahorro y Eficiencia Energ\u00e9tica<\/p>\n<p>&#13;<\/p>\n<p align=\"justify\" class=\"text1noticias\"><strong>Santo  Domingo.-<\/strong> La Comisi\u00f3n   Nacional de Energ\u00eda y la Secretar\u00eda de Estado de  Industria y Comercio (SEIC) har\u00e1n una presentaci\u00f3n formal al Presidente de la Rep\u00fablica,\u00a0Leonel  Fern\u00e1ndez, de las medidas que contempla el Plan Nacional de Ahorro y  eficiencia\u00a0Energ\u00e9tica para conjurar las consecuencias de los altos precios  del petr\u00f3leo en los mercados internacionales.<br \/>&#13;<br \/>\n  <br \/>&#13;<br \/>\n  Los  secretarios de Estado,\u00a0Melanio Paredes y Ar\u00edstides Fern\u00e1ndez Zucco,  informaron mediante un comunicado que el encuentro con el mandatario est\u00e1  pautado para las once de la ma\u00f1ana de este viernes 19 en el Palacio Nacional.<br \/>&#13;<br \/>\n  <br \/>&#13;<br \/>\n  En  el encuentro participar\u00e1n los miembros titulares del Directorio Nacional de la CNE, el cual est\u00e1 integrado  por el licenciado Paredes que lo preside; el secretario de Econom\u00eda,  Planificaci\u00f3n y Desarrollo, Juan Tem\u00edstocles Mont\u00e1s Dom\u00ednguez; el secretario de  Hacienda, licenciado Vicente Bengoa Albizu; el secretario de Agricultura, Ingeniero  Agr\u00f3nomo Salvador Jim\u00e9nez; el Secretario de Medio Ambiente y Recursos  Naturales, licenciado Omar Ram\u00edrez, y el director del Instituto Dominicano de  las Telecomunicaciones,\u00a0 doctor Jos\u00e9 Rafael Vargas. <br \/>&#13;<br \/>\n  <br \/>&#13;<br \/>\n  El  Plan Nacional de Ahorro y eficiencia Energ\u00e9tica concentra un paquete de  acciones para fomentar el ahorro en el consumo de combustibles y energ\u00eda, as\u00ed  como campa\u00f1as de concienciaci\u00f3n que procuran alertar\u00a0 a la ciudadan\u00eda  sobre los efectos directos de los altos precios del crudo en la econom\u00eda nacional  y familiar.<br \/>&#13;<br \/>\n  <br \/>&#13;<br \/>\n  Las  medidas fueron en principio consensuadas por t\u00e9cnicos y expertos de varias  dependencias oficiales y luego de ser conocidas y ponderadas por el Presidente  Fern\u00e1ndez, ser\u00e1n sometidas a la consideraci\u00f3n de los diferentes sectores del  pa\u00eds. <br \/>&#13;<br \/>\n  <br \/>&#13;<br \/>\n  \u201cEl  plan deber\u00e1 ser consensuado con los diferentes sectores ya que las respuestas  al problema tienen que contar con el apoyo y el compromiso mayoritario de la  poblaci\u00f3n\u201d, dijeron seg\u00fan un reporte remitido por la Direcci\u00f3n de  Comunicaciones de la SEIC. <br \/>&#13;<br \/>\n  <br \/>&#13;<br \/>\n  Los  aumentos de las \u00faltimas semanas han disparado el subsidio que otorga el  gobierno a la electricidad, que ya super\u00f3 los 1,500 millones de pesos, mientras  que el GLP que mueve parte de las industrias, el transporte y que es de uso  masivo en los hogares \u201cest\u00e1 demandando cada vez m\u00e1s y pulverizando el subsidio  que con grandes sacrificios asume el gobierno\u201d.<br \/>&#13;<br \/>\n  <br \/>&#13;<br \/>\n  En  su declaraci\u00f3n conjunta, los secretarios de Industria y Comercio, Melanio  Paredes, y el presidente\u00a0 de la Comisi\u00f3n <br \/>&#13;<br \/>\n  <br \/>&#13;<br \/>\n  Nacional  de Energ\u00eda, licenciado Ar\u00edstides Fern\u00e1ndez Zucco, informaron que las medidas  encierran respuestas al momento coyuntural pero que, al propio tiempo, abarcan  acciones de car\u00e1cter estructural que se mantendr\u00e1n a trav\u00e9s del tiempo. <br \/>&#13;<br \/>\n  <br \/>&#13;<br \/>\n  \u201cSe  trata de un plan diverso y complejo que no repetir\u00e1 experiencias negativas del  pasado, sino que se traducir\u00e1 en pol\u00edticas coherentes y sostenidas que  permitir\u00e1n al pa\u00eds tener un instrumento eficaz para hacer menos dram\u00e1ticos los  efectos generados por los altos precios y la escasez del petr\u00f3leo\u201d, afirmaron  seg\u00fan la nota informativa.<br \/>&#13;<br \/>\n  <br \/>&#13;<br \/>\n  En  el encuentro con el Presidente de la Rep\u00fablica tambi\u00e9n participar\u00e1n los gerentes de la Comisi\u00f3n Nacional  de Energ\u00eda ing. Romeo Llin\u00e1s de hidrocarburos; Lucas Vicens de Planificaci\u00f3n,  Miguel Balaguer gerente de la regional Norte con asiento en Santiago y Marcos  Tav\u00e9ras, asesor t\u00e9cnico de la instituci\u00f3n.<\/p>\n<p>&#13;<\/p>\n<h6> 2007-10-18 14:11:08 <\/h6>\n<p><!--\n<link rel=\"stylesheet\" href=\"css\/bootstrap.min.css\">\n\n\n<ul class=\"pagination\">\n\t    \n\t\n\n<li >\n\t<a href='?page_no=28524'>Previous<\/a>\n\t<\/li>\n\n\n       \n    \n\n<li><a href='?page_no=1'>1<\/a><\/li>\n\n\n\n<li><a href='?page_no=2'>2<\/a><\/li>\n\n\n\n<li><a>...<\/a><\/li>\n\n\n\n<li><a href='?page_no=28523'>28523<\/a><\/li>\n\n\n\n<li><a href='?page_no=28524'>28524<\/a><\/li>\n\n\n\n<li class='active'><a>28525<\/a><\/li>\n\n\n\n<li><a href='?page_no=28526'>28526<\/a><\/li>\n\n\n\n<li><a href='?page_no=28527'>28527<\/a><\/li>\n\n\n\n<li><a>...<\/a><\/li>\n\n\n\n<li><a href='?page_no=30472'>30472<\/a><\/li>\n\n\n\n<li><a href='?page_no=30473'>30473<\/a><\/li>\n\n    \n\t\n\n<li >\n\t<a href='?page_no=28526'>Next<\/a>\n\t<\/li>\n\n\n    \n\n<li><a href='?page_no=30473'>Last &rsaquo;&rsaquo;<\/a><\/li>\n\n<\/ul>\n\n\n--><br \/>\n<\/body><\/p>\n","protected":false},"excerpt":{"rendered":"<p>Presidente Fern\u00e1ndez se re\u00fane viernes, para analizar Plan Nacional de Ahorro y Eficiencia Energ\u00e9tica &#13; Santo Domingo.- La Comisi\u00f3n Nacional de Energ\u00eda y la Secretar\u00eda de Estado de Industria y Comercio (SEIC) har\u00e1n una presentaci\u00f3n formal al Presidente de la Rep\u00fablica,\u00a0Leonel Fern\u00e1ndez, de las medidas que contempla el Plan Nacional de Ahorro y eficiencia\u00a0Energ\u00e9tica para [&hellip;]<\/p>\n","protected":false},"author":3,"featured_media":0,"comment_status":"open","ping_status":"open","sticky":false,"template":"","format":"standard","meta":{"footnotes":""},"categories":[18],"tags":[],"class_list":["post-122645","post","type-post","status-publish","format-standard","hentry","category-economia"],"_links":{"self":[{"href":"https:\/\/diariodominicano.com\/index.php?rest_route=\/wp\/v2\/posts\/122645","targetHints":{"allow":["GET"]}}],"collection":[{"href":"https:\/\/diariodominicano.com\/index.php?rest_route=\/wp\/v2\/posts"}],"about":[{"href":"https:\/\/diariodominicano.com\/index.php?rest_route=\/wp\/v2\/types\/post"}],"author":[{"embeddable":true,"href":"https:\/\/diariodominicano.com\/index.php?rest_route=\/wp\/v2\/users\/3"}],"replies":[{"embeddable":true,"href":"https:\/\/diariodominicano.com\/index.php?rest_route=%2Fwp%2Fv2%2Fcomments&post=122645"}],"version-history":[{"count":0,"href":"https:\/\/diariodominicano.com\/index.php?rest_route=\/wp\/v2\/posts\/122645\/revisions"}],"wp:attachment":[{"href":"https:\/\/diariodominicano.com\/index.php?rest_route=%2Fwp%2Fv2%2Fmedia&parent=122645"}],"wp:term":[{"taxonomy":"category","embeddable":true,"href":"https:\/\/diariodominicano.com\/index.php?rest_route=%2Fwp%2Fv2%2Fcategories&post=122645"},{"taxonomy":"post_tag","embeddable":true,"href":"https:\/\/diariodominicano.com\/index.php?rest_route=%2Fwp%2Fv2%2Ftags&post=122645"}],"curies":[{"name":"wp","href":"https:\/\/api.w.org\/{rel}","templated":true}]}}