{"id":122643,"date":"2007-10-18T14:18:04","date_gmt":"2007-10-18T14:18:04","guid":{"rendered":"http:\/\/diariodominicano.ddns.net\/?p=122643"},"modified":"2007-10-18T14:18:04","modified_gmt":"2007-10-18T14:18:04","slug":"subsidio-a-sector-electrico-supera-los-us600-millones","status":"publish","type":"post","link":"https:\/\/diariodominicano.com\/?p=122643","title":{"rendered":"Subsidio a sector el\u00e9ctrico supera los US$600 millones"},"content":{"rendered":"<p><body><\/p>\n<p class=\"titulogrande1\">Subsidio  a sector el\u00e9ctrico supera los US$600 millones<\/p>\n<p>&#13;<\/p>\n<p align=\"justify\" class=\"text1noticias\"><strong>SANTO DOMINGO.-<\/strong> El secretario de Econom\u00eda  Planificaci\u00f3n y Desarrollo, ingeniero Tem\u00edstocles Mont\u00e1s, afirm\u00f3 el mi\u00e9rcoles \u00a0que el subsidio al sector el\u00e9ctrico aumentar\u00e1  en el presente a\u00f1o a m\u00e1s de\u00a0 600 millones de d\u00f3lares, aunque lo  presupuestado fueron 400 millones de d\u00f3lares.<br \/>&#13;<br \/>\n  <br \/>&#13;<br \/>\n  Al responder a preguntas que se le  hicieron luego de su comparecencia al Almuerzo mensual de la C\u00e1mara Americana  de Comercio, con tema \u201cRep\u00fablica Dominicana: la construcci\u00f3n de un pa\u00eds  pr\u00f3spero, equitativo y gobernable\u201d, el ingeniero Mont\u00e1s afirm\u00f3 que el gobierno  est\u00e1 trabajando en pol\u00edticas claras para resolver de manera definitiva ese  problema, que dijo tiene su origen en el hecho de que el sector el\u00e9ctrico no  cobra parte de la energ\u00eda que sirve a los usuarios.<br \/>&#13;<br \/>\n  <br \/>&#13;<br \/>\n  El ingeniero Mont\u00e1s tambi\u00e9n advirti\u00f3 que  lo peor que se pudiera hacer en estos momentos, ante el alza de los precios  internacionales del petr\u00f3leo, es variar los impuestos que se cobran a trav\u00e9s de  la Ley de  Hidrocarburos.<br \/>&#13;<br \/>\n  <br \/>&#13;<br \/>\n  Afirm\u00f3 que \u201c tronchar\u201d\u00a0 la  aplicaci\u00f3n de esa ley ser\u00eda grave para la estabilidad econ\u00f3mica del pa\u00eds.<br \/>&#13;<br \/>\n  <br \/>&#13;<br \/>\n  Dijo que ya los dominicanos se han  acostumbrado a las variaciones de precios en los combustibles, dependiendo del  comportamiento de los precios internacionales del petr\u00f3leo.<br \/>&#13;<br \/>\n  <br \/>&#13;<br \/>\n  En el marco de su conferencia, plante\u00f3  la necesidad de\u00a0 la brecha del ingreso, la brecha de la distribuci\u00f3n del  ingreso y la brecha de la institucionalidad que separa a la Rep\u00fablica Dominicana  y a la mayor\u00eda de los pa\u00edses latinoamericanos de los pa\u00edses desarrollados.<br \/>&#13;<br \/>\n  <br \/>&#13;<br \/>\n  En cuanto a la brecha de ingresos,  se\u00f1al\u00f3 que en el periodo que viene de 1950 a 2003, la\u00a0 Rep\u00fablica Dominicana  apenas logr\u00f3 reducir en 2 puntos porcentuales la diferencia con el PIB per  c\u00e1pita de los Estados Unidos. <br \/>&#13;<br \/>\n  <br \/>&#13;<br \/>\n  Respecto a la brecha de la distribuci\u00f3n  del ingreso,\u00a0 dijo\u00a0 que particularmente en Argentina, la desigualdad  en la distribuci\u00f3n del ingreso supera a la de los Estados Unidos en 29%; en  Brasil, en 42%; en Colombia en 44%; en Chile en 40%; en M\u00e9xico en 21% y; en  Rep\u00fablica Dominicana en 27%.<br \/>&#13;<br \/>\n  <br \/>&#13;<br \/>\n  Respecto a la tercera brecha, que tiene  que ver con la institucionalidad,\u00a0 dijo que seg\u00fan el indicador de Estado  de derecho que anualmente da a conocer el Banco Mundial,\u00a0\u00a0 la Rep\u00fablica Dominicana,  si bien presenta un comportamiento superior a la media latinoamericana, est\u00e1  muy lejos del comportamiento de los pa\u00edses desarrollados.<br \/>&#13;<br \/>\n  <br \/>&#13;<br \/>\n  Plante\u00f3 la importancia de que el pa\u00eds  avance en el desarrollo de reformas y pol\u00edticas que sean c\u00f3nsonas con el  crecimiento econ\u00f3mico al mismo tiempo que crear mecanismos razonables de  distribuci\u00f3n que no afecten la competitividad bajo la orientaci\u00f3n de que una  mejor equidad garantiza el futuro crecimiento, la prosperidad y la  gobernabilidad<br \/>&#13;<br \/>\n  <br \/>&#13;<br \/>\n  Tambi\u00e9n plante\u00f3\u00a0 la importancia de  la seguridad jur\u00eddica como un factor determinante de un proceso de desarrollo  convergente de la econom\u00eda. <br \/>&#13;<br \/>\n  <br \/>&#13;<br \/>\n  Consider\u00f3 crucial para que el pa\u00eds  reduzca la brecha de ingresos, a pasar de la categor\u00eda 3, de ingreso p\u00e9rcapita  equivalente a entre 2,000 y 3,000 d\u00f3lares al a\u00f1o, \u00a0a la categor\u00eda 5, que  implica colocarnos en un nivel de ingreso per c\u00e1pita de m\u00e1s de US$17,000.<br \/>&#13;<br \/>\n  <br \/>&#13;<br \/>\n  Indic\u00f3 que asumiendo un crecimiento  poblacional de 1.5% anual, si la econom\u00eda dominicana creciera a una tasa  promedio anual de 3% en los pr\u00f3ximos a\u00f1os, llegar a US$17,000 nos tomar\u00eda m\u00e1s  de 100 a\u00f1os.<br \/>&#13;<br \/>\n  <br \/>&#13;<br \/>\n  \u201dSi creci\u00e9ramos a una tasa promedio  anual de 5.1% durante los pr\u00f3ximos a\u00f1os, que es el crecimiento tendencial de la  econom\u00eda dominicana desde 1950, llegar a US$17,000 nos tomar\u00eda 40 a\u00f1os\u201d,  agreg\u00f3.<br \/>&#13;<br \/>\n  <br \/>&#13;<br \/>\n  En cambio, indic\u00f3 que \u201csi creci\u00e9ramos a  una tasa promedio anual de 7% durante los pr\u00f3ximos a\u00f1os, llegar a US$17,000 nos  tomar\u00eda 25 a\u00f1os.<br \/>&#13;<br \/>\n  <br \/>&#13;<br \/>\n  \u201cVisto esos escenarios, se puede  entender el porqu\u00e9 es importante que la econom\u00eda crezca de manera acelerada y  en forma sostenible\u201d, expres\u00f3.<br \/>&#13;<br \/>\n  <br \/>&#13;<br \/>\n  Hoy<\/p>\n<p>&#13;<\/p>\n<h6> 2007-10-18 14:18:04 <\/h6>\n<p><!--\n<link rel=\"stylesheet\" href=\"css\/bootstrap.min.css\">\n\n\n<ul class=\"pagination\">\n\t    \n\t\n\n<li >\n\t<a href='?page_no=28522'>Previous<\/a>\n\t<\/li>\n\n\n       \n    \n\n<li><a href='?page_no=1'>1<\/a><\/li>\n\n\n\n<li><a href='?page_no=2'>2<\/a><\/li>\n\n\n\n<li><a>...<\/a><\/li>\n\n\n\n<li><a href='?page_no=28521'>28521<\/a><\/li>\n\n\n\n<li><a href='?page_no=28522'>28522<\/a><\/li>\n\n\n\n<li class='active'><a>28523<\/a><\/li>\n\n\n\n<li><a href='?page_no=28524'>28524<\/a><\/li>\n\n\n\n<li><a href='?page_no=28525'>28525<\/a><\/li>\n\n\n\n<li><a>...<\/a><\/li>\n\n\n\n<li><a href='?page_no=30472'>30472<\/a><\/li>\n\n\n\n<li><a href='?page_no=30473'>30473<\/a><\/li>\n\n    \n\t\n\n<li >\n\t<a href='?page_no=28524'>Next<\/a>\n\t<\/li>\n\n\n    \n\n<li><a href='?page_no=30473'>Last &rsaquo;&rsaquo;<\/a><\/li>\n\n<\/ul>\n\n\n--><br \/>\n<\/body><\/p>\n","protected":false},"excerpt":{"rendered":"<p>Subsidio a sector el\u00e9ctrico supera los US$600 millones &#13; SANTO DOMINGO.- El secretario de Econom\u00eda Planificaci\u00f3n y Desarrollo, ingeniero Tem\u00edstocles Mont\u00e1s, afirm\u00f3 el mi\u00e9rcoles \u00a0que el subsidio al sector el\u00e9ctrico aumentar\u00e1 en el presente a\u00f1o a m\u00e1s de\u00a0 600 millones de d\u00f3lares, aunque lo presupuestado fueron 400 millones de d\u00f3lares.&#13; &#13; Al responder a preguntas [&hellip;]<\/p>\n","protected":false},"author":3,"featured_media":0,"comment_status":"open","ping_status":"open","sticky":false,"template":"","format":"standard","meta":{"footnotes":""},"categories":[18],"tags":[],"class_list":["post-122643","post","type-post","status-publish","format-standard","hentry","category-economia"],"_links":{"self":[{"href":"https:\/\/diariodominicano.com\/index.php?rest_route=\/wp\/v2\/posts\/122643","targetHints":{"allow":["GET"]}}],"collection":[{"href":"https:\/\/diariodominicano.com\/index.php?rest_route=\/wp\/v2\/posts"}],"about":[{"href":"https:\/\/diariodominicano.com\/index.php?rest_route=\/wp\/v2\/types\/post"}],"author":[{"embeddable":true,"href":"https:\/\/diariodominicano.com\/index.php?rest_route=\/wp\/v2\/users\/3"}],"replies":[{"embeddable":true,"href":"https:\/\/diariodominicano.com\/index.php?rest_route=%2Fwp%2Fv2%2Fcomments&post=122643"}],"version-history":[{"count":0,"href":"https:\/\/diariodominicano.com\/index.php?rest_route=\/wp\/v2\/posts\/122643\/revisions"}],"wp:attachment":[{"href":"https:\/\/diariodominicano.com\/index.php?rest_route=%2Fwp%2Fv2%2Fmedia&parent=122643"}],"wp:term":[{"taxonomy":"category","embeddable":true,"href":"https:\/\/diariodominicano.com\/index.php?rest_route=%2Fwp%2Fv2%2Fcategories&post=122643"},{"taxonomy":"post_tag","embeddable":true,"href":"https:\/\/diariodominicano.com\/index.php?rest_route=%2Fwp%2Fv2%2Ftags&post=122643"}],"curies":[{"name":"wp","href":"https:\/\/api.w.org\/{rel}","templated":true}]}}