{"id":122642,"date":"2007-10-18T14:20:20","date_gmt":"2007-10-18T14:20:20","guid":{"rendered":"http:\/\/diariodominicano.ddns.net\/?p=122642"},"modified":"2007-10-18T14:20:20","modified_gmt":"2007-10-18T14:20:20","slug":"banamex-se-queda-con-aeromexico-por-casi-250-millones-de-euros","status":"publish","type":"post","link":"https:\/\/diariodominicano.com\/?p=122642","title":{"rendered":"Banamex se queda con Aerom\u00e9xico por casi 250 millones de euros"},"content":{"rendered":"<p><body><\/p>\n<p align=\"justify\"><strong class=\"titulogrande1\">Banamex se  queda con Aerom\u00e9xico por casi 250 millones de euros<\/strong><br \/>&#13;<br \/>\n  <br \/>&#13;<br \/>\n    <span class=\"text1noticias\">La entidad, propiedad  de la estadounidense Citigroup, compr\u00f3 la endeudada Consorcio Aerom\u00e9xico, que  controla a la mayor aerol\u00ednea de M\u00e9xico <\/span><\/p>\n<p>&#13;<\/p>\n<p align=\"justify\" class=\"text1noticias\"><strong>MEXICO.- <\/strong>El  Gobierno de M\u00e9xico acept\u00f3 la noche\u00a0 del  mi\u00e9rcoles,\u00a0 la oferta de 246 millones de  d\u00f3lares hecha por el banco Banamex y 14 empresarios mexicanos por la compa\u00f1\u00eda  a\u00e9rea nacional Aerom\u00e9xico, despu\u00e9s de desechar la propuesta del otro pujante  autorizado, la familia Saba, seg\u00fan comunicaron fuentes oficiales.<br \/>&#13;<br \/>\n  <br \/>&#13;<br \/>\n  En un comunicado, el gubernamental Instituto para la Protecci\u00f3n al Ahorro  Bancario (IPAB), que maneja el 62 por ciento de las acciones de Aerom\u00e9xico,  anunci\u00f3 la decisi\u00f3n, que pone fin a una re\u00f1ida puja que comenz\u00f3 el 22 de agosto  y que se recrudeci\u00f3 en los \u00faltimos d\u00edas.<br \/>&#13;<br \/>\n  <br \/>&#13;<br \/>\n  El IPAB explic\u00f3 que la propuesta de Banamex, propiedad de la  entidad financiera estadounidense Citigroup, \u00abrepresent\u00f3 el precio por  acci\u00f3n m\u00e1s alto de los oferentes\u00bb y fue realizada dentro del plazo  establecido.<br \/>&#13;<br \/>\n  <br \/>&#13;<br \/>\n  <strong>EFE<\/strong> &#8211; M\u00e9xico &#8211; 18\/10\/2007 <\/p>\n<p>&#13;<\/p>\n<h6> 2007-10-18 14:20:20 <\/h6>\n<p><!--\n<link rel=\"stylesheet\" href=\"css\/bootstrap.min.css\">\n\n\n<ul class=\"pagination\">\n\t    \n\t\n\n<li >\n\t<a href='?page_no=28521'>Previous<\/a>\n\t<\/li>\n\n\n       \n    \n\n<li><a href='?page_no=1'>1<\/a><\/li>\n\n\n\n<li><a href='?page_no=2'>2<\/a><\/li>\n\n\n\n<li><a>...<\/a><\/li>\n\n\n\n<li><a href='?page_no=28520'>28520<\/a><\/li>\n\n\n\n<li><a href='?page_no=28521'>28521<\/a><\/li>\n\n\n\n<li class='active'><a>28522<\/a><\/li>\n\n\n\n<li><a href='?page_no=28523'>28523<\/a><\/li>\n\n\n\n<li><a href='?page_no=28524'>28524<\/a><\/li>\n\n\n\n<li><a>...<\/a><\/li>\n\n\n\n<li><a href='?page_no=30472'>30472<\/a><\/li>\n\n\n\n<li><a href='?page_no=30473'>30473<\/a><\/li>\n\n    \n\t\n\n<li >\n\t<a href='?page_no=28523'>Next<\/a>\n\t<\/li>\n\n\n    \n\n<li><a href='?page_no=30473'>Last &rsaquo;&rsaquo;<\/a><\/li>\n\n<\/ul>\n\n\n--><br \/>\n<\/body><\/p>\n","protected":false},"excerpt":{"rendered":"<p>Banamex se queda con Aerom\u00e9xico por casi 250 millones de euros&#13; &#13; La entidad, propiedad de la estadounidense Citigroup, compr\u00f3 la endeudada Consorcio Aerom\u00e9xico, que controla a la mayor aerol\u00ednea de M\u00e9xico &#13; MEXICO.- El Gobierno de M\u00e9xico acept\u00f3 la noche\u00a0 del mi\u00e9rcoles,\u00a0 la oferta de 246 millones de d\u00f3lares hecha por el banco Banamex [&hellip;]<\/p>\n","protected":false},"author":3,"featured_media":0,"comment_status":"open","ping_status":"open","sticky":false,"template":"","format":"standard","meta":{"footnotes":""},"categories":[18],"tags":[],"class_list":["post-122642","post","type-post","status-publish","format-standard","hentry","category-economia"],"_links":{"self":[{"href":"https:\/\/diariodominicano.com\/index.php?rest_route=\/wp\/v2\/posts\/122642","targetHints":{"allow":["GET"]}}],"collection":[{"href":"https:\/\/diariodominicano.com\/index.php?rest_route=\/wp\/v2\/posts"}],"about":[{"href":"https:\/\/diariodominicano.com\/index.php?rest_route=\/wp\/v2\/types\/post"}],"author":[{"embeddable":true,"href":"https:\/\/diariodominicano.com\/index.php?rest_route=\/wp\/v2\/users\/3"}],"replies":[{"embeddable":true,"href":"https:\/\/diariodominicano.com\/index.php?rest_route=%2Fwp%2Fv2%2Fcomments&post=122642"}],"version-history":[{"count":0,"href":"https:\/\/diariodominicano.com\/index.php?rest_route=\/wp\/v2\/posts\/122642\/revisions"}],"wp:attachment":[{"href":"https:\/\/diariodominicano.com\/index.php?rest_route=%2Fwp%2Fv2%2Fmedia&parent=122642"}],"wp:term":[{"taxonomy":"category","embeddable":true,"href":"https:\/\/diariodominicano.com\/index.php?rest_route=%2Fwp%2Fv2%2Fcategories&post=122642"},{"taxonomy":"post_tag","embeddable":true,"href":"https:\/\/diariodominicano.com\/index.php?rest_route=%2Fwp%2Fv2%2Ftags&post=122642"}],"curies":[{"name":"wp","href":"https:\/\/api.w.org\/{rel}","templated":true}]}}