{"id":122638,"date":"2007-10-18T14:44:44","date_gmt":"2007-10-18T14:44:44","guid":{"rendered":"http:\/\/diariodominicano.ddns.net\/?p=122638"},"modified":"2007-10-18T14:44:44","modified_gmt":"2007-10-18T14:44:44","slug":"tricom-firma-acuerdo-para-operar-con-el-nap-del-caribe","status":"publish","type":"post","link":"https:\/\/diariodominicano.com\/?p=122638","title":{"rendered":"Tricom firma acuerdo para operar con el Nap del Caribe"},"content":{"rendered":"<p><body><\/p>\n<p class=\"titulogrande1\">Tricom firma  acuerdo para operar con el Nap del Caribe<\/p>\n<p>&#13;<\/p>\n<p align=\"justify\" class=\"text1noticias\"><strong><img loading=\"lazy\" decoding=\"async\" src=\"http:\/\/localhost:8080\/economia\/pictures\/tricom.jpg\" width=\"269\" height=\"144\" hspace=\"4\" align=\"left\" \/>SANTO DOMINGO.-<\/strong> La empresa dominicana Tricom y  ejecutivos de Terramark\u00a0 firmaron un  acuerdo mediante el cual, Tricom se convierte en\u00a0 el primer operador dominicano en \u00a0utilizar las facilidades del\u00a0 NAP del Caribe.\u00a0 La firma de este acuerdo estuvo encabezado  por el se\u00f1ores Alvaro Nadal Presidente del Nap del Caribe y Julio Germ\u00e1n,  Vicepresidente Ingenier\u00eda &amp; Operaciones de Tricom.<\/p>\n<p>&#13;<\/p>\n<p align=\"justify\" class=\"text1noticias\">&#13;<br \/>\nEl NAP del Caribe es un  centro de fomento inform\u00e1tico de alto nivel de seguridad, confiabilidad y  conectividad, dise\u00f1ado para almacenar soluciones de negocios, utilizando las  mas avanzadas infraestructura de telecomunicaciones. <\/p>\n<p>&#13;<\/p>\n<p align=\"justify\" class=\"text1noticias\">Con este acuerdo TRICOM extender\u00e1 sus redes mediante un enlace de  fibra \u00f3ptica soterrado y protegido hasta las facilidades del NAP del Caribe  situado en el Parque Cibern\u00e9tico en La Caleta, Boca Chica. El monto de  inversi\u00f3n que\u00a0 realizar\u00e1 Tricom supera  US$1.5 millones de d\u00f3lares y dichas facilidades permitir\u00e1n a todos las empresas  dominicanas poder acceder a las facilidades de NAP del Caribe de manera mucho  m\u00e1s f\u00e1cil y segura. <\/p>\n<p>&#13;<\/p>\n<p align=\"justify\" class=\"text1noticias\">Tricom \u00a0ha de ser el  operador por excelencia que servir\u00e1 de veh\u00edculo para que las empresas,  proveedores de servicio puedan acceder de una manera segura a todas las  ventajas y beneficios que aporta el NAP del Caribe al pa\u00eds. <\/p>\n<p>&#13;<\/p>\n<p align=\"justify\" class=\"text1noticias\">La infraestructura del NAP proveer\u00e1  \u00a0un centro dise\u00f1ado y construido  exclusivamente para albergar centro de datos confiables, localizaci\u00f3n estrat\u00e9gica  entre Am\u00e9rica Latina, Estado Unidos y Europa y estar\u00e1 conectado a otros NAP  desarrollados por Terramark en Sillicon Valley, Hernd\u00f3n, Brasil y Espa\u00f1a.  Permitir\u00e1 servicios de conectividad e intercambio de data por diferentes tipos  de servicios de telecomunicaciones y contara con monitoreo \u00a0los 7 d\u00edas de  la semana, 365 dias al a\u00f1o.<\/p>\n<p>&#13;<\/p>\n<p align=\"justify\" class=\"text1noticias\">El acto de  acuerdo tuvo lugar en las instalaciones de Tricom y conto adem\u00e1s con la  presencia del se\u00f1or Guillermo Amore, Miembro Junta Directiva Terremark y Waleska Alvarez, Gerente de Terremark Rep\u00fablica \u00a0Dominicana y de Tricom los se\u00f1ores Julio Germ\u00e1n, Teudis Quezada, Ryan Larrauri y Liza Arzeno. <\/p>\n<p>&#13;<\/p>\n<h6> 2007-10-18 14:44:44 <\/h6>\n<p><!--\n<link rel=\"stylesheet\" href=\"css\/bootstrap.min.css\">\n\n\n<ul class=\"pagination\">\n\t    \n\t\n\n<li >\n\t<a href='?page_no=28517'>Previous<\/a>\n\t<\/li>\n\n\n       \n    \n\n<li><a href='?page_no=1'>1<\/a><\/li>\n\n\n\n<li><a href='?page_no=2'>2<\/a><\/li>\n\n\n\n<li><a>...<\/a><\/li>\n\n\n\n<li><a href='?page_no=28516'>28516<\/a><\/li>\n\n\n\n<li><a href='?page_no=28517'>28517<\/a><\/li>\n\n\n\n<li class='active'><a>28518<\/a><\/li>\n\n\n\n<li><a href='?page_no=28519'>28519<\/a><\/li>\n\n\n\n<li><a href='?page_no=28520'>28520<\/a><\/li>\n\n\n\n<li><a>...<\/a><\/li>\n\n\n\n<li><a href='?page_no=30472'>30472<\/a><\/li>\n\n\n\n<li><a href='?page_no=30473'>30473<\/a><\/li>\n\n    \n\t\n\n<li >\n\t<a href='?page_no=28519'>Next<\/a>\n\t<\/li>\n\n\n    \n\n<li><a href='?page_no=30473'>Last &rsaquo;&rsaquo;<\/a><\/li>\n\n<\/ul>\n\n\n--><br \/>\n<\/body><\/p>\n","protected":false},"excerpt":{"rendered":"<p>Tricom firma acuerdo para operar con el Nap del Caribe &#13; SANTO DOMINGO.- La empresa dominicana Tricom y ejecutivos de Terramark\u00a0 firmaron un acuerdo mediante el cual, Tricom se convierte en\u00a0 el primer operador dominicano en \u00a0utilizar las facilidades del\u00a0 NAP del Caribe.\u00a0 La firma de este acuerdo estuvo encabezado por el se\u00f1ores Alvaro Nadal [&hellip;]<\/p>\n","protected":false},"author":3,"featured_media":0,"comment_status":"open","ping_status":"open","sticky":false,"template":"","format":"standard","meta":{"footnotes":""},"categories":[18],"tags":[],"class_list":["post-122638","post","type-post","status-publish","format-standard","hentry","category-economia"],"_links":{"self":[{"href":"https:\/\/diariodominicano.com\/index.php?rest_route=\/wp\/v2\/posts\/122638","targetHints":{"allow":["GET"]}}],"collection":[{"href":"https:\/\/diariodominicano.com\/index.php?rest_route=\/wp\/v2\/posts"}],"about":[{"href":"https:\/\/diariodominicano.com\/index.php?rest_route=\/wp\/v2\/types\/post"}],"author":[{"embeddable":true,"href":"https:\/\/diariodominicano.com\/index.php?rest_route=\/wp\/v2\/users\/3"}],"replies":[{"embeddable":true,"href":"https:\/\/diariodominicano.com\/index.php?rest_route=%2Fwp%2Fv2%2Fcomments&post=122638"}],"version-history":[{"count":0,"href":"https:\/\/diariodominicano.com\/index.php?rest_route=\/wp\/v2\/posts\/122638\/revisions"}],"wp:attachment":[{"href":"https:\/\/diariodominicano.com\/index.php?rest_route=%2Fwp%2Fv2%2Fmedia&parent=122638"}],"wp:term":[{"taxonomy":"category","embeddable":true,"href":"https:\/\/diariodominicano.com\/index.php?rest_route=%2Fwp%2Fv2%2Fcategories&post=122638"},{"taxonomy":"post_tag","embeddable":true,"href":"https:\/\/diariodominicano.com\/index.php?rest_route=%2Fwp%2Fv2%2Ftags&post=122638"}],"curies":[{"name":"wp","href":"https:\/\/api.w.org\/{rel}","templated":true}]}}