{"id":122635,"date":"2007-10-19T14:31:07","date_gmt":"2007-10-19T14:31:07","guid":{"rendered":"http:\/\/diariodominicano.ddns.net\/?p=122635"},"modified":"2007-10-19T14:31:07","modified_gmt":"2007-10-19T14:31:07","slug":"presidente-fernandez-se-reune-con-directivos-asociacion-de-industrias","status":"publish","type":"post","link":"https:\/\/diariodominicano.com\/?p=122635","title":{"rendered":"Presidente Fern\u00e1ndez se re\u00fane con directivos Asociaci\u00f3n de Industrias"},"content":{"rendered":"<p><body><\/p>\n<p align=\"justify\" class=\"titulogrande1\">Presidente  Fern\u00e1ndez se re\u00fane con directivos Asociaci\u00f3n de Industrias<\/p>\n<p>&#13;<\/p>\n<p align=\"justify\" class=\"text1noticias\"><strong><img loading=\"lazy\" decoding=\"async\" src=\"http:\/\/localhost:8080\/economia\/pictures\/leonel industrias.jpg\" width=\"269\" height=\"543\" hspace=\"4\" align=\"left\" \/>SANTO DOMINGO.-<\/strong> El presidente  Leonel Fern\u00e1ndez se reuni\u00f3 este jueves con los directivos de la Asociaci\u00f3n de  Industriales de la   Rep\u00fablica Dominicana, con quienes evalu\u00f3 el proyecto de Ley  de Competitividad que cursa en el Congreso. <\/p>\n<p>&#13;<\/p>\n<p align=\"justify\" class=\"text1noticias\">Al t\u00e9rmino de la reuni\u00f3n, el  presidente de los industriales, Manuel Diez Cabral, calific\u00f3 de productivo el  encuentro, tras significar que el jefe de Estado est\u00e1 apoyando decididamente el  proyecto de Ley que conocen los legisladores.<\/p>\n<p>&#13;<\/p>\n<p align=\"justify\" class=\"text1noticias\">Manifest\u00f3 que \u201cfue un repaso  del estatus donde esta la Ley,  y realmente \u00e9l (presidente Fern\u00e1ndez) entiende perfectamente que es muy  importante ir adelante con esa Ley\u201d.<\/p>\n<p>&#13;<\/p>\n<p align=\"justify\" class=\"text1noticias\">En la reuni\u00f3n, que dur\u00f3 cerca  de dos horas, participaron adem\u00e1s Ligia Bonetti de Valiente, vicepresidente de  la asociaci\u00f3n; Circe Alm\u00e1nzar Melgen, vicepresidenta ejecutiva, Francisco  Garc\u00eda Crespo, vicepresidente y Campos de Moya, vicepresidente. <\/p>\n<p>&#13;<\/p>\n<p align=\"justify\" class=\"text1noticias\">Por el sector industrial  dominicano tambi\u00e9n se dieron cita a la reuni\u00f3n con el mandatario Richard  Ar\u00f3stegui, secretario; Julio Virgilio Brache, vicepresidente y Mauricio Hach\u00e9,  tambi\u00e9n vicepresidente.<\/p>\n<p>&#13;<\/p>\n<p align=\"justify\" class=\"text1noticias\">El presidente Leonel  Fern\u00e1ndez estuvo acompa\u00f1ado por el secretario Administrativo de la Presidencia, Luis  Manuel Bonetti.<\/p>\n<p>&#13;<\/p>\n<p align=\"justify\" class=\"text1noticias\">El proyecto de Ley de  Competitividad que se conoce en el Congreso es considerado como una importante  pieza para el desarrollo de la industria y del aparato productivo nacional.<\/p>\n<p>&#13;<\/p>\n<h6> 2007-10-19 14:31:07 <\/h6>\n<p><!--\n<link rel=\"stylesheet\" href=\"css\/bootstrap.min.css\">\n\n\n<ul class=\"pagination\">\n\t    \n\t\n\n<li >\n\t<a href='?page_no=28514'>Previous<\/a>\n\t<\/li>\n\n\n       \n    \n\n<li><a href='?page_no=1'>1<\/a><\/li>\n\n\n\n<li><a href='?page_no=2'>2<\/a><\/li>\n\n\n\n<li><a>...<\/a><\/li>\n\n\n\n<li><a href='?page_no=28513'>28513<\/a><\/li>\n\n\n\n<li><a href='?page_no=28514'>28514<\/a><\/li>\n\n\n\n<li class='active'><a>28515<\/a><\/li>\n\n\n\n<li><a href='?page_no=28516'>28516<\/a><\/li>\n\n\n\n<li><a href='?page_no=28517'>28517<\/a><\/li>\n\n\n\n<li><a>...<\/a><\/li>\n\n\n\n<li><a href='?page_no=30472'>30472<\/a><\/li>\n\n\n\n<li><a href='?page_no=30473'>30473<\/a><\/li>\n\n    \n\t\n\n<li >\n\t<a href='?page_no=28516'>Next<\/a>\n\t<\/li>\n\n\n    \n\n<li><a href='?page_no=30473'>Last &rsaquo;&rsaquo;<\/a><\/li>\n\n<\/ul>\n\n\n--><br \/>\n<\/body><\/p>\n","protected":false},"excerpt":{"rendered":"<p>Presidente Fern\u00e1ndez se re\u00fane con directivos Asociaci\u00f3n de Industrias &#13; SANTO DOMINGO.- El presidente Leonel Fern\u00e1ndez se reuni\u00f3 este jueves con los directivos de la Asociaci\u00f3n de Industriales de la Rep\u00fablica Dominicana, con quienes evalu\u00f3 el proyecto de Ley de Competitividad que cursa en el Congreso. &#13; Al t\u00e9rmino de la reuni\u00f3n, el presidente de [&hellip;]<\/p>\n","protected":false},"author":3,"featured_media":0,"comment_status":"open","ping_status":"open","sticky":false,"template":"","format":"standard","meta":{"footnotes":""},"categories":[18],"tags":[],"class_list":["post-122635","post","type-post","status-publish","format-standard","hentry","category-economia"],"_links":{"self":[{"href":"https:\/\/diariodominicano.com\/index.php?rest_route=\/wp\/v2\/posts\/122635","targetHints":{"allow":["GET"]}}],"collection":[{"href":"https:\/\/diariodominicano.com\/index.php?rest_route=\/wp\/v2\/posts"}],"about":[{"href":"https:\/\/diariodominicano.com\/index.php?rest_route=\/wp\/v2\/types\/post"}],"author":[{"embeddable":true,"href":"https:\/\/diariodominicano.com\/index.php?rest_route=\/wp\/v2\/users\/3"}],"replies":[{"embeddable":true,"href":"https:\/\/diariodominicano.com\/index.php?rest_route=%2Fwp%2Fv2%2Fcomments&post=122635"}],"version-history":[{"count":0,"href":"https:\/\/diariodominicano.com\/index.php?rest_route=\/wp\/v2\/posts\/122635\/revisions"}],"wp:attachment":[{"href":"https:\/\/diariodominicano.com\/index.php?rest_route=%2Fwp%2Fv2%2Fmedia&parent=122635"}],"wp:term":[{"taxonomy":"category","embeddable":true,"href":"https:\/\/diariodominicano.com\/index.php?rest_route=%2Fwp%2Fv2%2Fcategories&post=122635"},{"taxonomy":"post_tag","embeddable":true,"href":"https:\/\/diariodominicano.com\/index.php?rest_route=%2Fwp%2Fv2%2Ftags&post=122635"}],"curies":[{"name":"wp","href":"https:\/\/api.w.org\/{rel}","templated":true}]}}