{"id":122634,"date":"2007-10-19T16:42:09","date_gmt":"2007-10-19T16:42:09","guid":{"rendered":"http:\/\/diariodominicano.ddns.net\/?p=122634"},"modified":"2007-10-19T16:42:09","modified_gmt":"2007-10-19T16:42:09","slug":"superintendencia-de-bancos-inicia-actos-por-sexagesimo-aniversario","status":"publish","type":"post","link":"https:\/\/diariodominicano.com\/?p=122634","title":{"rendered":"Superintendencia de Bancos inicia actos por sexag\u00e9simo aniversario"},"content":{"rendered":"<p><body><\/p>\n<p align=\"justify\" class=\"titulogrande1\">Superintendencia  de Bancos inicia actos por sexag\u00e9simo aniversario<\/p>\n<p>&#13;<\/p>\n<p align=\"justify\" class=\"text1noticias\"><strong>Santo Domingo.- <\/strong>Con un Concierto de su  agrupaci\u00f3n coral, iniciar\u00e1 ma\u00f1ana la Superintendencia  de Bancos las actividades alusivas al Sexag\u00e9simo Aniversario de su creaci\u00f3n, en  momentos en que se encuentra inmersa en un proceso de desarrollo institucional  que comienza a mostrar sus frutos a la Rep\u00fablica Dominicana. <\/p>\n<p>&#13;<\/p>\n<p align=\"justify\" class=\"text1noticias\">El Coro Superbancos, colectivo art\u00edstico  integrado por empleados de la entidad, interpretar\u00e1 este viernes, canciones de  su repertorio y otras montadas en especial para la ocasi\u00f3n.<\/p>\n<p>&#13;<\/p>\n<p align=\"justify\" class=\"text1noticias\">Dentro del programa, que integrar\u00e1 a todo  el personal, el Superintendente de Bancos, Rafael Camilo, presidir\u00e1 el acto  inaugural del nuevo Sal\u00f3n de Conferencias, ubicado en el segundo piso de la  sede, el mi\u00e9rcoles 24 de octubre a las 5:00 PM, ocasi\u00f3n en la que ser\u00e1n  entregados los pins conmemorativos del 60 Aniversario a los directivos de la  instituci\u00f3n supervisora.<br \/>&#13;<br \/>\n  <br \/>&#13;<br \/>\n  En tanto que para el jueves 25 de octubre  a las 10:00 AM, Camilo tendr\u00e1 a su cargo la develizaci\u00f3n de una Tarja que  identificar\u00e1 la   Superintendencia de Bancos, mientras que el viernes 26, en la  explanada frontal, ser\u00e1n izadas la Bandera Nacional y la Institucional,  durante una ceremonia solemne a las ocho de la ma\u00f1ana.<\/p>\n<p>&#13;<\/p>\n<p align=\"justify\" class=\"text1noticias\">A partir de las 10:30 de la ma\u00f1ana del  mismo viernes, ser\u00e1 oficiada una Misa en Acci\u00f3n de Gracias por el 60  Aniversario de la   Superintendencia de Bancos, en la Parroquia San Juan  Bosco. Los actos conmemorativos culminar\u00e1n con un Almuerzo Bailable en el Sal\u00f3n  Las Carabelas, amenizado por las orquestas de Sergio Vargas y la Premium del Ejercito  Nacional, en el Sal\u00f3n Las Carabelas del Hotel\u00a0 Intercontinental V  Centenario.<\/p>\n<p>&#13;<\/p>\n<p align=\"justify\" class=\"text1noticias\">La\u00a0\u00a0 Superintendencia de Bancos  surge en 1947, ocasi\u00f3n en que se produce una verdadera transformaci\u00f3n del sistema  financiero, ya que conjuntamente fueron creados, adem\u00e1s, la unidad monetaria  dominicana, el peso; y el Banco Central.<\/p>\n<p>&#13;<\/p>\n<p align=\"justify\" class=\"text1noticias\">El 9 de octubre de ese a\u00f1o hab\u00eda entrado  en vigor la Ley N\u00famero  1530, que reg\u00eda a la   Superintendencia de Bancos, modificada y sustituida por la Ley General de Bancos  N\u00famero 708, del 14 de abril de 1965, donde se pone a cargo del Superintendente  de Bancos la administraci\u00f3n del r\u00e9gimen legal de bancos, bajo dependencia de la  otrora Secretar\u00eda de Estado de Finanzas, hoy de Hacienda.<\/p>\n<p>&#13;<\/p>\n<p align=\"justify\" class=\"text1noticias\">En la actualidad, la Superintendencia  de Bancos, es una instituci\u00f3n aut\u00f3noma, que se rige sobre la base de la Ley 183-02, al igual que los  dem\u00e1s componentes de la Administraci\u00f3n Monetaria y Financiera figura esta  que era inexistente antes de la formulaci\u00f3n de esta legislaci\u00f3n.<\/p>\n<p>&#13;<\/p>\n<p align=\"justify\" class=\"text1noticias\">La Ley Monetaria y Financiera constituye la transformaci\u00f3n m\u00e1s  significativa del sistema financiero nacional. En tanto que la Ley 708, aunque mantiene su  vigencia, ha sido modificada en algunos de sus aspectos para adecuarla a las  necesidades y requerimientos de estos tiempos.<\/p>\n<p>&#13;<\/p>\n<p align=\"justify\" class=\"text1noticias\">Existe consenso en torno a que en este  periodo la   Superintendencia de Bancos ha alcanzado un nuevo enfoque de  su rol en el sistema financiero y en la sociedad, lo que ha sido puntal en el  rescate de la credibilidad en una instituci\u00f3n que vio su prestigio cuestionado  a ra\u00edz de la pasada crisis bancaria.<\/p>\n<p>&#13;<\/p>\n<h6> 2007-10-19 16:42:09 <\/h6>\n<p><!--\n<link rel=\"stylesheet\" href=\"css\/bootstrap.min.css\">\n\n\n<ul class=\"pagination\">\n\t    \n\t\n\n<li >\n\t<a href='?page_no=28513'>Previous<\/a>\n\t<\/li>\n\n\n       \n    \n\n<li><a href='?page_no=1'>1<\/a><\/li>\n\n\n\n<li><a href='?page_no=2'>2<\/a><\/li>\n\n\n\n<li><a>...<\/a><\/li>\n\n\n\n<li><a href='?page_no=28512'>28512<\/a><\/li>\n\n\n\n<li><a href='?page_no=28513'>28513<\/a><\/li>\n\n\n\n<li class='active'><a>28514<\/a><\/li>\n\n\n\n<li><a href='?page_no=28515'>28515<\/a><\/li>\n\n\n\n<li><a href='?page_no=28516'>28516<\/a><\/li>\n\n\n\n<li><a>...<\/a><\/li>\n\n\n\n<li><a href='?page_no=30472'>30472<\/a><\/li>\n\n\n\n<li><a href='?page_no=30473'>30473<\/a><\/li>\n\n    \n\t\n\n<li >\n\t<a href='?page_no=28515'>Next<\/a>\n\t<\/li>\n\n\n    \n\n<li><a href='?page_no=30473'>Last &rsaquo;&rsaquo;<\/a><\/li>\n\n<\/ul>\n\n\n--><br \/>\n<\/body><\/p>\n","protected":false},"excerpt":{"rendered":"<p>Superintendencia de Bancos inicia actos por sexag\u00e9simo aniversario &#13; Santo Domingo.- Con un Concierto de su agrupaci\u00f3n coral, iniciar\u00e1 ma\u00f1ana la Superintendencia de Bancos las actividades alusivas al Sexag\u00e9simo Aniversario de su creaci\u00f3n, en momentos en que se encuentra inmersa en un proceso de desarrollo institucional que comienza a mostrar sus frutos a la Rep\u00fablica [&hellip;]<\/p>\n","protected":false},"author":3,"featured_media":0,"comment_status":"open","ping_status":"open","sticky":false,"template":"","format":"standard","meta":{"footnotes":""},"categories":[18],"tags":[],"class_list":["post-122634","post","type-post","status-publish","format-standard","hentry","category-economia"],"_links":{"self":[{"href":"https:\/\/diariodominicano.com\/index.php?rest_route=\/wp\/v2\/posts\/122634","targetHints":{"allow":["GET"]}}],"collection":[{"href":"https:\/\/diariodominicano.com\/index.php?rest_route=\/wp\/v2\/posts"}],"about":[{"href":"https:\/\/diariodominicano.com\/index.php?rest_route=\/wp\/v2\/types\/post"}],"author":[{"embeddable":true,"href":"https:\/\/diariodominicano.com\/index.php?rest_route=\/wp\/v2\/users\/3"}],"replies":[{"embeddable":true,"href":"https:\/\/diariodominicano.com\/index.php?rest_route=%2Fwp%2Fv2%2Fcomments&post=122634"}],"version-history":[{"count":0,"href":"https:\/\/diariodominicano.com\/index.php?rest_route=\/wp\/v2\/posts\/122634\/revisions"}],"wp:attachment":[{"href":"https:\/\/diariodominicano.com\/index.php?rest_route=%2Fwp%2Fv2%2Fmedia&parent=122634"}],"wp:term":[{"taxonomy":"category","embeddable":true,"href":"https:\/\/diariodominicano.com\/index.php?rest_route=%2Fwp%2Fv2%2Fcategories&post=122634"},{"taxonomy":"post_tag","embeddable":true,"href":"https:\/\/diariodominicano.com\/index.php?rest_route=%2Fwp%2Fv2%2Ftags&post=122634"}],"curies":[{"name":"wp","href":"https:\/\/api.w.org\/{rel}","templated":true}]}}